{"id":1064,"date":"2023-09-10T17:51:41","date_gmt":"2023-09-10T17:51:41","guid":{"rendered":"https:\/\/www.sorumatix.com\/blog\/?p=1064"},"modified":"2023-09-10T17:51:41","modified_gmt":"2023-09-10T17:51:41","slug":"bireysel-farkliliklara-neden-saygi-gostermeliyiz","status":"publish","type":"post","link":"https:\/\/www.sorumatix.com\/blog\/bireysel-farkliliklara-neden-saygi-gostermeliyiz.html","title":{"rendered":"Bireysel farkl\u0131l\u0131klara neden sayg\u0131 g\u00f6stermeliyiz?"},"content":{"rendered":"<p><center><iframe loading=\"lazy\" width=\"560\" height=\"315\" src=\"https:\/\/www.youtube.com\/embed\/m2rpsyJM9A8\" title=\"YouTube video player\" frameborder=\"0\" allow=\"accelerometer; autoplay; clipboard-write; encrypted-media; gyroscope; picture-in-picture; web-share\" allowfullscreen><\/iframe><\/center><html><head><\/head><body><center><img decoding=\"async\" src=\"https:\/\/www.sorumatix.com\/blog\/wp-content\/uploads\/2023\/08\/uploaded-image-1693237932068.jpg\" alt=\"1\"><\/center><\/p>\n<p>Bireysel Farkl\u0131l\u0131klara Neden Sayg\u0131 G\u00f6stermeliyiz?<\/p>\n<p>Her birimizin hayatta farkl\u0131 oldu\u011fumuz bir ger\u00e7ektir. Her birimizin farkl\u0131 ilgi alanlar\u0131, yetenekleri ve d\u00fc\u015f\u00fcnceleri vard\u0131r. \u0130\u015fte bu y\u00fczden bireysel farkl\u0131l\u0131klara sayg\u0131 duymak \u00e7ok \u00f6nemlidir. \u0130lkokul \u00e7a\u011f\u0131ndaki \u00e7ocuklar i\u00e7in de bu anlay\u0131\u015f\u0131 geli\u015ftirmek b\u00fcy\u00fck bir \u00f6neme sahiptir. Peki, neden bireysel farkl\u0131l\u0131klara sayg\u0131 g\u00f6stermeliyiz? \u0130\u015fte size baz\u0131 \u00f6nemli nedenler:<\/p>\n<p>1. Herkesin Kendine \u00d6zg\u00fc Yetenekleri Var:<\/p>\n<p>Her \u00e7ocu\u011fun kendine \u00f6zg\u00fc yetenekleri ve potansiyeli vard\u0131r. Kimi \u00e7ocuklar matematikte iyidir, kimi \u00e7ocuklar ise sanatsal faaliyetlerde parlar. Her bir \u00e7ocu\u011fun farkl\u0131 g\u00fc\u00e7l\u00fc y\u00f6nleri vard\u0131r ve bu y\u00f6nlerin ke\u015ffedilmesi, desteklenmesi ve takdir edilmesi \u00f6nemlidir. Bireysel farkl\u0131l\u0131klara sayg\u0131 g\u00f6stererek, her \u00e7ocu\u011fun kendi alan\u0131nda ba\u015far\u0131l\u0131 olabilece\u011fi ortamlar yaratabiliriz.<\/p>\n<p>2. D\u00fcnya G\u00f6r\u00fc\u015f\u00fc ve K\u00fclt\u00fcrel \u00c7e\u015fitlilik:<\/p>\n<p>Bireysel farkl\u0131l\u0131klar sadece yeteneklerle s\u0131n\u0131rl\u0131 de\u011fildir; ayn\u0131 zamanda k\u00fclt\u00fcrel ve sosyal farkl\u0131l\u0131klar\u0131 da i\u00e7erir. Her \u00e7ocuk, farkl\u0131 bir aile, farkl\u0131 bir k\u00fclt\u00fcr ve farkl\u0131 bir ya\u015fam deneyimine sahiptir. Bu \u00e7e\u015fitlilik, d\u00fcnya g\u00f6r\u00fc\u015f\u00fcm\u00fcz\u00fc zenginle\u015ftirir, yeni perspektifler sunar ve ho\u015fg\u00f6r\u00fcy\u00fc geli\u015ftirir. Bireysel farkl\u0131l\u0131klara sayg\u0131 g\u00f6stererek, \u00e7ocuklar aras\u0131nda empati kurmay\u0131, farkl\u0131l\u0131klar\u0131 anlamay\u0131 ve takdir etmeyi \u00f6\u011fretebiliriz.<\/p>\n<p>3. \u0130leti\u015fimi G\u00fc\u00e7lendirir:<\/p>\n<p>Bireysel farkl\u0131l\u0131klara sayg\u0131 g\u00f6stermek, ileti\u015fimi g\u00fc\u00e7lendirir. Farkl\u0131 d\u00fc\u015f\u00fcncelere, fikirlere ve bak\u0131\u015f a\u00e7\u0131lar\u0131na a\u00e7\u0131k olmak, \u00e7ocuklar\u0131n kendilerini ifade etmelerini sa\u011flar. Her bir \u00e7ocu\u011fun duygular\u0131n\u0131, d\u00fc\u015f\u00fcncelerini ve ihtiya\u00e7lar\u0131n\u0131 \u00f6nemseyerek, g\u00fcvenli bir ortam olu\u015fturabiliriz. Bu da \u00e7ocuklar\u0131n \u00f6zg\u00fcvenlerini art\u0131r\u0131r ve ileti\u015fim becerilerini geli\u015ftirmelerine yard\u0131mc\u0131 olur.<\/p>\n<p>4. \u00d6nyarg\u0131lar\u0131 Azalt\u0131r:<\/p>\n<p>Bireysel farkl\u0131l\u0131klara sayg\u0131 g\u00f6stermek, \u00f6nyarg\u0131lar\u0131 azalt\u0131r. \u00d6n yarg\u0131lar, genellikle bilgisizlikten veya yanl\u0131\u015f inan\u00e7lardan kaynaklan\u0131r. Farkl\u0131l\u0131klara sayg\u0131 g\u00f6stererek, \u00e7ocuklara farkl\u0131 insanlar\u0131 tan\u0131malar\u0131 ve anlamalar\u0131 i\u00e7in f\u0131rsat veririz. Bu da \u00f6nyarg\u0131lar\u0131n yerine ho\u015fg\u00f6r\u00fc ve kabul\u00fcn ge\u00e7mesini sa\u011flar.<\/p>\n<p>Sonu\u00e7 olarak, bireysel farkl\u0131l\u0131klara sayg\u0131 g\u00f6stermek hayatta \u00f6nemli bir de\u011ferdir. Her bir \u00e7ocu\u011fun kendine \u00f6zg\u00fc yetenekleri ve d\u00fc\u015f\u00fcnceleri vard\u0131r. Bireysel farkl\u0131l\u0131klar\u0131 takdir ederek, \u00e7ocuklar\u0131n kendilerini ifade etmelerini sa\u011flayabilir, ileti\u015fimlerini g\u00fc\u00e7lendirebilir ve empati becerilerini geli\u015ftirebiliriz. Ayn\u0131 zamanda farkl\u0131 k\u00fclt\u00fcrleri ve d\u00fcnya g\u00f6r\u00fc\u015flerini anlamay\u0131 \u00f6\u011frenerek, ho\u015fg\u00f6r\u00fcl\u00fc bireyler yeti\u015ftirebilir<\/p>\n<p><\/body><\/html><\/p>\n","protected":false},"excerpt":{"rendered":"<p>Bireysel Farkl\u0131l\u0131klara Neden Sayg\u0131 G\u00f6stermeliyiz? Her birimizin hayatta farkl\u0131 oldu\u011fumuz bir ger\u00e7ektir. Her birimizin farkl\u0131 ilgi alanlar\u0131, yetenekleri ve d\u00fc\u015f\u00fcnceleri<\/p>\n","protected":false},"author":1,"featured_media":1062,"comment_status":"open","ping_status":"open","sticky":false,"template":"","format":"standard","meta":{"colormag_page_container_layout":"default_layout","colormag_page_sidebar_layout":"default_layout","footnotes":""},"categories":[15],"tags":[],"class_list":["post-1064","post","type-post","status-publish","format-standard","has-post-thumbnail","hentry","category-sosyal-bilimler-dersleri"],"_links":{"self":[{"href":"https:\/\/www.sorumatix.com\/blog\/wp-json\/wp\/v2\/posts\/1064","targetHints":{"allow":["GET"]}}],"collection":[{"href":"https:\/\/www.sorumatix.com\/blog\/wp-json\/wp\/v2\/posts"}],"about":[{"href":"https:\/\/www.sorumatix.com\/blog\/wp-json\/wp\/v2\/types\/post"}],"author":[{"embeddable":true,"href":"https:\/\/www.sorumatix.com\/blog\/wp-json\/wp\/v2\/users\/1"}],"replies":[{"embeddable":true,"href":"https:\/\/www.sorumatix.com\/blog\/wp-json\/wp\/v2\/comments?post=1064"}],"version-history":[{"count":0,"href":"https:\/\/www.sorumatix.com\/blog\/wp-json\/wp\/v2\/posts\/1064\/revisions"}],"wp:featuredmedia":[{"embeddable":true,"href":"https:\/\/www.sorumatix.com\/blog\/wp-json\/wp\/v2\/media\/1062"}],"wp:attachment":[{"href":"https:\/\/www.sorumatix.com\/blog\/wp-json\/wp\/v2\/media?parent=1064"}],"wp:term":[{"taxonomy":"category","embeddable":true,"href":"https:\/\/www.sorumatix.com\/blog\/wp-json\/wp\/v2\/categories?post=1064"},{"taxonomy":"post_tag","embeddable":true,"href":"https:\/\/www.sorumatix.com\/blog\/wp-json\/wp\/v2\/tags?post=1064"}],"curies":[{"name":"wp","href":"https:\/\/api.w.org\/{rel}","templated":true}]}}