{"id":1066,"date":"2023-09-15T01:51:41","date_gmt":"2023-09-15T01:51:41","guid":{"rendered":"https:\/\/www.sorumatix.com\/blog\/?p=1066"},"modified":"2023-09-15T01:51:41","modified_gmt":"2023-09-15T01:51:41","slug":"turk-bayraginin-ve-istiklal-marsinin-vatan-ve-millet-icin-onemi-nedir","status":"publish","type":"post","link":"https:\/\/www.sorumatix.com\/blog\/turk-bayraginin-ve-istiklal-marsinin-vatan-ve-millet-icin-onemi-nedir.html","title":{"rendered":"T\u00fcrk bayra\u011f\u0131n\u0131n ve \u0130stikl\u00e2l Mar\u015f\u0131\u2019n\u0131n vatan ve millet i\u00e7in \u00f6nemi nedir?"},"content":{"rendered":"<p><center><iframe loading=\"lazy\" width=\"560\" height=\"315\" src=\"https:\/\/www.youtube.com\/embed\/YxeoHjCLUrk\" title=\"YouTube video player\" frameborder=\"0\" allow=\"accelerometer; autoplay; clipboard-write; encrypted-media; gyroscope; picture-in-picture; web-share\" allowfullscreen><\/iframe><\/center><html><head><\/head><body><\/p>\n<p>T\u00fcrk Bayra\u011f\u0131 ve \u0130stikl\u00e2l Mar\u015f\u0131: Vatan ve Milletin Kalbindeki De\u011ferler<\/p>\n<p>Merhaba \u00e7ocuklar! Bug\u00fcn sizlere T\u00fcrk bayra\u011f\u0131n\u0131n ve \u0130stikl\u00e2l Mar\u015f\u0131&#8217;n\u0131n vatan ve millet i\u00e7in ne kadar \u00f6nemli oldu\u011funu anlataca\u011f\u0131m. Haz\u0131rsan\u0131z ba\u015flayal\u0131m!<\/p>\n<p>1. T\u00fcrk Bayra\u011f\u0131&#8217;n\u0131n \u00d6nemi:<\/p>\n<p>T\u00fcrk bayra\u011f\u0131, milletimizin en kutsal sembollerinden biridir. Bayra\u011f\u0131m\u0131zdaki k\u0131rm\u0131z\u0131 renk, atalar\u0131m\u0131z\u0131n g\u00f6sterdi\u011fi cesaret ve fedakarl\u0131\u011f\u0131 temsil eder. Beyaz renk ise bar\u0131\u015f, temizlik ve safl\u0131\u011f\u0131 simgeler. Ay ve y\u0131ld\u0131z desenleri ise tarihimize ve k\u00f6klerimize olan ba\u011fl\u0131l\u0131\u011f\u0131m\u0131z\u0131 ifade eder. T\u00fcrk bayra\u011f\u0131, \u00fclkemizin ba\u011f\u0131ms\u0131zl\u0131\u011f\u0131n\u0131 ve birli\u011fini temsil eder.<\/p>\n<p><center><img decoding=\"async\" src=\"https:\/\/www.sorumatix.com\/blog\/wp-content\/uploads\/2023\/08\/uploaded-image-1693237932289.jpg\" alt=\"1\"><\/center><\/p>\n<p>2. Bayra\u011f\u0131m\u0131z\u0131n Anlam\u0131:<\/p>\n<p>Bayra\u011f\u0131m\u0131zdaki k\u0131rm\u0131z\u0131 renk, vatan\u0131m\u0131z i\u00e7in d\u00f6k\u00fclen \u015fehitlerimizin kan\u0131n\u0131 simgeler. Beyaz renk ise gelece\u011fe umutla bakmam\u0131z\u0131 sa\u011flar. Ay ve y\u0131ld\u0131z desenleri ise T\u00fcrkl\u00fc\u011f\u00fcm\u00fcz\u00fc ve T\u00fcrkiye Cumhuriyeti&#8217;ni simgeler. Bayra\u011f\u0131m\u0131z\u0131n dalgalanmas\u0131yla birlikte, vatan\u0131m\u0131zdaki her bireyin ortak de\u011ferlerine olan sayg\u0131 ve sevgi de co\u015fkuyla y\u00fckselir.<\/p>\n<p>3. \u0130stikl\u00e2l Mar\u015f\u0131&#8217;n\u0131n \u00d6nemi:<\/p>\n<p>\u0130stikl\u00e2l Mar\u015f\u0131, milletimizin ba\u011f\u0131ms\u0131zl\u0131k m\u00fccadelesini anlatan ve T\u00fcrk ulusunun ruhunu yans\u0131tan bir \u015fiirdir. Mehmet Akif Ersoy taraf\u0131ndan yaz\u0131lan bu mar\u015f, T\u00fcrkiye Cumhuriyeti&#8217;nin milli mar\u015f\u0131d\u0131r. \u0130stikl\u00e2l Mar\u015f\u0131&#8217;nda vatan sevgisi, istiklal a\u015fk\u0131 ve ba\u011f\u0131ms\u0131zl\u0131k tutkusu dile getirilir. Bu mar\u015f sayesinde gen\u00e7lerimize vatan sevgisi a\u015f\u0131lan\u0131r ve milli bilincimiz g\u00fc\u00e7lenir.<\/p>\n<p>4. \u0130stikl\u00e2l Mar\u015f\u0131&#8217;n\u0131n Anlam\u0131:<\/p>\n<p>\u0130stikl\u00e2l Mar\u015f\u0131, Kurtulu\u015f Sava\u015f\u0131 d\u00f6neminde yaz\u0131lm\u0131\u015ft\u0131r. \u015eair Mehmet Akif Ersoy, milletimizin kahramanl\u0131k destan\u0131n\u0131 ve milli uyan\u0131\u015f\u0131m\u0131z\u0131 b\u00fcy\u00fck bir duyarl\u0131kla ifade etmi\u015ftir. Mar\u015f\u0131m\u0131zda Korkma! diyerek cesaret ve umut dolu bir mesaj verilir. Milletimiz, zorlu s\u00fcre\u00e7lerde bile birlik ve beraberlik i\u00e7inde hareket ederek ba\u011f\u0131ms\u0131zl\u0131\u011f\u0131n\u0131 kazanm\u0131\u015ft\u0131r. \u0130stikl\u00e2l Mar\u015f\u0131, bu azim ve kararl\u0131l\u0131kla yaz\u0131lm\u0131\u015f bir destand\u0131r.<\/p>\n<p>Sonu\u00e7 olarak, T\u00fcrk bayra\u011f\u0131 ve \u0130stikl\u00e2l Mar\u015f\u0131, vatan ve milletin kalbindeki de\u011ferleri temsil eder. Bayra\u011f\u0131m\u0131z, birli\u011fimizi ve ba\u011f\u0131ms\u0131zl\u0131\u011f\u0131m\u0131z\u0131 simgelerken, \u0130stikl\u00e2l Mar\u015f\u0131 ise milli bilincimizi g\u00fc\u00e7lendirir ve gen\u00e7 nesillere vatan sevgisini a\u015f\u0131lar. Unutmayal\u0131m ki, bayra\u011f\u0131m\u0131z\u0131n dalgalanmas\u0131yla birlikte g\u00f6\u011fs\u00fcm\u00fczdeki gurur da y\u00fckselir.<\/p>\n<p>Sevgili \u00e7ocuklar, T\u00fcrk bayra\u011f\u0131 ve \u0130stikl\u00e2l Mar\u015f\u0131&#8217;n\u0131n \u00f6nemi b\u00fcy\u00fckt\u00fcr. Onlar\u0131 her zaman g\u00f6n\u00fclden sevelim ve sayg\u0131 g\u00f6sterelim. Vatan\u0131m\u0131za, milletimize ve bayra\u011f\u0131m\u0131za olan sevgimiz hi\u00e7 solmas\u0131n!<\/p>\n<p><\/body><\/html><\/p>\n","protected":false},"excerpt":{"rendered":"<p>T\u00fcrk Bayra\u011f\u0131 ve \u0130stikl\u00e2l Mar\u015f\u0131: Vatan ve Milletin Kalbindeki De\u011ferler Merhaba \u00e7ocuklar! Bug\u00fcn sizlere T\u00fcrk bayra\u011f\u0131n\u0131n ve \u0130stikl\u00e2l Mar\u015f\u0131&#8217;n\u0131n vatan<\/p>\n","protected":false},"author":1,"featured_media":1065,"comment_status":"open","ping_status":"open","sticky":false,"template":"","format":"standard","meta":{"colormag_page_container_layout":"default_layout","colormag_page_sidebar_layout":"default_layout","footnotes":""},"categories":[15],"tags":[],"class_list":["post-1066","post","type-post","status-publish","format-standard","has-post-thumbnail","hentry","category-sosyal-bilimler-dersleri"],"_links":{"self":[{"href":"https:\/\/www.sorumatix.com\/blog\/wp-json\/wp\/v2\/posts\/1066","targetHints":{"allow":["GET"]}}],"collection":[{"href":"https:\/\/www.sorumatix.com\/blog\/wp-json\/wp\/v2\/posts"}],"about":[{"href":"https:\/\/www.sorumatix.com\/blog\/wp-json\/wp\/v2\/types\/post"}],"author":[{"embeddable":true,"href":"https:\/\/www.sorumatix.com\/blog\/wp-json\/wp\/v2\/users\/1"}],"replies":[{"embeddable":true,"href":"https:\/\/www.sorumatix.com\/blog\/wp-json\/wp\/v2\/comments?post=1066"}],"version-history":[{"count":0,"href":"https:\/\/www.sorumatix.com\/blog\/wp-json\/wp\/v2\/posts\/1066\/revisions"}],"wp:featuredmedia":[{"embeddable":true,"href":"https:\/\/www.sorumatix.com\/blog\/wp-json\/wp\/v2\/media\/1065"}],"wp:attachment":[{"href":"https:\/\/www.sorumatix.com\/blog\/wp-json\/wp\/v2\/media?parent=1066"}],"wp:term":[{"taxonomy":"category","embeddable":true,"href":"https:\/\/www.sorumatix.com\/blog\/wp-json\/wp\/v2\/categories?post=1066"},{"taxonomy":"post_tag","embeddable":true,"href":"https:\/\/www.sorumatix.com\/blog\/wp-json\/wp\/v2\/tags?post=1066"}],"curies":[{"name":"wp","href":"https:\/\/api.w.org\/{rel}","templated":true}]}}