{"id":1082,"date":"2023-09-07T06:39:41","date_gmt":"2023-09-07T06:39:41","guid":{"rendered":"https:\/\/www.sorumatix.com\/blog\/?p=1082"},"modified":"2023-09-07T06:39:41","modified_gmt":"2023-09-07T06:39:41","slug":"ulkemizdeki-milli-gun-bayram-toren-ve-kutlamalari-nelerdir","status":"publish","type":"post","link":"https:\/\/www.sorumatix.com\/blog\/ulkemizdeki-milli-gun-bayram-toren-ve-kutlamalari-nelerdir.html","title":{"rendered":"\u00dclkemizdeki Mill\u00ee g\u00fcn, bayram, t\u00f6ren ve kutlamalar\u0131 nelerdir?"},"content":{"rendered":"<p><center><iframe loading=\"lazy\" width=\"560\" height=\"315\" src=\"https:\/\/www.youtube.com\/embed\/-nATdk8Sg34\" title=\"YouTube video player\" frameborder=\"0\" allow=\"accelerometer; autoplay; clipboard-write; encrypted-media; gyroscope; picture-in-picture; web-share\" allowfullscreen><\/iframe><\/center><html><head><\/head><body><\/p>\n<p>\u00dclkemizdeki Mill\u00ee g\u00fcnler, bayramlar, t\u00f6renler ve kutlamalar, T\u00fcrk k\u00fclt\u00fcr\u00fcn\u00fcn zenginli\u011fini yans\u0131tan \u00f6nemli etkinliklerdir. Bu \u00f6zel g\u00fcnlerde bir araya gelerek milli birlik ve beraberli\u011fimizi kutlar\u0131z. \u0130\u015fte \u00fclkemizdeki baz\u0131 mill\u00ee g\u00fcnler, bayramlar, t\u00f6renler ve kutlamalar:<\/p>\n<p>1. 23 Nisan Ulusal Egemenlik ve \u00c7ocuk Bayram\u0131: Her y\u0131l 23 Nisan&#8217;da kutlan\u0131r. T\u00fcrkiye B\u00fcy\u00fck Millet Meclisi&#8217;nin a\u00e7\u0131l\u0131\u015f\u0131n\u0131n ve \u00e7ocuklara arma\u011fan edilen d\u00fcnyan\u0131n ilk \u00e7ocuk bayram\u0131n\u0131n an\u0131s\u0131na d\u00fczenlenir. Bu bayramda \u00e7ocuklar, okullarda ve \u015fehirlerde \u00e7e\u015fitli etkinlikler, g\u00f6steriler ve yar\u0131\u015fmalar yaparlar. Parklarda, meydanlarda ve sokaklarda co\u015fkuyla kutlamalar ger\u00e7ekle\u015ftirilir.<\/p>\n<p>2. 19 May\u0131s Atat\u00fcrk&#8217;\u00fc Anma, Gen\u00e7lik ve Spor Bayram\u0131: Her y\u0131l 19 May\u0131s&#8217;ta kutlan\u0131r. Mustafa Kemal Atat\u00fcrk&#8217;\u00fcn Samsun&#8217;a \u00e7\u0131karak Kurtulu\u015f Sava\u015f\u0131&#8217;n\u0131n ba\u015flang\u0131c\u0131n\u0131 ilan etti\u011fi tarihin an\u0131s\u0131na d\u00fczenlenir. Bu bayramda gen\u00e7ler, okullarda, spor salonlar\u0131nda ve stadyumlarda \u00e7e\u015fitli etkinliklere kat\u0131l\u0131rlar. Atat\u00fcrk&#8217;\u00fc anma t\u00f6renleri d\u00fczenlenir ve gen\u00e7lik festivalleri ger\u00e7ekle\u015ftirilir.<\/p>\n<p>3. 29 Ekim Cumhuriyet Bayram\u0131: Her y\u0131l 29 Ekim&#8217;de kutlan\u0131r. T\u00fcrkiye Cumhuriyeti&#8217;nin ilan edildi\u011fi tarihin an\u0131s\u0131na d\u00fczenlenir. Bu bayramda \u00e7e\u015fitli t\u00f6renler, resmi ge\u00e7itler ve havai fi\u015fek g\u00f6sterileri yap\u0131l\u0131r. Okullarda ve \u015fehirlerde \u00e7e\u015fitli etkinlikler d\u00fczenlenir. Halk da bu \u00f6zel g\u00fcn\u00fc co\u015fkuyla kutlar.<\/p>\n<p>4. Ramazan Bayram\u0131: \u0130slam dinine mensup olanlar i\u00e7in \u00f6nemli bir bayramd\u0131r. Ramazan ay\u0131n\u0131n bitimini m\u00fcjdeleyen bu bayramda, yak\u0131nlar\u0131m\u0131z\u0131 ziyaret eder, sevdiklerimize hediye al\u0131r ve bayramla\u015f\u0131r\u0131z. \u00d6zellikle \u00e7ocuklar, aile b\u00fcy\u00fcklerinden bayram har\u00e7l\u0131\u011f\u0131 al\u0131r ve sevin\u00e7le kutlamalar yapar. Bayram namaz\u0131 k\u0131l\u0131n\u0131r ve ard\u0131ndan evlerde aile bireyleri bir araya gelerek bayram sofras\u0131nda birlikte yemek yerler.<\/p>\n<p>5. Kurban Bayram\u0131: \u0130slam dinindeki en \u00f6nemli bayramlardan biridir. Her y\u0131l Zilhicce ay\u0131n\u0131n 10. g\u00fcn\u00fcnde ba\u015flar ve 4 g\u00fcn s\u00fcrer. Kurban Bayram\u0131&#8217;nda, hayvan kesimi yap\u0131larak Allah&#8217;a kurban adan\u0131r. Kesilen etler, ihtiya\u00e7 sahipleriyle payla\u015f\u0131l\u0131r. Aileler, yak\u0131nlar\u0131n\u0131 ziyaret eder ve bayramla\u015f\u0131r. Bu bayramda ayr\u0131ca \u00e7e\u015fitli etkinlikler, festival ve g\u00f6steriler d\u00fczenlenir.<\/p>\n<p><center><img decoding=\"async\" src=\"https:\/\/www.sorumatix.com\/blog\/wp-content\/uploads\/2023\/08\/uploaded-image-1693237933550.jpg\" alt=\"1\"><\/center><\/p>\n<p>6. Ulusal Bayramlar: T\u00fcrkiye&#8217;nin ba\u011f\u0131ms\u0131zl\u0131k m\u00fccadelesinde \u00f6nemli d\u00f6n\u00fcm noktalar\u0131n\u0131n an\u0131ld\u0131\u011f\u0131 ulusal bayramlar da vard\u0131r. Bunlardan baz\u0131lar\u0131 18 Mart \u00c7anakkale Zaferi&#8217;nin an\u0131ld\u0131\u011f\u0131 \u00c7anakkale Zaferi ve \u015eehitleri Anma G\u00fcn\u00fc, 30 A\u011fustos Zafer Bayram\u0131, 15 Temmuz Demokrasi ve Mill\u00ee Birlik G\u00fcn\u00fc&#8217;d\u00fcr. Bu g\u00fcnlerde \u015fehitlerimiz an\u0131l\u0131r, kahramanl\u0131klar\u0131m\u0131z hat\u0131rlan\u0131r ve millet olarak birlik ve beraberli\u011fimizi peki\u015ftiririz.<\/p>\n<p>\u00dclkemizdeki mill\u00ee g\u00fcnler, bayramlar, t\u00f6renler ve<\/p>\n<p><\/body><\/html><\/p>\n","protected":false},"excerpt":{"rendered":"<p>\u00dclkemizdeki Mill\u00ee g\u00fcnler, bayramlar, t\u00f6renler ve kutlamalar, T\u00fcrk k\u00fclt\u00fcr\u00fcn\u00fcn zenginli\u011fini yans\u0131tan \u00f6nemli etkinliklerdir. Bu \u00f6zel g\u00fcnlerde bir araya gelerek milli<\/p>\n","protected":false},"author":1,"featured_media":1078,"comment_status":"open","ping_status":"open","sticky":false,"template":"","format":"standard","meta":{"colormag_page_container_layout":"default_layout","colormag_page_sidebar_layout":"default_layout","footnotes":""},"categories":[15],"tags":[],"class_list":["post-1082","post","type-post","status-publish","format-standard","has-post-thumbnail","hentry","category-sosyal-bilimler-dersleri"],"_links":{"self":[{"href":"https:\/\/www.sorumatix.com\/blog\/wp-json\/wp\/v2\/posts\/1082","targetHints":{"allow":["GET"]}}],"collection":[{"href":"https:\/\/www.sorumatix.com\/blog\/wp-json\/wp\/v2\/posts"}],"about":[{"href":"https:\/\/www.sorumatix.com\/blog\/wp-json\/wp\/v2\/types\/post"}],"author":[{"embeddable":true,"href":"https:\/\/www.sorumatix.com\/blog\/wp-json\/wp\/v2\/users\/1"}],"replies":[{"embeddable":true,"href":"https:\/\/www.sorumatix.com\/blog\/wp-json\/wp\/v2\/comments?post=1082"}],"version-history":[{"count":0,"href":"https:\/\/www.sorumatix.com\/blog\/wp-json\/wp\/v2\/posts\/1082\/revisions"}],"wp:featuredmedia":[{"embeddable":true,"href":"https:\/\/www.sorumatix.com\/blog\/wp-json\/wp\/v2\/media\/1078"}],"wp:attachment":[{"href":"https:\/\/www.sorumatix.com\/blog\/wp-json\/wp\/v2\/media?parent=1082"}],"wp:term":[{"taxonomy":"category","embeddable":true,"href":"https:\/\/www.sorumatix.com\/blog\/wp-json\/wp\/v2\/categories?post=1082"},{"taxonomy":"post_tag","embeddable":true,"href":"https:\/\/www.sorumatix.com\/blog\/wp-json\/wp\/v2\/tags?post=1082"}],"curies":[{"name":"wp","href":"https:\/\/api.w.org\/{rel}","templated":true}]}}