{"id":1384,"date":"2023-09-02T07:59:53","date_gmt":"2023-09-02T07:59:53","guid":{"rendered":"https:\/\/www.sorumatix.com\/blog\/?p=1384"},"modified":"2023-09-02T07:59:53","modified_gmt":"2023-09-02T07:59:53","slug":"mustafa-kemalin-kisilik-gelisimi-ve-yetismesinde-rol-oynayan-sahsiyetler","status":"publish","type":"post","link":"https:\/\/www.sorumatix.com\/blog\/mustafa-kemalin-kisilik-gelisimi-ve-yetismesinde-rol-oynayan-sahsiyetler.html","title":{"rendered":"Mustafa Kemal\u2019in ki\u015filik geli\u015fimi ve yeti\u015fmesinde rol oynayan \u015fahsiyetler"},"content":{"rendered":"<p><center><iframe loading=\"lazy\" width=\"560\" height=\"315\" src=\"https:\/\/www.youtube.com\/embed\/kSy3GlFa-6w\" title=\"YouTube video player\" frameborder=\"0\" allow=\"accelerometer; autoplay; clipboard-write; encrypted-media; gyroscope; picture-in-picture; web-share\" allowfullscreen><\/iframe><\/center><html><head><\/head><body><\/p>\n<p>Mustafa Kemal&#8217;in Ki\u015filik Geli\u015fiminde Etkili Olan \u015eahsiyetler<\/p>\n<p>Mustafa Kemal Atat\u00fcrk, T\u00fcrkiye&#8217;nin kurucusu ve \u00f6nderidir. Onun hayat\u0131, ba\u015far\u0131lar\u0131 ve liderlik yetenekleriyle doludur. Ancak, onun ki\u015filik geli\u015fimi ve yeti\u015fmesinde etkili olan bir\u00e7ok \u00f6nemli \u015fahsiyet bulunmaktad\u0131r. \u0130\u015fte Mustafa Kemal&#8217;in ki\u015fili\u011fini \u015fekillendiren bu \u00f6nemli insanlar:<\/p>\n<p><center><img decoding=\"async\" src=\"https:\/\/www.sorumatix.com\/blog\/wp-content\/uploads\/2023\/08\/uploaded-image-1693289303194.jpg\" alt=\"1\"><\/center><\/p>\n<p>1. Babas\u0131 Ali R\u0131za Efendi: Mustafa Kemal&#8217;in babas\u0131, ona erdemli bir karakter ve \u00e7al\u0131\u015fma disiplini a\u015f\u0131lamada b\u00fcy\u00fck rol oynam\u0131\u015ft\u0131r. Babas\u0131n\u0131n \u00f6rnek al\u0131nacak davran\u0131\u015flar\u0131 ve de\u011ferleri, Mustafa Kemal&#8217;in gelecekteki liderlik yolculu\u011funda temel ta\u015flar\u0131 olmu\u015ftur.<\/p>\n<p>2. Annesi Z\u00fcbeyde Han\u0131m: Mustafa Kemal&#8217;in annesi, onun ilk e\u011fitimini veren ve sa\u011flam bir ahlaki temel olu\u015fturan ki\u015fidir. Z\u00fcbeyde Han\u0131m&#8217;\u0131n sevgi dolu yakla\u015f\u0131m\u0131 ve adalet anlay\u0131\u015f\u0131, Mustafa Kemal&#8217;in toplum i\u00e7in duydu\u011fu sorumlulu\u011fun temellerini atm\u0131\u015ft\u0131r.<\/p>\n<p>3. \u00d6\u011fretmenleri: Mustafa Kemal&#8217;in \u00e7ocuklu\u011fundan itibaren kar\u015f\u0131la\u015ft\u0131\u011f\u0131 \u00f6\u011fretmenler, onun bilgi a\u00e7l\u0131\u011f\u0131n\u0131 beslemi\u015f ve zihinsel geli\u015fimine katk\u0131da bulunmu\u015ftur. \u00d6\u011fretmenlerinin cesaretlendirici s\u00f6zleri ve \u00f6\u011frenmeye olan te\u015fvikleri, Mustafa Kemal&#8217;in ilerideki liderlik yeteneklerinin temelini olu\u015fturmu\u015ftur.<\/p>\n<p>4. Askerlik Kariyeri: Mustafa Kemal, askeri e\u011fitiminin bir par\u00e7as\u0131 olarak \u00e7e\u015fitli liderlik rolleri \u00fcstlenmi\u015ftir. Bu deneyimler, onun liderlik becerilerini geli\u015ftirmesine ve sorumluluk duygusunu peki\u015ftirmesine yard\u0131mc\u0131 olmu\u015ftur. Askeri e\u011fitim, Mustafa Kemal&#8217;in disiplinli ve organize bir lider olmas\u0131n\u0131n temelini atm\u0131\u015ft\u0131r.<\/p>\n<p><center><img decoding=\"async\" src=\"https:\/\/www.sorumatix.com\/blog\/wp-content\/uploads\/2023\/08\/uploaded-image-1693289303458.jpg\" alt=\"2\"><\/center><\/p>\n<p>5. \u0130dealist Gen\u00e7lik: Mustafa Kemal&#8217;in gen\u00e7lik y\u0131llar\u0131nda yer ald\u0131\u011f\u0131 \u0130ttihat ve Terakki Cemiyeti gibi \u00f6rg\u00fctler, onun siyasi bilincini art\u0131rm\u0131\u015f ve milli ba\u011f\u0131ms\u0131zl\u0131k ideallerini g\u00fc\u00e7lendirmi\u015ftir. Bu t\u00fcr \u00f6rg\u00fctlerdeki arkada\u015flar\u0131yla olan etkile\u015fimleri, ona farkl\u0131 bak\u0131\u015f a\u00e7\u0131lar\u0131 kazand\u0131rm\u0131\u015f ve toplum i\u00e7in m\u00fccadele etme arzusunu alevlendirmi\u015ftir.<\/p>\n<p>Sonu\u00e7 olarak, Mustafa Kemal&#8217;in ki\u015filik geli\u015fimi ve yeti\u015fmesinde rol oynayan bir\u00e7ok \u00f6nemli \u015fahsiyet bulunmaktad\u0131r. Babas\u0131 Ali R\u0131za Efendi, annesi Z\u00fcbeyde Han\u0131m, \u00f6\u011fretmenleri, askeri kariyeri ve idealist gen\u00e7lik y\u0131llar\u0131, onun karakterinin ve liderlik yeteneklerinin temelini olu\u015fturmu\u015ftur. Mustafa Kemal Atat\u00fcrk, bu etkili \u015fahsiyetlerin birle\u015fimiyle T\u00fcrkiye&#8217;yi ba\u011f\u0131ms\u0131zl\u0131k ve ilerleme yolunda y\u00f6nlendiren b\u00fcy\u00fck bir lider haline gelmi\u015ftir.<\/p>\n<p><\/body><\/html><\/p>\n","protected":false},"excerpt":{"rendered":"<p>Mustafa Kemal&#8217;in Ki\u015filik Geli\u015fiminde Etkili Olan \u015eahsiyetler Mustafa Kemal Atat\u00fcrk, T\u00fcrkiye&#8217;nin kurucusu ve \u00f6nderidir. Onun hayat\u0131, ba\u015far\u0131lar\u0131 ve liderlik yetenekleriyle<\/p>\n","protected":false},"author":1,"featured_media":1381,"comment_status":"open","ping_status":"open","sticky":false,"template":"","format":"standard","meta":{"colormag_page_container_layout":"default_layout","colormag_page_sidebar_layout":"default_layout","footnotes":""},"categories":[16],"tags":[],"class_list":["post-1384","post","type-post","status-publish","format-standard","has-post-thumbnail","hentry","category-tarih-konulari"],"_links":{"self":[{"href":"https:\/\/www.sorumatix.com\/blog\/wp-json\/wp\/v2\/posts\/1384","targetHints":{"allow":["GET"]}}],"collection":[{"href":"https:\/\/www.sorumatix.com\/blog\/wp-json\/wp\/v2\/posts"}],"about":[{"href":"https:\/\/www.sorumatix.com\/blog\/wp-json\/wp\/v2\/types\/post"}],"author":[{"embeddable":true,"href":"https:\/\/www.sorumatix.com\/blog\/wp-json\/wp\/v2\/users\/1"}],"replies":[{"embeddable":true,"href":"https:\/\/www.sorumatix.com\/blog\/wp-json\/wp\/v2\/comments?post=1384"}],"version-history":[{"count":0,"href":"https:\/\/www.sorumatix.com\/blog\/wp-json\/wp\/v2\/posts\/1384\/revisions"}],"wp:featuredmedia":[{"embeddable":true,"href":"https:\/\/www.sorumatix.com\/blog\/wp-json\/wp\/v2\/media\/1381"}],"wp:attachment":[{"href":"https:\/\/www.sorumatix.com\/blog\/wp-json\/wp\/v2\/media?parent=1384"}],"wp:term":[{"taxonomy":"category","embeddable":true,"href":"https:\/\/www.sorumatix.com\/blog\/wp-json\/wp\/v2\/categories?post=1384"},{"taxonomy":"post_tag","embeddable":true,"href":"https:\/\/www.sorumatix.com\/blog\/wp-json\/wp\/v2\/tags?post=1384"}],"curies":[{"name":"wp","href":"https:\/\/api.w.org\/{rel}","templated":true}]}}