{"id":1387,"date":"2023-08-31T08:03:53","date_gmt":"2023-08-31T08:03:53","guid":{"rendered":"https:\/\/www.sorumatix.com\/blog\/?p=1387"},"modified":"2023-08-31T08:03:53","modified_gmt":"2023-08-31T08:03:53","slug":"fransiz-ihtilali-ile-ortaya-cikan-siyasi-dusunceler","status":"publish","type":"post","link":"https:\/\/www.sorumatix.com\/blog\/fransiz-ihtilali-ile-ortaya-cikan-siyasi-dusunceler.html","title":{"rendered":"Frans\u0131z \u0130htilali ile ortaya \u00e7\u0131kan siyasi d\u00fc\u015f\u00fcnceler"},"content":{"rendered":"<p><center><iframe loading=\"lazy\" width=\"560\" height=\"315\" src=\"https:\/\/www.youtube.com\/embed\/khK6S1wmd74\" title=\"YouTube video player\" frameborder=\"0\" allow=\"accelerometer; autoplay; clipboard-write; encrypted-media; gyroscope; picture-in-picture; web-share\" allowfullscreen><\/iframe><\/center><html><head><\/head><body><\/p>\n<p>Frans\u0131z \u0130htilali ile Ortaya \u00c7\u0131kan Siyasi D\u00fc\u015f\u00fcnceler<\/p>\n<p>Frans\u0131z \u0130htilali, tarihte \u00f6nemli bir d\u00f6n\u00fcm noktas\u0131 olarak kabul edilir. Bu devrim, sadece Fransa&#8217;y\u0131 etkilemekle kalmam\u0131\u015f, ayn\u0131 zamanda siyasi d\u00fc\u015f\u00fcncelerin de evrim ge\u00e7irmesine yol a\u00e7m\u0131\u015ft\u0131r. \u0130\u015fte Frans\u0131z \u0130htilali ile ortaya \u00e7\u0131kan siyasi d\u00fc\u015f\u00fcnceler:<\/p>\n<p>1.  Halk Egemenli\u011fi: Frans\u0131z \u0130htilali ile birlikte halk egemenli\u011fi ilkesi \u00f6n plana \u00e7\u0131km\u0131\u015ft\u0131r. \u0130nsanlar\u0131n kendi kaderlerini belirleme hakk\u0131na sahip oldu\u011fu d\u00fc\u015f\u00fcncesi, demokratik y\u00f6netim anlay\u0131\u015f\u0131n\u0131n temelini olu\u015fturmu\u015ftur.<\/p>\n<p>2.  E\u015fitlik: Frans\u0131z \u0130htilali, toplumda e\u015fitlik ilkesinin benimsenmesine katk\u0131 sa\u011flam\u0131\u015ft\u0131r. Burjuvazi ve k\u00f6yl\u00fcler, aristokrasiye kar\u015f\u0131 gelerek e\u015fit haklara sahip olmak istemi\u015ftir. Bu d\u00fc\u015f\u00fcnce, modern demokrasinin temel ta\u015flar\u0131ndan biridir.<\/p>\n<p><center><img decoding=\"async\" src=\"https:\/\/www.sorumatix.com\/blog\/wp-content\/uploads\/2023\/08\/uploaded-image-1693289303489.jpg\" alt=\"1\"><\/center><\/p>\n<p>3.  \u00d6zg\u00fcrl\u00fck: \u0130htilal s\u0131ras\u0131nda, \u00f6zg\u00fcrl\u00fck fikri b\u00fcy\u00fck bir g\u00fc\u00e7 kazanm\u0131\u015ft\u0131r. Frans\u0131z halk\u0131, despotik monar\u015fiden kurtulup bireysel \u00f6zg\u00fcrl\u00fckleri elde etmek istemi\u015ftir. Bu ba\u011flamda, ifade \u00f6zg\u00fcrl\u00fc\u011f\u00fc, bas\u0131n \u00f6zg\u00fcrl\u00fc\u011f\u00fc ve din \u00f6zg\u00fcrl\u00fc\u011f\u00fc gibi kavramlar \u00f6nem kazanm\u0131\u015ft\u0131r.<\/p>\n<p><center><img decoding=\"async\" src=\"https:\/\/www.sorumatix.com\/blog\/wp-content\/uploads\/2023\/08\/uploaded-image-1693289303886.jpg\" alt=\"2\"><\/center><\/p>\n<p>4.  Laiklik: Frans\u0131z \u0130htilaliyle birlikte laiklik ilkesi de ortaya \u00e7\u0131km\u0131\u015ft\u0131r. Devletin dini otoriteden ba\u011f\u0131ms\u0131z olmas\u0131 ve her bireye dinine \u00f6zg\u00fcrce inanma hakk\u0131 tan\u0131nmas\u0131 d\u00fc\u015f\u00fcncesi yayg\u0131nla\u015fm\u0131\u015ft\u0131r.<\/p>\n<p>5.  Ulusal Kimlik: Frans\u0131z \u0130htilali, ulusal kimlik bilincinin olu\u015fmas\u0131nda etkili olmu\u015ftur. Vatanda\u015fl\u0131k kavram\u0131 geli\u015ferek, insanlar\u0131n sadece kendi toplumlar\u0131na de\u011fil, bir ulusa ait hissetmelerini sa\u011flam\u0131\u015ft\u0131r.<\/p>\n<p>6.  \u0130nsan Haklar\u0131: Frans\u0131z \u0130htilali, modern anlamda insan haklar\u0131n\u0131n olu\u015fmas\u0131na katk\u0131 sa\u011flam\u0131\u015ft\u0131r. \u0130lk kez bildirge halinde sunulan \u0130nsan ve Yurtta\u015f Haklar\u0131 Bildirgesi, e\u015fitlik, \u00f6zg\u00fcrl\u00fck ve adalet ilkelerini vurgulam\u0131\u015f ve bug\u00fcn hala ge\u00e7erlili\u011fini koruyan evrensel bir belge olmu\u015ftur.<\/p>\n<p>Frans\u0131z \u0130htilali ile ortaya \u00e7\u0131kan siyasi d\u00fc\u015f\u00fcnceler, sadece o d\u00f6neme s\u0131n\u0131rl\u0131 kalmam\u0131\u015ft\u0131r. Bug\u00fcn hala demokrasi, \u00f6zg\u00fcrl\u00fck, e\u015fitlik gibi kavramlar, toplumlar\u0131n temel de\u011ferleri aras\u0131nda yer almaktad\u0131r. Bu nedenle Frans\u0131z \u0130htilali&#8217;nin siyasi d\u00fc\u015f\u00fcnceleri, modern d\u00fcnyan\u0131n \u015fekillenmesinde b\u00fcy\u00fck bir \u00f6neme sahiptir.<\/p>\n<p><\/body><\/html><\/p>\n","protected":false},"excerpt":{"rendered":"<p>Frans\u0131z \u0130htilali ile Ortaya \u00c7\u0131kan Siyasi D\u00fc\u015f\u00fcnceler Frans\u0131z \u0130htilali, tarihte \u00f6nemli bir d\u00f6n\u00fcm noktas\u0131 olarak kabul edilir. Bu devrim, sadece<\/p>\n","protected":false},"author":1,"featured_media":1383,"comment_status":"open","ping_status":"open","sticky":false,"template":"","format":"standard","meta":{"colormag_page_container_layout":"default_layout","colormag_page_sidebar_layout":"default_layout","footnotes":""},"categories":[16],"tags":[],"class_list":["post-1387","post","type-post","status-publish","format-standard","has-post-thumbnail","hentry","category-tarih-konulari"],"_links":{"self":[{"href":"https:\/\/www.sorumatix.com\/blog\/wp-json\/wp\/v2\/posts\/1387","targetHints":{"allow":["GET"]}}],"collection":[{"href":"https:\/\/www.sorumatix.com\/blog\/wp-json\/wp\/v2\/posts"}],"about":[{"href":"https:\/\/www.sorumatix.com\/blog\/wp-json\/wp\/v2\/types\/post"}],"author":[{"embeddable":true,"href":"https:\/\/www.sorumatix.com\/blog\/wp-json\/wp\/v2\/users\/1"}],"replies":[{"embeddable":true,"href":"https:\/\/www.sorumatix.com\/blog\/wp-json\/wp\/v2\/comments?post=1387"}],"version-history":[{"count":0,"href":"https:\/\/www.sorumatix.com\/blog\/wp-json\/wp\/v2\/posts\/1387\/revisions"}],"wp:featuredmedia":[{"embeddable":true,"href":"https:\/\/www.sorumatix.com\/blog\/wp-json\/wp\/v2\/media\/1383"}],"wp:attachment":[{"href":"https:\/\/www.sorumatix.com\/blog\/wp-json\/wp\/v2\/media?parent=1387"}],"wp:term":[{"taxonomy":"category","embeddable":true,"href":"https:\/\/www.sorumatix.com\/blog\/wp-json\/wp\/v2\/categories?post=1387"},{"taxonomy":"post_tag","embeddable":true,"href":"https:\/\/www.sorumatix.com\/blog\/wp-json\/wp\/v2\/tags?post=1387"}],"curies":[{"name":"wp","href":"https:\/\/api.w.org\/{rel}","templated":true}]}}