{"id":1394,"date":"2023-09-02T19:58:53","date_gmt":"2023-09-02T19:58:53","guid":{"rendered":"https:\/\/www.sorumatix.com\/blog\/?p=1394"},"modified":"2023-09-02T19:58:53","modified_gmt":"2023-09-02T19:58:53","slug":"genclik-doneminde-mustafa-kemalin-fikir-hayatini-etkileyen-onemli-kisiler-ve-olaylar","status":"publish","type":"post","link":"https:\/\/www.sorumatix.com\/blog\/genclik-doneminde-mustafa-kemalin-fikir-hayatini-etkileyen-onemli-kisiler-ve-olaylar.html","title":{"rendered":"Gen\u00e7lik d\u00f6neminde Mustafa Kemal\u2019in fikir hayat\u0131n\u0131 etkileyen \u00f6nemli ki\u015filer ve olaylar"},"content":{"rendered":"<p><center><iframe loading=\"lazy\" width=\"560\" height=\"315\" src=\"https:\/\/www.youtube.com\/embed\/kSy3GlFa-6w\" title=\"YouTube video player\" frameborder=\"0\" allow=\"accelerometer; autoplay; clipboard-write; encrypted-media; gyroscope; picture-in-picture; web-share\" allowfullscreen><\/iframe><\/center><html><head><\/head><body><\/p>\n<p>Mustafa Kemal Atat\u00fcrk, T\u00fcrkiye&#8217;nin kurucusu ve b\u00fcy\u00fck bir liderdir. Onun hayat\u0131 ve ba\u015far\u0131lar\u0131 hakk\u0131nda bir\u00e7ok \u015fey duymu\u015fsundur. Ancak, gen\u00e7lik d\u00f6nemindeki fikirlerini etkileyen \u00f6nemli ki\u015filer ve olaylar hakk\u0131nda ne kadar bilgi sahibisin? \u0130\u015fte sana Mustafa Kemal&#8217;in gen\u00e7lik y\u0131llar\u0131nda etkilendi\u011fi baz\u0131 \u00f6nemli ki\u015filer ve olaylar!<\/p>\n<p>1. Ailesi: Mustafa Kemal&#8217;in ailesi, onun karakterinin olu\u015fumunda b\u00fcy\u00fck bir rol oynad\u0131. Babas\u0131 Ali R\u0131za Efendi, \u00f6\u011fretmenlik yapm\u0131\u015f ve \u00e7ocuklar\u0131na e\u011fitimde \u00f6nem vermi\u015ftir. Annesi Z\u00fcbeyde Han\u0131m ise cesaret ve fedakarl\u0131k gibi de\u011ferleri kendisine a\u015f\u0131lam\u0131\u015ft\u0131r.<\/p>\n<p>2. Selanik: Mustafa Kemal&#8217;in do\u011fdu\u011fu ve gen\u00e7lik y\u0131llar\u0131n\u0131 ge\u00e7irdi\u011fi \u015fehir olan Selanik, onun d\u00fcnya g\u00f6r\u00fc\u015f\u00fcn\u00fc \u015fekillendiren bir yer oldu. Farkl\u0131 k\u00fclt\u00fcrlerin bir arada ya\u015fad\u0131\u011f\u0131 bu \u015fehir, ona ho\u015fg\u00f6r\u00fc ve \u00e7ok k\u00fclt\u00fcrl\u00fcl\u00fck kavramlar\u0131n\u0131 benimsetti.<\/p>\n<p>3. Fransa&#8217;daki E\u011fitimi: Mustafa Kemal, askeri e\u011fitimi i\u00e7in gitti\u011fi Fransa&#8217;da bir\u00e7ok yeni fikirle tan\u0131\u015ft\u0131. \u00d6zellikle Frans\u0131z Devrimi&#8217;nin etkisiyle demokrasi, \u00f6zg\u00fcrl\u00fck ve e\u015fitlik gibi kavramlar \u00fczerinde d\u00fc\u015f\u00fcnmeye ba\u015flad\u0131.<\/p>\n<p>4. J\u00f6n T\u00fcrkler: Gen\u00e7lik d\u00f6neminde Mustafa Kemal, Osmanl\u0131 \u0130mparatorlu\u011fu&#8217;nu modernle\u015ftirmek isteyen J\u00f6n T\u00fcrklerle temas kurdu. Bu grup, ona milliyet\u00e7ilik ve devrimcilik fikirlerini a\u015f\u0131lad\u0131. Onlar\u0131 etkileyici buldu ve gen\u00e7 ya\u015fta siyasete ilgi duymaya ba\u015flad\u0131.<\/p>\n<p><center><img decoding=\"async\" src=\"https:\/\/www.sorumatix.com\/blog\/wp-content\/uploads\/2023\/08\/uploaded-image-1693289304168.jpg\" alt=\"1\"><\/center><\/p>\n<p>5. Balkan Sava\u015flar\u0131: Balkan Sava\u015flar\u0131, Mustafa Kemal \u00fczerinde b\u00fcy\u00fck bir etkiye sahip oldu. Osmanl\u0131 \u0130mparatorlu\u011fu&#8217;nun s\u0131n\u0131rlar\u0131n\u0131n daralmas\u0131 ve toprak kaybetmesi, onda bir ulusal bilin\u00e7 olu\u015fturdu ve ba\u011f\u0131ms\u0131zl\u0131k m\u00fccadelesi i\u00e7in cesaretlendirdi.<\/p>\n<p>6. Milli M\u00fccadele: T\u00fcrk milletinin ba\u011f\u0131ms\u0131zl\u0131k m\u00fccadelesi olan Milli M\u00fccadele, Mustafa Kemal&#8217;in fikir hayat\u0131n\u0131 derinden etkiledi. O, bu m\u00fccadelede liderlik yaparak ulusal birli\u011fi ve ba\u011f\u0131ms\u0131zl\u0131\u011f\u0131 savundu. Bu deneyim, onun gelecekteki reform \u00e7al\u0131\u015fmalar\u0131na y\u00f6n verdi.<\/p>\n<p><center><img decoding=\"async\" src=\"https:\/\/www.sorumatix.com\/blog\/wp-content\/uploads\/2023\/08\/uploaded-image-1693289304510.jpg\" alt=\"2\"><\/center><\/p>\n<p>Mustafa Kemal Atat\u00fcrk&#8217;\u00fcn gen\u00e7lik d\u00f6nemindeki bu \u00f6nemli ki\u015filer ve olaylar, onun d\u00fc\u015f\u00fcncelerini \u015fekillendiren ve T\u00fcrkiye Cumhuriyeti&#8217;nin temel de\u011ferlerine katk\u0131 sa\u011flayan unsurlard\u0131r. Onun vizyonu ve liderli\u011fi sayesinde T\u00fcrkiye, modern bir cumhuriyet olarak ilerlemi\u015ftir.<\/p>\n<p>Unutma, Mustafa Kemal Atat\u00fcrk sadece T\u00fcrk halk\u0131n\u0131n de\u011fil, t\u00fcm d\u00fcnyan\u0131n takdir etti\u011fi bir liderdir. Onun fikirlerini ve miras\u0131n\u0131 anlamak, gelece\u011fe y\u00f6nelik daha iyi bir vizyon geli\u015ftirmemize yard\u0131mc\u0131 olabilir.<\/p>\n<p><\/body><\/html><\/p>\n","protected":false},"excerpt":{"rendered":"<p>Mustafa Kemal Atat\u00fcrk, T\u00fcrkiye&#8217;nin kurucusu ve b\u00fcy\u00fck bir liderdir. Onun hayat\u0131 ve ba\u015far\u0131lar\u0131 hakk\u0131nda bir\u00e7ok \u015fey duymu\u015fsundur. Ancak, gen\u00e7lik d\u00f6nemindeki<\/p>\n","protected":false},"author":1,"featured_media":1386,"comment_status":"open","ping_status":"open","sticky":false,"template":"","format":"standard","meta":{"colormag_page_container_layout":"default_layout","colormag_page_sidebar_layout":"default_layout","footnotes":""},"categories":[16],"tags":[],"class_list":["post-1394","post","type-post","status-publish","format-standard","has-post-thumbnail","hentry","category-tarih-konulari"],"_links":{"self":[{"href":"https:\/\/www.sorumatix.com\/blog\/wp-json\/wp\/v2\/posts\/1394","targetHints":{"allow":["GET"]}}],"collection":[{"href":"https:\/\/www.sorumatix.com\/blog\/wp-json\/wp\/v2\/posts"}],"about":[{"href":"https:\/\/www.sorumatix.com\/blog\/wp-json\/wp\/v2\/types\/post"}],"author":[{"embeddable":true,"href":"https:\/\/www.sorumatix.com\/blog\/wp-json\/wp\/v2\/users\/1"}],"replies":[{"embeddable":true,"href":"https:\/\/www.sorumatix.com\/blog\/wp-json\/wp\/v2\/comments?post=1394"}],"version-history":[{"count":0,"href":"https:\/\/www.sorumatix.com\/blog\/wp-json\/wp\/v2\/posts\/1394\/revisions"}],"wp:featuredmedia":[{"embeddable":true,"href":"https:\/\/www.sorumatix.com\/blog\/wp-json\/wp\/v2\/media\/1386"}],"wp:attachment":[{"href":"https:\/\/www.sorumatix.com\/blog\/wp-json\/wp\/v2\/media?parent=1394"}],"wp:term":[{"taxonomy":"category","embeddable":true,"href":"https:\/\/www.sorumatix.com\/blog\/wp-json\/wp\/v2\/categories?post=1394"},{"taxonomy":"post_tag","embeddable":true,"href":"https:\/\/www.sorumatix.com\/blog\/wp-json\/wp\/v2\/tags?post=1394"}],"curies":[{"name":"wp","href":"https:\/\/api.w.org\/{rel}","templated":true}]}}