{"id":1404,"date":"2023-09-22T19:18:53","date_gmt":"2023-09-22T19:18:53","guid":{"rendered":"https:\/\/www.sorumatix.com\/blog\/?p=1404"},"modified":"2023-09-22T19:18:53","modified_gmt":"2023-09-22T19:18:53","slug":"ataturkun-turk-milletine-biraktigi-eserler","status":"publish","type":"post","link":"https:\/\/www.sorumatix.com\/blog\/ataturkun-turk-milletine-biraktigi-eserler.html","title":{"rendered":"Atat\u00fcrk\u2019\u00fcn T\u00fcrk Milleti\u2019ne b\u0131rakt\u0131\u011f\u0131 eserler"},"content":{"rendered":"<p><center><iframe loading=\"lazy\" width=\"560\" height=\"315\" src=\"https:\/\/www.youtube.com\/embed\/uSJ5Rb6982s\" title=\"YouTube video player\" frameborder=\"0\" allow=\"accelerometer; autoplay; clipboard-write; encrypted-media; gyroscope; picture-in-picture; web-share\" allowfullscreen><\/iframe><\/center><html><head><\/head><body><center><img decoding=\"async\" src=\"https:\/\/www.sorumatix.com\/blog\/wp-content\/uploads\/2023\/08\/uploaded-image-1693289304388.jpg\" alt=\"1\"><\/center><\/p>\n<p>Atat\u00fcrk&#8217;\u00fcn T\u00fcrk Milleti&#8217;ne B\u0131rakt\u0131\u011f\u0131 Eserler<\/p>\n<p><center><img decoding=\"async\" src=\"https:\/\/www.sorumatix.com\/blog\/wp-content\/uploads\/2023\/08\/uploaded-image-1693289304742.jpg\" alt=\"2\"><\/center><\/p>\n<p>Atat\u00fcrk, T\u00fcrkiye&#8217;nin kurucusu ve b\u00fcy\u00fck bir lideridir. T\u00fcrk Milleti&#8217;ne b\u0131rakt\u0131\u011f\u0131 eserler sayesinde onun de\u011ferini her zaman hat\u0131rlar\u0131z. \u0130\u015fte Atat\u00fcrk&#8217;\u00fcn T\u00fcrk Milleti&#8217;ne b\u0131rakt\u0131\u011f\u0131 \u00f6nemli eserler:<\/p>\n<p>1. T\u00fcrkiye Cumhuriyeti&#8217;nin Kurulu\u015fu: Atat\u00fcrk, Osmanl\u0131 \u0130mparatorlu\u011fu&#8217;nun y\u0131k\u0131lmas\u0131ndan sonra T\u00fcrkiye Cumhuriyeti&#8217;ni kurmu\u015ftur. Bu, T\u00fcrk Milleti i\u00e7in bir d\u00f6n\u00fcm noktas\u0131d\u0131r ve ba\u011f\u0131ms\u0131zl\u0131k, demokrasi ve ilerleme yolunda at\u0131lan b\u00fcy\u00fck bir ad\u0131md\u0131r.<\/p>\n<p>2. Laiklik \u0130lkesi: Atat\u00fcrk, T\u00fcrkiye&#8217;yi din-devlet i\u015flerinin ayr\u0131ld\u0131\u011f\u0131 laik bir yap\u0131ya kavu\u015fturmu\u015ftur. Bu ilke, farkl\u0131 inan\u00e7lara sahip olan insanlar\u0131n e\u015fit haklara sahip oldu\u011funu ve herkesin \u00f6zg\u00fcrce inanc\u0131n\u0131 ya\u015fayabilece\u011fini g\u00f6sterir.<\/p>\n<p>3. E\u011fitim Reformlar\u0131: Atat\u00fcrk, T\u00fcrk Milleti&#8217;nin e\u011fitim seviyesini y\u00fckseltmek i\u00e7in \u00e7e\u015fitli reformlar yapm\u0131\u015ft\u0131r. Zorunlu ve paras\u0131z e\u011fitimi sa\u011flamak, okuryazarl\u0131k oran\u0131n\u0131 art\u0131rmak ve \u00e7a\u011fda\u015f e\u011fitim y\u00f6ntemlerini uygulamak amac\u0131yla \u00e7aba g\u00f6stermi\u015ftir.<\/p>\n<p>4. Dil Devrimi: Atat\u00fcrk, T\u00fcrk Milleti&#8217;nin birlik ve beraberli\u011fini g\u00fc\u00e7lendirmek i\u00e7in dil devrimini ger\u00e7ekle\u015ftirmi\u015ftir. Osmanl\u0131ca yerine Latin alfabesi kullan\u0131m\u0131 te\u015fvik edilmi\u015f ve T\u00fcrk dilinde yabanc\u0131 k\u00f6kenli kelimelerin yerine yerli kelimeler kullan\u0131lmas\u0131 \u00f6nerilmi\u015ftir.<\/p>\n<p>5. Kad\u0131n Haklar\u0131: Atat\u00fcrk, kad\u0131nlar\u0131n toplumda daha fazla aktif rol oynamas\u0131 i\u00e7in \u00e7aba g\u00f6stermi\u015ftir. Kad\u0131nlara se\u00e7me ve se\u00e7ilme hakk\u0131 tan\u0131nm\u0131\u015f, e\u011fitim imkanlar\u0131 geni\u015fletilmi\u015f ve \u00e7al\u0131\u015fma hayat\u0131nda e\u015fitlik sa\u011flanm\u0131\u015ft\u0131r. Bu, T\u00fcrk kad\u0131nlar\u0131n\u0131n sosyal, siyasi ve ekonomik alanlarda daha \u00f6zg\u00fcr olmas\u0131n\u0131 sa\u011flam\u0131\u015ft\u0131r.<\/p>\n<p>Atat\u00fcrk&#8217;\u00fcn T\u00fcrk Milleti&#8217;ne b\u0131rakt\u0131\u011f\u0131 eserler, \u00fclkemizin temel de\u011ferleri aras\u0131nda yer almaktad\u0131r. Onun \u00f6nc\u00fcl\u00fc\u011f\u00fcnde yap\u0131lan bu de\u011fi\u015fiklikler, T\u00fcrkiye&#8217;yi \u00e7a\u011fda\u015f d\u00fcnyan\u0131n bir par\u00e7as\u0131 haline getirmi\u015ftir. Bu nedenle, Atat\u00fcrk&#8217;\u00fcn miras\u0131 her zaman sayg\u0131yla an\u0131lmal\u0131 ve gelecek nesillere aktar\u0131lmal\u0131d\u0131r. T\u00fcrk Milleti olarak, onun ideallerine sahip \u00e7\u0131karak ilerlemeye devam etmeliyiz.<\/p>\n<p><\/body><\/html><\/p>\n","protected":false},"excerpt":{"rendered":"<p>Atat\u00fcrk&#8217;\u00fcn T\u00fcrk Milleti&#8217;ne B\u0131rakt\u0131\u011f\u0131 Eserler Atat\u00fcrk, T\u00fcrkiye&#8217;nin kurucusu ve b\u00fcy\u00fck bir lideridir. T\u00fcrk Milleti&#8217;ne b\u0131rakt\u0131\u011f\u0131 eserler sayesinde onun de\u011ferini her<\/p>\n","protected":false},"author":1,"featured_media":1390,"comment_status":"open","ping_status":"open","sticky":false,"template":"","format":"standard","meta":{"colormag_page_container_layout":"default_layout","colormag_page_sidebar_layout":"default_layout","footnotes":""},"categories":[16],"tags":[],"class_list":["post-1404","post","type-post","status-publish","format-standard","has-post-thumbnail","hentry","category-tarih-konulari"],"_links":{"self":[{"href":"https:\/\/www.sorumatix.com\/blog\/wp-json\/wp\/v2\/posts\/1404","targetHints":{"allow":["GET"]}}],"collection":[{"href":"https:\/\/www.sorumatix.com\/blog\/wp-json\/wp\/v2\/posts"}],"about":[{"href":"https:\/\/www.sorumatix.com\/blog\/wp-json\/wp\/v2\/types\/post"}],"author":[{"embeddable":true,"href":"https:\/\/www.sorumatix.com\/blog\/wp-json\/wp\/v2\/users\/1"}],"replies":[{"embeddable":true,"href":"https:\/\/www.sorumatix.com\/blog\/wp-json\/wp\/v2\/comments?post=1404"}],"version-history":[{"count":0,"href":"https:\/\/www.sorumatix.com\/blog\/wp-json\/wp\/v2\/posts\/1404\/revisions"}],"wp:featuredmedia":[{"embeddable":true,"href":"https:\/\/www.sorumatix.com\/blog\/wp-json\/wp\/v2\/media\/1390"}],"wp:attachment":[{"href":"https:\/\/www.sorumatix.com\/blog\/wp-json\/wp\/v2\/media?parent=1404"}],"wp:term":[{"taxonomy":"category","embeddable":true,"href":"https:\/\/www.sorumatix.com\/blog\/wp-json\/wp\/v2\/categories?post=1404"},{"taxonomy":"post_tag","embeddable":true,"href":"https:\/\/www.sorumatix.com\/blog\/wp-json\/wp\/v2\/tags?post=1404"}],"curies":[{"name":"wp","href":"https:\/\/api.w.org\/{rel}","templated":true}]}}