{"id":1428,"date":"2023-09-03T07:57:53","date_gmt":"2023-09-03T07:57:53","guid":{"rendered":"https:\/\/www.sorumatix.com\/blog\/?p=1428"},"modified":"2023-09-04T06:34:37","modified_gmt":"2023-09-04T06:34:37","slug":"mustafa-kemalin-askerlik-hayati","status":"publish","type":"post","link":"https:\/\/www.sorumatix.com\/blog\/mustafa-kemalin-askerlik-hayati.html","title":{"rendered":"Mustafa Kemal\u2019in askerlik hayat\u0131"},"content":{"rendered":"<p><center><iframe loading=\"lazy\" title=\"YouTube video player\" src=\"https:\/\/www.youtube.com\/embed\/8ezkmrpKzQk\" width=\"560\" height=\"315\" frameborder=\"0\" allowfullscreen=\"allowfullscreen\"><\/iframe><\/center>&nbsp;<\/p>\n<p><center><\/center>&nbsp;<\/p>\n<p>Mustafa Kemal Atat\u00fcrk, T\u00fcrkiye Cumhuriyeti&#8217;nin kurucusu ve b\u00fcy\u00fck \u00f6nderidir. Onun hayat\u0131 ve askerlik kariyeri, T\u00fcrk tarihinde \u00f6nemli bir yere sahiptir. Haydi, Mustafa Kemal&#8217;in askerlik hayat\u0131n\u0131 ke\u015ffetmeye ba\u015flayal\u0131m!<\/p>\n<p>1. Gen\u00e7lik D\u00f6nemi: Mustafa Kemal, Selanik&#8217;te do\u011fdu ve gen\u00e7 ya\u015fta askeri e\u011fitim almaya karar verdi. Harp Okulu&#8217;na girdi ve burada askeri bilgi ve becerilerini geli\u015ftirdi.<\/p>\n<p>2. Balkan Sava\u015flar\u0131: Balkanlar\u2019da ya\u015fanan \u00e7at\u0131\u015fmalarda T\u00fcrk ordusu da yer ald\u0131. Mustafa Kemal de bu sava\u015flarda g\u00f6rev ald\u0131 ve cesaretiyle dikkat \u00e7ekti. \u00d6zellikle \u00c7anakkale Cephesi&#8217;nde g\u00f6sterdi\u011fi liderlik sayesinde \u00fcn kazand\u0131.<\/p>\n<p>3. Birinci D\u00fcnya Sava\u015f\u0131: Mustafa Kemal, Osmanl\u0131 \u0130mparatorlu\u011fu&#8217;nun I. D\u00fcnya Sava\u015f\u0131&#8217;ndaki \u00f6nemli bir komutan\u0131yd\u0131. \u00c7anakkale Muharebeleri&#8217;nde ve Filistin Cephesi&#8217;nde g\u00f6sterdi\u011fi ba\u015far\u0131larla \u00fcst\u00fcn askeri stratejisiyle tan\u0131nd\u0131.<\/p>\n<p>4. Kurtulu\u015f Sava\u015f\u0131: Osmanl\u0131 \u0130mparatorlu\u011fu&#8217;nun yenilmesinin ard\u0131ndan T\u00fcrkiye&#8217;nin i\u015fgal edildi\u011fi d\u00f6nemde, Mustafa Kemal \u00f6nderli\u011finde bir direni\u015f hareketi ba\u015flad\u0131. Bu direni\u015f, T\u00fcrk halk\u0131n\u0131n ba\u011f\u0131ms\u0131zl\u0131k ve \u00f6zg\u00fcrl\u00fck m\u00fccadelesi olan Kurtulu\u015f Sava\u015f\u0131&#8217;na d\u00f6n\u00fc\u015ft\u00fc.<\/p>\n<p>5. B\u00fcy\u00fck Taarruz: Mustafa Kemal&#8217;in askerlik hayat\u0131nda en \u00f6nemli d\u00f6n\u00fcm noktalar\u0131ndan biri B\u00fcy\u00fck Taarruz&#8217;dur. 26 A\u011fustos 1922 tarihinde ba\u015flayan bu taarruz, T\u00fcrk ordusunun zaferle sonu\u00e7lanan b\u00fcy\u00fck bir harek\u00e2t\u0131yd\u0131 ve T\u00fcrkiye&#8217;nin ba\u011f\u0131ms\u0131zl\u0131\u011f\u0131n\u0131 kazand\u0131\u011f\u0131 bir d\u00f6neme\u00e7 oldu.<\/p>\n<p>6. Cumhuriyet D\u00f6nemi: Mustafa Kemal, T\u00fcrkiye Cumhuriyeti&#8217;nin kurulmas\u0131n\u0131n ard\u0131ndan cumhurba\u015fkan\u0131 oldu. Asker k\u00f6kenli bir lider olarak, \u00fclkenin modernle\u015fmesini ve Bat\u0131l\u0131 de\u011ferleri benimsemesini sa\u011flamak i\u00e7in \u00e7e\u015fitli reformlar ger\u00e7ekle\u015ftirdi.<\/p>\n<p>Mustafa Kemal Atat\u00fcrk&#8217;\u00fcn askerlik hayat\u0131, onun cesaretini, liderlik yeteneklerini ve vatanseverli\u011fini g\u00f6steren \u00f6nemli bir ge\u00e7mi\u015fe sahiptir. Onun \u00f6rnek al\u0131nmas\u0131 gereken bir lider oldu\u011funu s\u00f6ylemek yanl\u0131\u015f olmaz. Bug\u00fcn T\u00fcrkiye Cumhuriyeti&#8217;nin g\u00fc\u00e7l\u00fc duru\u015fu ve ba\u011f\u0131ms\u0131zl\u0131\u011f\u0131, Mustafa Kemal&#8217;in askeri ba\u015far\u0131lar\u0131na dayanmaktad\u0131r. O, T\u00fcrk milletinin kalbinde daima sayg\u0131 ve sevgiyle an\u0131lacak b\u00fcy\u00fck bir liderdir.<\/p>\n<p><center><img decoding=\"async\" src=\"https:\/\/www.sorumatix.com\/blog\/wp-content\/uploads\/2023\/08\/uploaded-image-1693289305918.jpg\" alt=\"2\" \/><\/center>Bu makalede, Mustafa Kemal&#8217;in askerlik hayat\u0131n\u0131 basit ve samimi bir dille anlatmaya \u00e7al\u0131\u015ft\u0131k. Umar\u0131m bu yaz\u0131, ilkokul \u00f6\u011frencilerine tarih ve vatanseverlik konular\u0131nda yard\u0131mc\u0131 olurken ayn\u0131 zamanda onlara e\u011flenceli bir okuma deneyimi sunar.<\/p>\n","protected":false},"excerpt":{"rendered":"<p>&nbsp; &nbsp; Mustafa Kemal Atat\u00fcrk, T\u00fcrkiye Cumhuriyeti&#8217;nin kurucusu ve b\u00fcy\u00fck \u00f6nderidir. Onun hayat\u0131 ve askerlik kariyeri, T\u00fcrk tarihinde \u00f6nemli bir<\/p>\n","protected":false},"author":1,"featured_media":1474,"comment_status":"open","ping_status":"open","sticky":false,"template":"","format":"standard","meta":{"colormag_page_container_layout":"default_layout","colormag_page_sidebar_layout":"default_layout","footnotes":""},"categories":[16],"tags":[],"class_list":["post-1428","post","type-post","status-publish","format-standard","has-post-thumbnail","hentry","category-tarih-konulari"],"_links":{"self":[{"href":"https:\/\/www.sorumatix.com\/blog\/wp-json\/wp\/v2\/posts\/1428","targetHints":{"allow":["GET"]}}],"collection":[{"href":"https:\/\/www.sorumatix.com\/blog\/wp-json\/wp\/v2\/posts"}],"about":[{"href":"https:\/\/www.sorumatix.com\/blog\/wp-json\/wp\/v2\/types\/post"}],"author":[{"embeddable":true,"href":"https:\/\/www.sorumatix.com\/blog\/wp-json\/wp\/v2\/users\/1"}],"replies":[{"embeddable":true,"href":"https:\/\/www.sorumatix.com\/blog\/wp-json\/wp\/v2\/comments?post=1428"}],"version-history":[{"count":1,"href":"https:\/\/www.sorumatix.com\/blog\/wp-json\/wp\/v2\/posts\/1428\/revisions"}],"predecessor-version":[{"id":1637,"href":"https:\/\/www.sorumatix.com\/blog\/wp-json\/wp\/v2\/posts\/1428\/revisions\/1637"}],"wp:featuredmedia":[{"embeddable":true,"href":"https:\/\/www.sorumatix.com\/blog\/wp-json\/wp\/v2\/media\/1474"}],"wp:attachment":[{"href":"https:\/\/www.sorumatix.com\/blog\/wp-json\/wp\/v2\/media?parent=1428"}],"wp:term":[{"taxonomy":"category","embeddable":true,"href":"https:\/\/www.sorumatix.com\/blog\/wp-json\/wp\/v2\/categories?post=1428"},{"taxonomy":"post_tag","embeddable":true,"href":"https:\/\/www.sorumatix.com\/blog\/wp-json\/wp\/v2\/tags?post=1428"}],"curies":[{"name":"wp","href":"https:\/\/api.w.org\/{rel}","templated":true}]}}