{"id":1459,"date":"2023-08-30T20:04:53","date_gmt":"2023-08-30T20:04:53","guid":{"rendered":"https:\/\/www.sorumatix.com\/blog\/?p=1459"},"modified":"2023-08-30T20:04:53","modified_gmt":"2023-08-30T20:04:53","slug":"yirminci-yuzyilin-basinda-avrupadaki-gelismeler","status":"publish","type":"post","link":"https:\/\/www.sorumatix.com\/blog\/yirminci-yuzyilin-basinda-avrupadaki-gelismeler.html","title":{"rendered":"Yirminci y\u00fczy\u0131l\u0131n ba\u015f\u0131nda Avrupa&#8217;daki geli\u015fmeler"},"content":{"rendered":"<p><center><iframe loading=\"lazy\" width=\"560\" height=\"315\" src=\"https:\/\/www.youtube.com\/embed\/3wL-S-Kp59k\" title=\"YouTube video player\" frameborder=\"0\" allow=\"accelerometer; autoplay; clipboard-write; encrypted-media; gyroscope; picture-in-picture; web-share\" allowfullscreen><\/iframe><\/center><html><head><\/head><body><\/p>\n<p>Yirminci Y\u00fczy\u0131l\u0131n Ba\u015f\u0131nda Avrupa&#8217;daki Geli\u015fmeler<\/p>\n<p>Merhaba gen\u00e7 dostlar! Bug\u00fcn sizlere Yirminci Y\u00fczy\u0131l\u0131n Ba\u015f\u0131nda Avrupa&#8217;daki geli\u015fmelerden bahsedece\u011fim. Bu d\u00f6nem, d\u00fcnyada b\u00fcy\u00fck bir de\u011fi\u015fime tan\u0131kl\u0131k etti ve bir\u00e7ok olay\u0131n meydana geldi\u011fi bir zamand\u0131r. Hadi gelin beraber 20. y\u00fczy\u0131l\u0131n ba\u015f\u0131ndaki Avrupa&#8217;y\u0131 ke\u015ffedelim!<\/p>\n<p>1. I. D\u00fcnya Sava\u015f\u0131: Yirminci y\u00fczy\u0131l\u0131n ba\u015f\u0131nda Avrupa&#8217;da b\u00fcy\u00fck bir sava\u015f ya\u015fand\u0131. 1914-1918 y\u0131llar\u0131 aras\u0131nda s\u00fcren I. D\u00fcnya Sava\u015f\u0131, bir\u00e7ok \u00fclkeyi etkisi alt\u0131na ald\u0131. Bu sava\u015f, yeni silahlar\u0131n kullan\u0131lmas\u0131 ve askeri stratejilerdeki de\u011fi\u015fikliklerle \u00f6ne \u00e7\u0131kt\u0131.<\/p>\n<p><center><img decoding=\"async\" src=\"https:\/\/www.sorumatix.com\/blog\/wp-content\/uploads\/2023\/08\/uploaded-image-1693289305410.jpg\" alt=\"1\"><\/center><\/p>\n<p>2. Sanayi Devrimi: Yirminci y\u00fczy\u0131l\u0131n ba\u015f\u0131nda, Avrupa&#8217;da Sanayi Devrimi&#8217;nin etkileri hala hissediliyordu. Makinele\u015fme ve sanayile\u015fme s\u00fcreci, fabrikalar\u0131n yayg\u0131nla\u015fmas\u0131na ve \u00fcretimin artmas\u0131na neden oldu. Bu d\u00f6nemde, end\u00fcstriyel teknolojilerde b\u00fcy\u00fck bir ilerleme kaydedildi.<\/p>\n<p>3. Bilimsel \u0130lerlemeler: Yirminci y\u00fczy\u0131l\u0131n ba\u015f\u0131nda, bilim d\u00fcnyas\u0131nda da \u00f6nemli geli\u015fmeler ya\u015fand\u0131. Albert Einstein&#8217;\u0131n g\u00f6relilik teorisi, fizik alan\u0131nda devrim niteli\u011finde bir ke\u015fifti. Ayr\u0131ca, Alexander Fleming&#8217;in penisilin adl\u0131 antibiyoti\u011fi bulmas\u0131 da t\u0131p alan\u0131nda b\u00fcy\u00fck bir ilerleme olarak kabul edildi.<\/p>\n<p>4. Kad\u0131n Haklar\u0131 Hareketi: Bu d\u00f6nemde, Avrupa&#8217;da kad\u0131n haklar\u0131 i\u00e7in m\u00fccadele eden bir\u00e7ok hareket ortaya \u00e7\u0131kt\u0131. Kad\u0131nlar, oy hakk\u0131 ve e\u015fitlik talepleriyle \u00f6ne \u00e7\u0131karak toplumsal de\u011fi\u015fime \u00f6nc\u00fcl\u00fck ettiler. Bu hareketler, kad\u0131nlar\u0131n siyasi ve sosyal alanda daha fazla s\u00f6z sahibi olmas\u0131n\u0131 sa\u011flad\u0131.<\/p>\n<p>5. K\u00fclt\u00fcrel De\u011fi\u015fimler: Yirminci y\u00fczy\u0131l\u0131n ba\u015f\u0131nda, Avrupa k\u00fclt\u00fcr\u00fcnde de \u00f6nemli de\u011fi\u015fimler meydana geldi. Sanat alan\u0131nda avangart ak\u0131mlar ortaya \u00e7\u0131kt\u0131 ve sanat anlay\u0131\u015f\u0131 k\u00f6kl\u00fc bir d\u00f6n\u00fc\u015f\u00fcm ge\u00e7irdi. \u00d6rne\u011fin, Pablo Picasso&#8217;nun kubizm tarz\u0131yla yapt\u0131\u011f\u0131 tablolar bu d\u00f6nemin \u00f6nemli \u00f6rneklerindendir.<\/p>\n<p><center><img decoding=\"async\" src=\"https:\/\/www.sorumatix.com\/blog\/wp-content\/uploads\/2023\/08\/uploaded-image-1693289307029.jpg\" alt=\"2\"><\/center><\/p>\n<p>Gen\u00e7 arkada\u015flar, Yirminci Y\u00fczy\u0131l\u0131n Ba\u015f\u0131nda Avrupa&#8217;daki geli\u015fmeler konusu olduk\u00e7a heyecan verici ve bir o kadar da \u00f6nemlidir. Bu d\u00f6nemde ya\u015fanan olaylar, d\u00fcnyam\u0131z\u0131 bug\u00fcnk\u00fc h\u00e2liyle \u015fekillendiren temel ta\u015flard\u0131r. Hikayelerini ve etkilerini \u00f6\u011frenmek, tarih ve k\u00fclt\u00fcr\u00fcm\u00fcz\u00fc anlamam\u0131za yard\u0131mc\u0131 olacakt\u0131r.<\/p>\n<p>Unutmay\u0131n, tarih her zaman \u00f6nemlidir ve ge\u00e7mi\u015fimizle ba\u011flant\u0131 kurarak daha iyi bir gelecek in\u015fa edebiliriz. \u0130lkokul derslerinizde bu konular\u0131 \u00f6\u011frenmek sizi daha bilgili ve k\u00fclt\u00fcrl\u00fc bireyler yapacakt\u0131r. Haydi, tarihin heyecan verici d\u00fcnyas\u0131na birlikte ad\u0131m atal\u0131m ve bilgi dolu bir yolculu\u011fa \u00e7\u0131kal\u0131m!<\/p>\n<p><\/body><\/html><\/p>\n","protected":false},"excerpt":{"rendered":"<p>Yirminci Y\u00fczy\u0131l\u0131n Ba\u015f\u0131nda Avrupa&#8217;daki Geli\u015fmeler Merhaba gen\u00e7 dostlar! Bug\u00fcn sizlere Yirminci Y\u00fczy\u0131l\u0131n Ba\u015f\u0131nda Avrupa&#8217;daki geli\u015fmelerden bahsedece\u011fim. Bu d\u00f6nem, d\u00fcnyada b\u00fcy\u00fck<\/p>\n","protected":false},"author":1,"featured_media":1403,"comment_status":"open","ping_status":"open","sticky":false,"template":"","format":"standard","meta":{"colormag_page_container_layout":"default_layout","colormag_page_sidebar_layout":"default_layout","footnotes":""},"categories":[16],"tags":[],"class_list":["post-1459","post","type-post","status-publish","format-standard","has-post-thumbnail","hentry","category-tarih-konulari"],"_links":{"self":[{"href":"https:\/\/www.sorumatix.com\/blog\/wp-json\/wp\/v2\/posts\/1459","targetHints":{"allow":["GET"]}}],"collection":[{"href":"https:\/\/www.sorumatix.com\/blog\/wp-json\/wp\/v2\/posts"}],"about":[{"href":"https:\/\/www.sorumatix.com\/blog\/wp-json\/wp\/v2\/types\/post"}],"author":[{"embeddable":true,"href":"https:\/\/www.sorumatix.com\/blog\/wp-json\/wp\/v2\/users\/1"}],"replies":[{"embeddable":true,"href":"https:\/\/www.sorumatix.com\/blog\/wp-json\/wp\/v2\/comments?post=1459"}],"version-history":[{"count":0,"href":"https:\/\/www.sorumatix.com\/blog\/wp-json\/wp\/v2\/posts\/1459\/revisions"}],"wp:featuredmedia":[{"embeddable":true,"href":"https:\/\/www.sorumatix.com\/blog\/wp-json\/wp\/v2\/media\/1403"}],"wp:attachment":[{"href":"https:\/\/www.sorumatix.com\/blog\/wp-json\/wp\/v2\/media?parent=1459"}],"wp:term":[{"taxonomy":"category","embeddable":true,"href":"https:\/\/www.sorumatix.com\/blog\/wp-json\/wp\/v2\/categories?post=1459"},{"taxonomy":"post_tag","embeddable":true,"href":"https:\/\/www.sorumatix.com\/blog\/wp-json\/wp\/v2\/tags?post=1459"}],"curies":[{"name":"wp","href":"https:\/\/api.w.org\/{rel}","templated":true}]}}