{"id":1465,"date":"2023-09-22T07:19:53","date_gmt":"2023-09-22T07:19:53","guid":{"rendered":"https:\/\/www.sorumatix.com\/blog\/?p=1465"},"modified":"2023-09-22T07:19:53","modified_gmt":"2023-09-22T07:19:53","slug":"ismet-inonunun-cumhurbaskani-secilmesi","status":"publish","type":"post","link":"https:\/\/www.sorumatix.com\/blog\/ismet-inonunun-cumhurbaskani-secilmesi.html","title":{"rendered":"\u0130smet \u0130n\u00f6n\u00fc\u2019n\u00fcn cumhurba\u015fkan\u0131 se\u00e7ilmesi"},"content":{"rendered":"<p><center><iframe loading=\"lazy\" width=\"560\" height=\"315\" src=\"https:\/\/www.youtube.com\/embed\/RbcLAxzj9V4\" title=\"YouTube video player\" frameborder=\"0\" allow=\"accelerometer; autoplay; clipboard-write; encrypted-media; gyroscope; picture-in-picture; web-share\" allowfullscreen><\/iframe><\/center><html><head><\/head><body><\/p>\n<p>\u0130smet \u0130n\u00f6n\u00fc&#8217;n\u00fcn Cumhurba\u015fkan\u0131 Se\u00e7ilmesi: T\u00fcrkiye&#8217;nin Tarihi Bir D\u00f6n\u00fcm Noktas\u0131<\/p>\n<p>T\u00fcrkiye&#8217;nin siyasi tarihinde b\u00fcy\u00fck bir \u00f6neme sahip olan \u0130smet \u0130n\u00f6n\u00fc&#8217;n\u00fcn Cumhurba\u015fkan\u0131 se\u00e7ilmesi, \u00fclkemiz i\u00e7in bir d\u00f6n\u00fcm noktas\u0131 olmu\u015ftur. Bu makalede, \u0130smet \u0130n\u00f6n\u00fc&#8217;n\u00fcn Cumhurba\u015fkan\u0131 se\u00e7ilmesi konusunu samimi bir dil kullanarak ele alaca\u011f\u0131z ve bu \u00f6nemli olay\u0131n detaylar\u0131n\u0131 gen\u00e7 okurlar\u0131m\u0131za aktaraca\u011f\u0131z.<\/p>\n<p>1. \u0130smet \u0130n\u00f6n\u00fc&#8217;n\u00fcn Ki\u015fisel ve Siyasi Ge\u00e7mi\u015fi:<\/p>\n<p>&#8211; \u0130smet \u0130n\u00f6n\u00fc, T\u00fcrkiye Cumhuriyeti&#8217;nin kurucusu ve ilk Cumhurba\u015fkan\u0131 Mustafa Kemal Atat\u00fcrk&#8217;\u00fcn en yak\u0131n arkada\u015flar\u0131ndan biri olarak bilinir.<\/p>\n<p>&#8211; \u0130n\u00f6n\u00fc, Milli M\u00fccadele d\u00f6nemindeki \u00f6nemli komutanlardan biriydi ve Kurtulu\u015f Sava\u015f\u0131&#8217;nda \u00f6nemli rol \u00fcstlenmi\u015ftir.<\/p>\n<p>2. \u0130n\u00f6n\u00fc&#8217;n\u00fcn Ba\u015fbakanl\u0131k D\u00f6nemi:<\/p>\n<p>&#8211; \u0130smet \u0130n\u00f6n\u00fc, Cumhuriyet&#8217;in ilk y\u0131llar\u0131nda T\u00fcrkiye&#8217;de uzun s\u00fcre Ba\u015fbakanl\u0131k yapm\u0131\u015ft\u0131r.<\/p>\n<p>&#8211; O d\u00f6nemde \u00fclke, modernle\u015fme ve demokrasi yolunda \u00f6nemli ad\u0131mlar atm\u0131\u015ft\u0131r.<\/p>\n<p>3. \u0130smet \u0130n\u00f6n\u00fc&#8217;n\u00fcn Cumhurba\u015fkan\u0131 Se\u00e7ilmesi:<\/p>\n<p>&#8211; \u0130n\u00f6n\u00fc, 1938 y\u0131l\u0131nda Mustafa Kemal Atat\u00fcrk&#8217;\u00fcn vefat\u0131n\u0131n ard\u0131ndan T\u00fcrkiye&#8217;nin ikinci Cumhurba\u015fkan\u0131 olarak se\u00e7ilmi\u015ftir.<\/p>\n<p>&#8211; T\u00fcrkiye&#8217;nin bu d\u00f6nemde i\u00e7inde bulundu\u011fu siyasi ve ekonomik zorluklar, \u0130n\u00f6n\u00fc&#8217;n\u00fcn liderlik yeteneklerini s\u0131nad\u0131\u011f\u0131 bir s\u00fcre\u00e7 olmu\u015ftur.<\/p>\n<p>4. \u0130smet \u0130n\u00f6n\u00fc&#8217;n\u00fcn Cumhurba\u015fkanl\u0131\u011f\u0131 D\u00f6nemi:<\/p>\n<p>&#8211; \u0130n\u00f6n\u00fc&#8217;n\u00fcn Cumhurba\u015fkanl\u0131\u011f\u0131 d\u00f6nemi, II. D\u00fcnya Sava\u015f\u0131 ve sonras\u0131ndaki k\u00fcresel olaylar\u0131n etkileriyle ge\u00e7mi\u015ftir.<\/p>\n<p>&#8211; \u00dclke, ba\u011f\u0131ms\u0131zl\u0131k ve ekonomik kalk\u0131nma m\u00fccadelesini s\u00fcrd\u00fcrm\u00fc\u015f, demokratik ilkeler do\u011frultusunda ilerlemeye \u00e7al\u0131\u015fm\u0131\u015ft\u0131r.<\/p>\n<p>\u0130smet \u0130n\u00f6n\u00fc&#8217;n\u00fcn Cumhurba\u015fkan\u0131 se\u00e7ilmesi, T\u00fcrkiye&#8217;nin tarihine damga vuran bir olayd\u0131r. \u0130n\u00f6n\u00fc, \u00fclkemizin i\u00e7 ve d\u0131\u015f politikalar\u0131nda \u00f6nemli kararlar al\u0131rken, \u00e7ocuklar\u0131n da gelece\u011fi i\u00e7in b\u00fcy\u00fck bir sorumluluk ta\u015f\u0131m\u0131\u015ft\u0131r. Onun liderli\u011fi sayesinde T\u00fcrkiye, \u00e7a\u011fda\u015f d\u00fcnyaya entegre olma yolunda \u00f6nemli ad\u0131mlar atm\u0131\u015ft\u0131r.<\/p>\n<p>Bu makalede, \u0130smet \u0130n\u00f6n\u00fc&#8217;n\u00fcn Cumhurba\u015fkan\u0131 se\u00e7ilmesi konusunu anlatmaya \u00e7al\u0131\u015ft\u0131k. Gelece\u011fin gen\u00e7leri olarak, tarihimizi ve \u00f6nemli olaylar\u0131 \u00f6\u011frenmek bizim i\u00e7in \u00e7ok de\u011ferlidir. \u0130smet \u0130n\u00f6n\u00fc&#8217;n\u00fcn liderli\u011fi ve T\u00fcrkiye&#8217;nin geli\u015fimi hakk\u0131nda daha fazla bilgi edinmek i\u00e7in okul derslerinde ve kitaplarda bu konulara da yer verilmektedir.<\/p>\n<p>Unutmayal\u0131m ki tarih, bir milletin kimli\u011fini ve k\u00fclt\u00fcr\u00fcn\u00fc anlamam\u0131z\u0131 sa\u011flar. \u0130smet \u0130n\u00f6n\u00fc&#8217;n\u00fcn Cumhurba\u015fkan\u0131 se\u00e7ilmesi gibi olaylar, \u00fclkemizin ge\u00e7mi\u015fine \u0131\u015f\u0131k tutar ve gelece\u011fimize y\u00f6n verir. Bu nedenle, tarihimizi \u00f6\u011frenmek ve anlamak bizlerin sorumlulu\u011fundad\u0131r.<\/p>\n<p>\u0130smet \u0130n\u00f6n\u00fc&#8217;n\u00fcn<\/p>\n<p><\/body><\/html><\/p>\n","protected":false},"excerpt":{"rendered":"<p>\u0130smet \u0130n\u00f6n\u00fc&#8217;n\u00fcn Cumhurba\u015fkan\u0131 Se\u00e7ilmesi: T\u00fcrkiye&#8217;nin Tarihi Bir D\u00f6n\u00fcm Noktas\u0131 T\u00fcrkiye&#8217;nin siyasi tarihinde b\u00fcy\u00fck bir \u00f6neme sahip olan \u0130smet \u0130n\u00f6n\u00fc&#8217;n\u00fcn Cumhurba\u015fkan\u0131<\/p>\n","protected":false},"author":1,"featured_media":0,"comment_status":"open","ping_status":"open","sticky":false,"template":"","format":"standard","meta":{"colormag_page_container_layout":"default_layout","colormag_page_sidebar_layout":"default_layout","footnotes":""},"categories":[16],"tags":[],"class_list":["post-1465","post","type-post","status-publish","format-standard","hentry","category-tarih-konulari"],"_links":{"self":[{"href":"https:\/\/www.sorumatix.com\/blog\/wp-json\/wp\/v2\/posts\/1465","targetHints":{"allow":["GET"]}}],"collection":[{"href":"https:\/\/www.sorumatix.com\/blog\/wp-json\/wp\/v2\/posts"}],"about":[{"href":"https:\/\/www.sorumatix.com\/blog\/wp-json\/wp\/v2\/types\/post"}],"author":[{"embeddable":true,"href":"https:\/\/www.sorumatix.com\/blog\/wp-json\/wp\/v2\/users\/1"}],"replies":[{"embeddable":true,"href":"https:\/\/www.sorumatix.com\/blog\/wp-json\/wp\/v2\/comments?post=1465"}],"version-history":[{"count":0,"href":"https:\/\/www.sorumatix.com\/blog\/wp-json\/wp\/v2\/posts\/1465\/revisions"}],"wp:attachment":[{"href":"https:\/\/www.sorumatix.com\/blog\/wp-json\/wp\/v2\/media?parent=1465"}],"wp:term":[{"taxonomy":"category","embeddable":true,"href":"https:\/\/www.sorumatix.com\/blog\/wp-json\/wp\/v2\/categories?post=1465"},{"taxonomy":"post_tag","embeddable":true,"href":"https:\/\/www.sorumatix.com\/blog\/wp-json\/wp\/v2\/tags?post=1465"}],"curies":[{"name":"wp","href":"https:\/\/api.w.org\/{rel}","templated":true}]}}