{"id":1473,"date":"2023-09-04T19:54:53","date_gmt":"2023-09-04T19:54:53","guid":{"rendered":"https:\/\/www.sorumatix.com\/blog\/?p=1473"},"modified":"2023-09-04T19:54:53","modified_gmt":"2023-09-04T19:54:53","slug":"birinci-dunya-savasinda-osmanli-devletinin-durumu","status":"publish","type":"post","link":"https:\/\/www.sorumatix.com\/blog\/birinci-dunya-savasinda-osmanli-devletinin-durumu.html","title":{"rendered":"Birinci D\u00fcnya Sava\u015f\u0131\u2019nda Osmanl\u0131 Devleti\u2019nin durumu"},"content":{"rendered":"<p><center><iframe loading=\"lazy\" width=\"560\" height=\"315\" src=\"https:\/\/www.youtube.com\/embed\/8aeT1EVXJHU\" title=\"YouTube video player\" frameborder=\"0\" allow=\"accelerometer; autoplay; clipboard-write; encrypted-media; gyroscope; picture-in-picture; web-share\" allowfullscreen><\/iframe><\/center><html><head><\/head><body><\/p>\n<p>Birinci D\u00fcnya Sava\u015f\u0131&#8217;nda Osmanl\u0131 Devleti&#8217;nin Durumu<\/p>\n<p>Osmanl\u0131 Devleti, Birinci D\u00fcnya Sava\u015f\u0131&#8217;nda \u00f6nemli bir rol oynam\u0131\u015f ve b\u00fcy\u00fck zorluklarla kar\u015f\u0131la\u015fm\u0131\u015ft\u0131r. \u0130\u015fte, Osmanl\u0131 Devleti&#8217;nin sava\u015f d\u00f6nemindeki durumunu anlatan baz\u0131 \u00f6nemli noktalar:<\/p>\n<p><center><img decoding=\"async\" src=\"https:\/\/www.sorumatix.com\/blog\/wp-content\/uploads\/2023\/08\/uploaded-image-1693289305232.jpg\" alt=\"1\"><\/center><\/p>\n<p>1. Kaynak Yetersizlikleri: Osmanl\u0131 Devleti, sava\u015fa kaynak bak\u0131m\u0131ndan yetersiz bir \u015fekilde girmi\u015fti. Ekonomik problemler, kaynaklar\u0131n s\u0131n\u0131rl\u0131 olmas\u0131 ve uzun s\u00fcren \u00e7at\u0131\u015fmalar, Osmanl\u0131 ordusunun malzeme ve silah eksikli\u011fiyle m\u00fccadele etmesine neden oldu.<\/p>\n<p>2. Cephe \u00c7at\u0131\u015fmalar\u0131: Osmanl\u0131 Devleti, sava\u015f\u0131n ba\u015flang\u0131c\u0131nda Almanya ve Avusturya-Macaristan \u0130mparatorlu\u011fu ile ittifak yaparak sava\u015fa girdi. Ancak, do\u011fu cephesinde Rus \u0130mparatorlu\u011fu&#8217;na kar\u015f\u0131 ciddi kay\u0131plar verdi. Ayr\u0131ca, \u00c7anakkale Cephesi&#8217;nde \u0130ngiliz, Frans\u0131z ve Anzak birlikleriyle \u00e7at\u0131\u015fmalar ya\u015fand\u0131.<\/p>\n<p>3. \u0130\u00e7 Kar\u0131\u015f\u0131kl\u0131klar: Osmanl\u0131 Devleti, sava\u015f d\u00f6neminde i\u00e7 kar\u0131\u015f\u0131kl\u0131klarla da m\u00fccadele etmek zorunda kald\u0131. Arap isyanlar\u0131, Ermeni tehciri gibi olaylar, devletin i\u00e7 d\u00fczenini sarsan \u00f6nemli geli\u015fmelerdi.<\/p>\n<p><center><img decoding=\"async\" src=\"https:\/\/www.sorumatix.com\/blog\/wp-content\/uploads\/2023\/08\/uploaded-image-1693289307796.jpg\" alt=\"2\"><\/center><\/p>\n<p>4. \u0130mparatorluk S\u0131n\u0131rlar\u0131ndaki Sorunlar: Osmanl\u0131 Devleti&#8217;nin topraklar\u0131nda, sava\u015f s\u0131ras\u0131nda bir\u00e7ok sorun ya\u015fand\u0131. Rusya&#8217;n\u0131n Kafkasya&#8217;y\u0131 i\u015fgali, \u0130ngilizlerin Irak&#8217;\u0131 ele ge\u00e7irmesi ve Frans\u0131zlar\u0131n Suriye&#8217;yi i\u015fgal etmesi gibi olaylar, Osmanl\u0131 Devleti&#8217;nin s\u0131n\u0131rlar\u0131n\u0131n daralmas\u0131na ve toprak kayb\u0131na neden oldu.<\/p>\n<p>5. Mondros Ate\u015fkes Antla\u015fmas\u0131: Sava\u015f\u0131n sonlar\u0131na do\u011fru Osmanl\u0131 Devleti, Mondros Ate\u015fkes Antla\u015fmas\u0131&#8217;n\u0131 imzalamak zorunda kald\u0131. Bu antla\u015fma, Osmanl\u0131 Devleti \u00fczerinde b\u00fcy\u00fck bir kontrol sa\u011flayan i\u015fgal g\u00fc\u00e7leri taraf\u0131ndan dayat\u0131ld\u0131 ve devletin topraklar\u0131n\u0131n b\u00fcy\u00fck bir k\u0131sm\u0131n\u0131 kaybetmesine yol a\u00e7t\u0131.<\/p>\n<p>Birinci D\u00fcnya Sava\u015f\u0131&#8217;nda Osmanl\u0131 Devleti&#8217;nin durumu, \u00e7ok karma\u015f\u0131k ve zorlu bir d\u00f6nemi yans\u0131tmaktad\u0131r. Kaynak yetersizlikleri, cephe \u00e7at\u0131\u015fmalar\u0131, i\u00e7 kar\u0131\u015f\u0131kl\u0131klar ve toprak kay\u0131plar\u0131 gibi fakt\u00f6rler, devletin g\u00fcc\u00fcn\u00fc ve itibar\u0131n\u0131 zay\u0131flatt\u0131. Bu d\u00f6nemdeki olaylar, Osmanl\u0131 Devleti&#8217;nin sonunu getiren s\u00fcrecin ba\u015flang\u0131c\u0131n\u0131 olu\u015fturdu.<\/p>\n<p>Birinci D\u00fcnya Sava\u015f\u0131&#8217;nda Osmanl\u0131 Devleti&#8217;nin durumu, tarihi anlamada b\u00fcy\u00fck bir \u00f6neme sahiptir ve bu konu, ilkokul \u00f6\u011frencilerinin tarih bilincini geli\u015ftirmek a\u00e7\u0131s\u0131ndan da \u00f6nemlidir. Tarih derslerinde Osmanl\u0131 Devleti&#8217;nin sava\u015f d\u00f6nemi hakk\u0131nda daha fazla bilgi edinmek, ge\u00e7mi\u015fle ba\u011flant\u0131 kurmalar\u0131na yard\u0131mc\u0131 olacakt\u0131r.<\/p>\n<p><\/body><\/html><\/p>\n","protected":false},"excerpt":{"rendered":"<p>Birinci D\u00fcnya Sava\u015f\u0131&#8217;nda Osmanl\u0131 Devleti&#8217;nin Durumu Osmanl\u0131 Devleti, Birinci D\u00fcnya Sava\u015f\u0131&#8217;nda \u00f6nemli bir rol oynam\u0131\u015f ve b\u00fcy\u00fck zorluklarla kar\u015f\u0131la\u015fm\u0131\u015ft\u0131r. \u0130\u015fte,<\/p>\n","protected":false},"author":1,"featured_media":1400,"comment_status":"open","ping_status":"open","sticky":false,"template":"","format":"standard","meta":{"colormag_page_container_layout":"default_layout","colormag_page_sidebar_layout":"default_layout","footnotes":""},"categories":[16],"tags":[],"class_list":["post-1473","post","type-post","status-publish","format-standard","has-post-thumbnail","hentry","category-tarih-konulari"],"_links":{"self":[{"href":"https:\/\/www.sorumatix.com\/blog\/wp-json\/wp\/v2\/posts\/1473","targetHints":{"allow":["GET"]}}],"collection":[{"href":"https:\/\/www.sorumatix.com\/blog\/wp-json\/wp\/v2\/posts"}],"about":[{"href":"https:\/\/www.sorumatix.com\/blog\/wp-json\/wp\/v2\/types\/post"}],"author":[{"embeddable":true,"href":"https:\/\/www.sorumatix.com\/blog\/wp-json\/wp\/v2\/users\/1"}],"replies":[{"embeddable":true,"href":"https:\/\/www.sorumatix.com\/blog\/wp-json\/wp\/v2\/comments?post=1473"}],"version-history":[{"count":0,"href":"https:\/\/www.sorumatix.com\/blog\/wp-json\/wp\/v2\/posts\/1473\/revisions"}],"wp:featuredmedia":[{"embeddable":true,"href":"https:\/\/www.sorumatix.com\/blog\/wp-json\/wp\/v2\/media\/1400"}],"wp:attachment":[{"href":"https:\/\/www.sorumatix.com\/blog\/wp-json\/wp\/v2\/media?parent=1473"}],"wp:term":[{"taxonomy":"category","embeddable":true,"href":"https:\/\/www.sorumatix.com\/blog\/wp-json\/wp\/v2\/categories?post=1473"},{"taxonomy":"post_tag","embeddable":true,"href":"https:\/\/www.sorumatix.com\/blog\/wp-json\/wp\/v2\/tags?post=1473"}],"curies":[{"name":"wp","href":"https:\/\/api.w.org\/{rel}","templated":true}]}}