{"id":1476,"date":"2023-09-15T19:32:53","date_gmt":"2023-09-15T19:32:53","guid":{"rendered":"https:\/\/www.sorumatix.com\/blog\/?p=1476"},"modified":"2023-09-15T19:32:53","modified_gmt":"2023-09-15T19:32:53","slug":"seriye-ve-evkaf-vekaletinin-kaldirilmasi-ile-erkan-i-harbiye-vekaletinin-kaldirilmasi","status":"publish","type":"post","link":"https:\/\/www.sorumatix.com\/blog\/seriye-ve-evkaf-vekaletinin-kaldirilmasi-ile-erkan-i-harbiye-vekaletinin-kaldirilmasi.html","title":{"rendered":"\u015eeriye ve Evk\u00e2f Vek\u00e2leti\u2019nin kald\u0131r\u0131lmas\u0131 ile Erk\u00e2n-\u0131 Harbiye Vek\u00e2leti\u2019nin kald\u0131r\u0131lmas\u0131"},"content":{"rendered":"<p><center><iframe loading=\"lazy\" width=\"560\" height=\"315\" src=\"https:\/\/www.youtube.com\/embed\/IZvlbj22uuI\" title=\"YouTube video player\" frameborder=\"0\" allow=\"accelerometer; autoplay; clipboard-write; encrypted-media; gyroscope; picture-in-picture; web-share\" allowfullscreen><\/iframe><\/center><html><head><\/head><body><\/p>\n<p>\u015eeriye ve Evk\u00e2f Vek\u00e2leti\u2019nin kald\u0131r\u0131lmas\u0131 ile Erk\u00e2n-\u0131 Harbiye Vek\u00e2leti\u2019nin kald\u0131r\u0131lmas\u0131, T\u00fcrkiye&#8217;nin tarihinde \u00f6nemli bir d\u00f6n\u00fcm noktas\u0131 olmu\u015ftur. Bu iki vek\u00e2letin kald\u0131r\u0131lmas\u0131yla birlikte \u00fclkemizde bir\u00e7ok de\u011fi\u015fiklik ya\u015fanm\u0131\u015ft\u0131r. \u0130\u015fte bu konuda bilmen gereken baz\u0131 \u00f6nemli noktalar:<\/p>\n<p>1. \u015eeriye ve Evk\u00e2f Vek\u00e2leti, Osmanl\u0131 \u0130mparatorlu\u011fu d\u00f6neminde hukuki i\u015flerden sorumlu olan bir kurulu\u015ftu. \u0130slam hukukuna dayanan kararlar al\u0131r ve uygulard\u0131. Ancak, T\u00fcrkiye Cumhuriyeti&#8217;nin kurucusu Atat\u00fcrk, laik bir devlet yap\u0131s\u0131 olu\u015fturma amac\u0131yla bu vek\u00e2leti kald\u0131rmaya karar verdi.<\/p>\n<p><center><img decoding=\"async\" src=\"https:\/\/www.sorumatix.com\/blog\/wp-content\/uploads\/2023\/08\/uploaded-image-1693289305713.jpg\" alt=\"1\"><\/center><\/p>\n<p>2. \u015eeriye ve Evk\u00e2f Vek\u00e2leti&#8217;nin kald\u0131r\u0131lmas\u0131yla birlikte din\u00ee i\u015fler devletten ayr\u0131ld\u0131. Art\u0131k din\u00ee konularda kararlar vermek ve uygulamak, Diyanet \u0130\u015fleri Ba\u015fkanl\u0131\u011f\u0131na ba\u011fl\u0131 olan yetkililere verildi. Bu sayede, devletin dini anlay\u0131\u015f\u0131ndan ba\u011f\u0131ms\u0131z olarak, bireylerin inan\u00e7lar\u0131n\u0131 \u00f6zg\u00fcrce ya\u015fama hakk\u0131 garanti alt\u0131na al\u0131nd\u0131.<\/p>\n<p>3. Erk\u00e2n-\u0131 Harbiye Vek\u00e2leti ise askeri i\u015flerden sorumlu olan bir kurulu\u015ftu. Atat\u00fcrk, T\u00fcrk Silahl\u0131 Kuvvetleri&#8217;nin modernle\u015ftirilmesi amac\u0131yla bu vek\u00e2leti kald\u0131rmaya karar verdi. B\u00f6ylece, ordunun daha etkin ve g\u00fc\u00e7l\u00fc hale getirilmesi ama\u00e7land\u0131.<\/p>\n<p><center><img decoding=\"async\" src=\"https:\/\/www.sorumatix.com\/blog\/wp-content\/uploads\/2023\/08\/uploaded-image-1693289307515.jpg\" alt=\"2\"><\/center><\/p>\n<p>4. \u015eeriye ve Evk\u00e2f Vek\u00e2leti ile Erk\u00e2n-\u0131 Harbiye Vek\u00e2leti&#8217;nin kald\u0131r\u0131lmas\u0131, T\u00fcrkiye&#8217;nin \u00e7a\u011fda\u015fla\u015fma s\u00fcrecinde \u00f6nemli bir ad\u0131m oldu. Bu ad\u0131mla birlikte devletin g\u00fcc\u00fc, sivil otoritelere aktar\u0131ld\u0131 ve demokratik bir yap\u0131 olu\u015fturuldu.<\/p>\n<p>5. Bu de\u011fi\u015fiklikler, T\u00fcrkiye&#8217;nin bat\u0131l\u0131la\u015fma \u00e7abalar\u0131n\u0131n bir par\u00e7as\u0131 olarak de\u011ferlendirilebilir. Atat\u00fcrk, \u00fclkenin modern d\u00fcnya ile uyum sa\u011flamas\u0131n\u0131 ve toplumsal geli\u015fimi desteklemeyi hedefledi.<\/p>\n<p>Sonu\u00e7 olarak, \u015eeriye ve Evk\u00e2f Vek\u00e2leti\u2019nin kald\u0131r\u0131lmas\u0131 ile Erk\u00e2n-\u0131 Harbiye Vek\u00e2leti\u2019nin kald\u0131r\u0131lmas\u0131, T\u00fcrkiye&#8217;nin tarihinde \u00f6nemli bir d\u00f6neme\u00e7tir. Bu de\u011fi\u015fiklikler sayesinde, \u00fclkemizde laiklik ilkesi benimsenmi\u015f, din\u00ee ve askeri i\u015fler sivil otoritelere teslim edilmi\u015ftir. Bu ad\u0131mlar, T\u00fcrkiye&#8217;nin demokratik yap\u0131s\u0131n\u0131n g\u00fc\u00e7lenmesine ve \u00e7a\u011fda\u015f bir toplum olma yolunda ilerlemesine katk\u0131 sa\u011flam\u0131\u015ft\u0131r.<\/p>\n<p><\/body><\/html><\/p>\n","protected":false},"excerpt":{"rendered":"<p>\u015eeriye ve Evk\u00e2f Vek\u00e2leti\u2019nin kald\u0131r\u0131lmas\u0131 ile Erk\u00e2n-\u0131 Harbiye Vek\u00e2leti\u2019nin kald\u0131r\u0131lmas\u0131, T\u00fcrkiye&#8217;nin tarihinde \u00f6nemli bir d\u00f6n\u00fcm noktas\u0131 olmu\u015ftur. Bu iki vek\u00e2letin<\/p>\n","protected":false},"author":1,"featured_media":1407,"comment_status":"open","ping_status":"open","sticky":false,"template":"","format":"standard","meta":{"colormag_page_container_layout":"default_layout","colormag_page_sidebar_layout":"default_layout","footnotes":""},"categories":[16],"tags":[],"class_list":["post-1476","post","type-post","status-publish","format-standard","has-post-thumbnail","hentry","category-tarih-konulari"],"_links":{"self":[{"href":"https:\/\/www.sorumatix.com\/blog\/wp-json\/wp\/v2\/posts\/1476","targetHints":{"allow":["GET"]}}],"collection":[{"href":"https:\/\/www.sorumatix.com\/blog\/wp-json\/wp\/v2\/posts"}],"about":[{"href":"https:\/\/www.sorumatix.com\/blog\/wp-json\/wp\/v2\/types\/post"}],"author":[{"embeddable":true,"href":"https:\/\/www.sorumatix.com\/blog\/wp-json\/wp\/v2\/users\/1"}],"replies":[{"embeddable":true,"href":"https:\/\/www.sorumatix.com\/blog\/wp-json\/wp\/v2\/comments?post=1476"}],"version-history":[{"count":0,"href":"https:\/\/www.sorumatix.com\/blog\/wp-json\/wp\/v2\/posts\/1476\/revisions"}],"wp:featuredmedia":[{"embeddable":true,"href":"https:\/\/www.sorumatix.com\/blog\/wp-json\/wp\/v2\/media\/1407"}],"wp:attachment":[{"href":"https:\/\/www.sorumatix.com\/blog\/wp-json\/wp\/v2\/media?parent=1476"}],"wp:term":[{"taxonomy":"category","embeddable":true,"href":"https:\/\/www.sorumatix.com\/blog\/wp-json\/wp\/v2\/categories?post=1476"},{"taxonomy":"post_tag","embeddable":true,"href":"https:\/\/www.sorumatix.com\/blog\/wp-json\/wp\/v2\/tags?post=1476"}],"curies":[{"name":"wp","href":"https:\/\/api.w.org\/{rel}","templated":true}]}}