{"id":1478,"date":"2023-09-10T07:43:53","date_gmt":"2023-09-10T07:43:53","guid":{"rendered":"https:\/\/www.sorumatix.com\/blog\/?p=1478"},"modified":"2023-09-10T07:43:53","modified_gmt":"2023-09-10T07:43:53","slug":"mustafa-kemalin-ve-turk-milletinin-sevr-antlasmasina-karsi-tepkileri","status":"publish","type":"post","link":"https:\/\/www.sorumatix.com\/blog\/mustafa-kemalin-ve-turk-milletinin-sevr-antlasmasina-karsi-tepkileri.html","title":{"rendered":"Mustafa Kemal\u2019in ve T\u00fcrk milletinin Sevr Antla\u015fmas\u0131\u2019na kar\u015f\u0131 tepkileri"},"content":{"rendered":"<p><center><iframe loading=\"lazy\" width=\"560\" height=\"315\" src=\"https:\/\/www.youtube.com\/embed\/B6PVK4GwlA8\" title=\"YouTube video player\" frameborder=\"0\" allow=\"accelerometer; autoplay; clipboard-write; encrypted-media; gyroscope; picture-in-picture; web-share\" allowfullscreen><\/iframe><\/center><html><head><\/head><body><center><img decoding=\"async\" src=\"https:\/\/www.sorumatix.com\/blog\/wp-content\/uploads\/2023\/08\/uploaded-image-1693289305657.jpg\" alt=\"1\"><\/center><\/p>\n<p>Mustafa Kemal ve T\u00fcrk Milletinin Sevr Antla\u015fmas\u0131&#8217;na Kar\u015f\u0131 Tepkileri<\/p>\n<p>Mustafa Kemal Atat\u00fcrk ve T\u00fcrk milleti, tarihte \u00f6nemli bir d\u00f6n\u00fcm noktas\u0131 olan Sevr Antla\u015fmas\u0131&#8217;na kar\u015f\u0131 g\u00f6sterdikleri tepkilerle \u00fcn kazanm\u0131\u015flard\u0131r. Bu antla\u015fma, 1919 y\u0131l\u0131nda Osmanl\u0131 \u0130mparatorlu\u011fu&#8217;nun ma\u011flubiyetinin ard\u0131ndan imzalanm\u0131\u015f ve T\u00fcrk topraklar\u0131n\u0131n b\u00fcy\u00fck b\u00f6l\u00fcm\u00fcn\u00fc i\u015fgal eden devletler aras\u0131nda payla\u015f\u0131m\u0131 \u00f6ng\u00f6rm\u00fc\u015ft\u00fcr.<\/p>\n<p>1. Halk\u0131n Birlik ve Dayan\u0131\u015fmas\u0131: Sevr Antla\u015fmas\u0131, T\u00fcrk halk\u0131n\u0131n ba\u011f\u0131ms\u0131zl\u0131k duygular\u0131n\u0131 zedeleyen bir niteli\u011fe sahipti. Ancak, bu durum T\u00fcrk milletini daha da bir araya getirdi. Mustafa Kemal \u00f6nderli\u011findeki milli m\u00fccadele, halk\u0131n ortak bir amaca y\u00f6nelmesini sa\u011flad\u0131 ve ulusal birlik ruhuyla hareket ettiler.<\/p>\n<p><center><img decoding=\"async\" src=\"https:\/\/www.sorumatix.com\/blog\/wp-content\/uploads\/2023\/08\/uploaded-image-1693289308302.jpg\" alt=\"2\"><\/center><\/p>\n<p>2. Milli \u015euurun Uyan\u0131\u015f\u0131: Sevr Antla\u015fmas\u0131&#8217;n\u0131n \u015fartlar\u0131, T\u00fcrk milletinin gelece\u011fi ve egemenlik haklar\u0131na b\u00fcy\u00fck bir tehdit olu\u015fturuyordu. Bu durum, T\u00fcrk halk\u0131n\u0131n milli \u015fuurunun uyanmas\u0131na yol a\u00e7t\u0131. Mustafa Kemal Atat\u00fcrk, T\u00fcrk milletine kendi kaderini tayin etme hakk\u0131n\u0131 hat\u0131rlatt\u0131 ve bu bilin\u00e7le hareket etmelerini sa\u011flad\u0131.<\/p>\n<p>3. Kurtulu\u015f M\u00fccadelesi: Sevr Antla\u015fmas\u0131, T\u00fcrk topraklar\u0131n\u0131n i\u015fgal edilmesine ve s\u0131n\u0131rlar\u0131n\u0131n belirlenmesine neden olacak h\u00fck\u00fcmler i\u00e7eriyordu. T\u00fcrk milleti, bu durumu kabul etmedi ve Mustafa Kemal liderli\u011findeki kurtulu\u015f m\u00fccadelesine giri\u015fti. Bu m\u00fccadele, T\u00fcrk milletinin vatan\u0131n\u0131 savunma azmiyle dolu oldu\u011funu g\u00f6sterdi.<\/p>\n<p>4. Uluslararas\u0131 Diplomasi: Mustafa Kemal Atat\u00fcrk, Sevr Antla\u015fmas\u0131&#8217;n\u0131n haks\u0131zl\u0131\u011f\u0131n\u0131 d\u00fcnyaya duyurmak i\u00e7in uluslararas\u0131 diplomasiyi kullanm\u0131\u015ft\u0131r. \u00c7e\u015fitli \u00fclkelerde temsilcilikler a\u00e7arak, antla\u015fman\u0131n haks\u0131zl\u0131klar\u0131n\u0131 anlatm\u0131\u015f ve T\u00fcrk milletinin ba\u011f\u0131ms\u0131zl\u0131k m\u00fccadelesine destek istemi\u015ftir.<\/p>\n<p>5. B\u00fcy\u00fck Taarruz: T\u00fcrk milleti, Sevr Antla\u015fmas\u0131&#8217;na kar\u015f\u0131 en b\u00fcy\u00fck tepkisini B\u00fcy\u00fck Taarruz ile g\u00f6stermi\u015ftir. 26 A\u011fustos 1922 tarihinde ba\u015flayan bu taarruz, T\u00fcrk ordusunun zaferleriyle sonu\u00e7lanm\u0131\u015f ve i\u015fgalci g\u00fc\u00e7ler T\u00fcrkiye&#8217;den at\u0131lm\u0131\u015ft\u0131r. Bu zafer, T\u00fcrk milletinin ba\u011f\u0131ms\u0131zl\u0131k iradesini t\u00fcm d\u00fcnyaya kan\u0131tlam\u0131\u015ft\u0131r.<\/p>\n<p>Sonu\u00e7 olarak, Mustafa Kemal ve T\u00fcrk milletinin Sevr Antla\u015fmas\u0131&#8217;na kar\u015f\u0131 g\u00f6sterdikleri tepkiler, tarih boyunca \u00f6nemli bir yer tutmaktad\u0131r. Halk\u0131n birlik ve dayan\u0131\u015fmas\u0131, milli \u015fuurun uyan\u0131\u015f\u0131, kurtulu\u015f m\u00fccadelesi, uluslararas\u0131 diplomasi ve B\u00fcy\u00fck Taarruz gibi \u00f6nemli ad\u0131mlar, T\u00fcrk milletinin ba\u011f\u0131ms\u0131zl\u0131k sevdas\u0131n\u0131n simgeleri olmu\u015ftur. Sevr Antla\u015fmas\u0131&#8217;na kar\u015f\u0131 verilen bu m\u00fccadele, T\u00fcrkiye Cumhuriyeti&#8217;nin kurulu\u015funda b\u00fcy\u00fck bir etkiye sahip olmu\u015ftur ve T\u00fcrk milletinin onurunu koruma amac\u0131n\u0131 ta\u015f\u0131m\u0131\u015ft\u0131r.<\/p>\n<p><\/body><\/html><\/p>\n","protected":false},"excerpt":{"rendered":"<p>Mustafa Kemal ve T\u00fcrk Milletinin Sevr Antla\u015fmas\u0131&#8217;na Kar\u015f\u0131 Tepkileri Mustafa Kemal Atat\u00fcrk ve T\u00fcrk milleti, tarihte \u00f6nemli bir d\u00f6n\u00fcm noktas\u0131<\/p>\n","protected":false},"author":1,"featured_media":1405,"comment_status":"open","ping_status":"open","sticky":false,"template":"","format":"standard","meta":{"colormag_page_container_layout":"default_layout","colormag_page_sidebar_layout":"default_layout","footnotes":""},"categories":[16],"tags":[],"class_list":["post-1478","post","type-post","status-publish","format-standard","has-post-thumbnail","hentry","category-tarih-konulari"],"_links":{"self":[{"href":"https:\/\/www.sorumatix.com\/blog\/wp-json\/wp\/v2\/posts\/1478","targetHints":{"allow":["GET"]}}],"collection":[{"href":"https:\/\/www.sorumatix.com\/blog\/wp-json\/wp\/v2\/posts"}],"about":[{"href":"https:\/\/www.sorumatix.com\/blog\/wp-json\/wp\/v2\/types\/post"}],"author":[{"embeddable":true,"href":"https:\/\/www.sorumatix.com\/blog\/wp-json\/wp\/v2\/users\/1"}],"replies":[{"embeddable":true,"href":"https:\/\/www.sorumatix.com\/blog\/wp-json\/wp\/v2\/comments?post=1478"}],"version-history":[{"count":0,"href":"https:\/\/www.sorumatix.com\/blog\/wp-json\/wp\/v2\/posts\/1478\/revisions"}],"wp:featuredmedia":[{"embeddable":true,"href":"https:\/\/www.sorumatix.com\/blog\/wp-json\/wp\/v2\/media\/1405"}],"wp:attachment":[{"href":"https:\/\/www.sorumatix.com\/blog\/wp-json\/wp\/v2\/media?parent=1478"}],"wp:term":[{"taxonomy":"category","embeddable":true,"href":"https:\/\/www.sorumatix.com\/blog\/wp-json\/wp\/v2\/categories?post=1478"},{"taxonomy":"post_tag","embeddable":true,"href":"https:\/\/www.sorumatix.com\/blog\/wp-json\/wp\/v2\/tags?post=1478"}],"curies":[{"name":"wp","href":"https:\/\/api.w.org\/{rel}","templated":true}]}}