{"id":1489,"date":"2023-09-19T19:24:53","date_gmt":"2023-09-19T19:24:53","guid":{"rendered":"https:\/\/www.sorumatix.com\/blog\/?p=1489"},"modified":"2023-09-19T19:24:53","modified_gmt":"2023-09-19T19:24:53","slug":"mustafa-kemale-suikast-girisimi","status":"publish","type":"post","link":"https:\/\/www.sorumatix.com\/blog\/mustafa-kemale-suikast-girisimi.html","title":{"rendered":"Mustafa Kemal\u2019e suikast giri\u015fimi"},"content":{"rendered":"<p><center><iframe loading=\"lazy\" width=\"560\" height=\"315\" src=\"https:\/\/www.youtube.com\/embed\/BYUpz-rvnYU\" title=\"YouTube video player\" frameborder=\"0\" allow=\"accelerometer; autoplay; clipboard-write; encrypted-media; gyroscope; picture-in-picture; web-share\" allowfullscreen><\/iframe><\/center><html><head><\/head><body><\/p>\n<p>Mustafa Kemal&#8217;e Suikast Giri\u015fimi<\/p>\n<p>Merhaba arkada\u015flar! Bug\u00fcn sizlere tarihle ilgili \u00e7ok ilgin\u00e7 bir konudan bahsedece\u011fim. Belki de daha \u00f6nce hi\u00e7 duymad\u0131\u011f\u0131n\u0131z, ama T\u00fcrkiye&#8217;nin kurtar\u0131c\u0131s\u0131 olarak bilinen Mustafa Kemal Atat\u00fcrk&#8217;e yap\u0131lan bir suikast giri\u015fiminden s\u00f6z edece\u011fim. Haydi, beraber bu olay\u0131n detaylar\u0131na g\u00f6z atal\u0131m ve ge\u00e7mi\u015ften bir ders \u00e7\u0131karal\u0131m!<\/p>\n<p>1) Suikast Giri\u015fimi Ne Demek?<\/p>\n<p>Suikast giri\u015fimi, bir ki\u015fiye ya da \u00fcnl\u00fc bir lider gibi \u00f6nemli bir fig\u00fcre yap\u0131lan \u00f6ld\u00fcrme te\u015febb\u00fcs\u00fcd\u00fcr. Maalesef, tarihte bir\u00e7ok lider hedef al\u0131nm\u0131\u015f ve suikasta maruz kalm\u0131\u015ft\u0131r.<\/p>\n<p><center><img decoding=\"async\" src=\"https:\/\/www.sorumatix.com\/blog\/wp-content\/uploads\/2023\/08\/uploaded-image-1693289306292.jpg\" alt=\"1\"><\/center><\/p>\n<p>2) 1926&#8217;daki Suikast Giri\u015fimi<\/p>\n<p>Birinci D\u00fcnya Sava\u015f\u0131&#8217;ndan sonra Osmanl\u0131 \u0130mparatorlu\u011fu y\u0131k\u0131lm\u0131\u015f ve T\u00fcrkiye Cumhuriyeti kurulmu\u015ftur. Cumhuriyetin ilk y\u0131llar\u0131nda, gen\u00e7 T\u00fcrkiye&#8217;nin kurucusu ve ilk Cumhurba\u015fkan\u0131 olan Mustafa Kemal Atat\u00fcrk&#8217;e kar\u015f\u0131 baz\u0131 gruplar taraf\u0131ndan suikast planlar\u0131 yap\u0131lm\u0131\u015ft\u0131r.<\/p>\n<p>3) \u0130stanbul&#8217;daki Olay<\/p>\n<p>\u0130\u015fte bu makalenin ba\u015f\u0131nda da belirtti\u011fimiz gibi, Mustafa Kemal Atat\u00fcrk&#8217;e y\u00f6nelik suikast giri\u015fimi ger\u00e7ekle\u015ftirilmek istenmi\u015ftir. Bu olay, 1926 y\u0131l\u0131n\u0131n 15 Haziran g\u00fcn\u00fc \u0130stanbul&#8217;da ger\u00e7ekle\u015fti. Atat\u00fcrk&#8217;\u00fcn otomobili, bir grup taraf\u0131ndan bombal\u0131 bir sald\u0131r\u0131ya u\u011frad\u0131.<\/p>\n<p>4) Cesur Korumalar<\/p>\n<p><center><img decoding=\"async\" src=\"https:\/\/www.sorumatix.com\/blog\/wp-content\/uploads\/2023\/08\/uploaded-image-1693289309220.jpg\" alt=\"2\"><\/center><\/p>\n<p>Neyse ki, Atat\u00fcrk&#8217;\u00fcn korumalar\u0131 \u00e7ok dikkatli ve cesur davrand\u0131. Sald\u0131r\u0131 an\u0131nda korumalar hemen m\u00fcdahale etti ve Atat\u00fcrk&#8217;\u00fc zarar g\u00f6rmeden kurtard\u0131lar. Bu olayda g\u00f6revli olan korumalar, ger\u00e7ek bir kahramanl\u0131k \u00f6rne\u011fi sergilediler.<\/p>\n<p>5) Suikast Giri\u015fimi&#8217;nin Sonu\u00e7lar\u0131<\/p>\n<p>Bu suikast giri\u015fimi, Mustafa Kemal Atat\u00fcrk&#8217;\u00fcn hayat\u0131n\u0131 kaybetmesine yol a\u00e7mad\u0131. Ancak bu olay, T\u00fcrkiye i\u00e7in b\u00fcy\u00fck bir uyar\u0131 oldu. Devlet yetkilileri ve halk, b\u00f6yle olaylar\u0131n tekrarlanmamas\u0131 i\u00e7in daha fazla g\u00fcvenlik \u00f6nlemi almaya karar verdi.<\/p>\n<p>6) Atat\u00fcrk&#8217;\u00fcn \u00d6nemi<\/p>\n<p>Mustafa Kemal Atat\u00fcrk, T\u00fcrkiye Cumhuriyeti&#8217;nin kurucusu olarak tarihte e\u015fsiz bir yere sahiptir. Onun liderli\u011fi ve vizyonu sayesinde T\u00fcrkiye modernle\u015fmi\u015f, e\u011fitim ve kad\u0131n haklar\u0131 gibi alanlarda b\u00fcy\u00fck ilerlemeler kaydetmi\u015ftir.<\/p>\n<p>Sonu\u00e7 olarak, Mustafa Kemal Atat\u00fcrk&#8217;e yap\u0131lan bu suikast giri\u015fimi, hem o d\u00f6nemin T\u00fcrkiye&#8217;si i\u00e7in b\u00fcy\u00fck bir tehlike olu\u015fturdu, hem de bizi ge\u00e7mi\u015fte ya\u015fananlardan ders \u00e7\u0131karmaya y\u00f6nlendirdi. Ge\u00e7mi\u015fi anlamak ve hatalar\u0131m\u0131zdan \u00f6\u011frenmek, gelece\u011fimiz i\u00e7in \u00e7ok \u00f6nemlidir. Unutmay\u0131n, tarih sadece ge\u00e7mi\u015fi de\u011fil, ayn\u0131 zamanda gelece\u011fi \u015fekillendiren bir ders kitab\u0131d\u0131r.<\/p>\n<p><\/body><\/html><\/p>\n","protected":false},"excerpt":{"rendered":"<p>Mustafa Kemal&#8217;e Suikast Giri\u015fimi Merhaba arkada\u015flar! Bug\u00fcn sizlere tarihle ilgili \u00e7ok ilgin\u00e7 bir konudan bahsedece\u011fim. Belki de daha \u00f6nce hi\u00e7<\/p>\n","protected":false},"author":1,"featured_media":1415,"comment_status":"open","ping_status":"open","sticky":false,"template":"","format":"standard","meta":{"colormag_page_container_layout":"default_layout","colormag_page_sidebar_layout":"default_layout","footnotes":""},"categories":[16],"tags":[],"class_list":["post-1489","post","type-post","status-publish","format-standard","has-post-thumbnail","hentry","category-tarih-konulari"],"_links":{"self":[{"href":"https:\/\/www.sorumatix.com\/blog\/wp-json\/wp\/v2\/posts\/1489","targetHints":{"allow":["GET"]}}],"collection":[{"href":"https:\/\/www.sorumatix.com\/blog\/wp-json\/wp\/v2\/posts"}],"about":[{"href":"https:\/\/www.sorumatix.com\/blog\/wp-json\/wp\/v2\/types\/post"}],"author":[{"embeddable":true,"href":"https:\/\/www.sorumatix.com\/blog\/wp-json\/wp\/v2\/users\/1"}],"replies":[{"embeddable":true,"href":"https:\/\/www.sorumatix.com\/blog\/wp-json\/wp\/v2\/comments?post=1489"}],"version-history":[{"count":0,"href":"https:\/\/www.sorumatix.com\/blog\/wp-json\/wp\/v2\/posts\/1489\/revisions"}],"wp:featuredmedia":[{"embeddable":true,"href":"https:\/\/www.sorumatix.com\/blog\/wp-json\/wp\/v2\/media\/1415"}],"wp:attachment":[{"href":"https:\/\/www.sorumatix.com\/blog\/wp-json\/wp\/v2\/media?parent=1489"}],"wp:term":[{"taxonomy":"category","embeddable":true,"href":"https:\/\/www.sorumatix.com\/blog\/wp-json\/wp\/v2\/categories?post=1489"},{"taxonomy":"post_tag","embeddable":true,"href":"https:\/\/www.sorumatix.com\/blog\/wp-json\/wp\/v2\/tags?post=1489"}],"curies":[{"name":"wp","href":"https:\/\/api.w.org\/{rel}","templated":true}]}}