{"id":1490,"date":"2023-09-08T19:46:53","date_gmt":"2023-09-08T19:46:53","guid":{"rendered":"https:\/\/www.sorumatix.com\/blog\/?p=1490"},"modified":"2023-09-08T19:46:53","modified_gmt":"2023-09-08T19:46:53","slug":"misakimillinin-kabulu-ve-buyuk-millet-meclisinin-acilisi","status":"publish","type":"post","link":"https:\/\/www.sorumatix.com\/blog\/misakimillinin-kabulu-ve-buyuk-millet-meclisinin-acilisi.html","title":{"rendered":"Misak\u0131milli\u2019nin kabul\u00fc ve B\u00fcy\u00fck Millet Meclisinin a\u00e7\u0131l\u0131\u015f\u0131"},"content":{"rendered":"<p><center><iframe loading=\"lazy\" width=\"560\" height=\"315\" src=\"https:\/\/www.youtube.com\/embed\/8WbDqQPtwsE\" title=\"YouTube video player\" frameborder=\"0\" allow=\"accelerometer; autoplay; clipboard-write; encrypted-media; gyroscope; picture-in-picture; web-share\" allowfullscreen><\/iframe><\/center><html><head><\/head><body><\/p>\n<p>Misak\u0131milli\u2019nin Kabul\u00fc ve B\u00fcy\u00fck Millet Meclisinin A\u00e7\u0131l\u0131\u015f\u0131<\/p>\n<p>Merhaba sevgili \u00f6\u011frenciler! Bug\u00fcn sizlere T\u00fcrkiye Cumhuriyeti&#8217;nin temellerinin at\u0131ld\u0131\u011f\u0131 \u00f6nemli bir d\u00f6nemden bahsedece\u011fim: Misak\u0131milli\u2019nin kabul\u00fc ve B\u00fcy\u00fck Millet Meclisi&#8217;nin a\u00e7\u0131l\u0131\u015f\u0131. Bu olaylar, T\u00fcrkiye&#8217;nin ba\u011f\u0131ms\u0131zl\u0131k m\u00fccadelesinde d\u00f6n\u00fcm noktalar\u0131d\u0131r. Hadi, beraber bu tarihi s\u00fcreci ke\u015ffedelim!<\/p>\n<p>1. Misak\u0131milli Nedir?<\/p>\n<p><center><img decoding=\"async\" src=\"https:\/\/www.sorumatix.com\/blog\/wp-content\/uploads\/2023\/08\/uploaded-image-1693289306442.jpg\" alt=\"1\"><\/center><\/p>\n<p>Misak\u0131milli, T\u00fcrk milletinin s\u0131n\u0131rlar\u0131n\u0131 belirleyen ve ulusal hedeflerini ortaya koyan bir bildiridir. 28 Ocak 1920&#8217;de T\u00fcrkiye B\u00fcy\u00fck Millet Meclisi taraf\u0131ndan kabul edildi. \u0130\u015fte bu bildiri ile T\u00fcrk milleti, uluslararas\u0131 topluma T\u00fcrkiye&#8217;nin ba\u011f\u0131ms\u0131zl\u0131\u011f\u0131n\u0131 ilan etmi\u015ftir.<\/p>\n<p><center><img decoding=\"async\" src=\"https:\/\/www.sorumatix.com\/blog\/wp-content\/uploads\/2023\/08\/uploaded-image-1693289309108.jpg\" alt=\"2\"><\/center><\/p>\n<p>2. B\u00fcy\u00fck Millet Meclisi Ne Zaman A\u00e7\u0131ld\u0131?<\/p>\n<p>B\u00fcy\u00fck Millet Meclisi, 23 Nisan 1920&#8217;de Ankara&#8217;da a\u00e7\u0131ld\u0131. Bu tarih ayn\u0131 zamanda 23 Nisan Ulusal Egemenlik ve \u00c7ocuk Bayram\u0131 olarak kutlanmaktad\u0131r. B\u00fcy\u00fck Millet Meclisi, T\u00fcrkiye&#8217;nin egemenli\u011finin kayna\u011f\u0131 olmu\u015ftur ve hala da \u00f6yle devam etmektedir.<\/p>\n<p>3. Misak\u0131milli Ne \u0130fade Ediyor?<\/p>\n<p>Misak\u0131milli, T\u00fcrk milletinin ba\u011f\u0131ms\u0131zl\u0131k m\u00fccadelesi s\u0131ras\u0131nda toprak b\u00fct\u00fcnl\u00fc\u011f\u00fcn\u00fc ve ulusal hedeflerini belirlemi\u015ftir. Bu bildiriyle T\u00fcrkiye&#8217;nin s\u0131n\u0131rlar\u0131 belirlenmi\u015f ve milli egemenlik ilkesi benimsenmi\u015ftir. Misak\u0131milli&#8217;ye g\u00f6re T\u00fcrkiye&#8217;nin topraklar\u0131, bug\u00fcnk\u00fc s\u0131n\u0131rlar\u0131m\u0131z\u0131n \u00f6tesine de uzanmaktad\u0131r.<\/p>\n<p>4. B\u00fcy\u00fck Millet Meclisi&#8217;nin \u00d6nemi Nedir?<\/p>\n<p>B\u00fcy\u00fck Millet Meclisi, T\u00fcrk milletinin temsil edildi\u011fi ve kararlar\u0131n\u0131n al\u0131nd\u0131\u011f\u0131 en y\u00fcksek demokratik kurumdur. T\u00fcrkiye Cumhuriyeti&#8217;nin temelleri burada at\u0131lm\u0131\u015ft\u0131r. Mustafa Kemal Atat\u00fcrk liderli\u011findeki meclis, ba\u011f\u0131ms\u0131zl\u0131k m\u00fccadelesinin merkezi olmu\u015f ve T\u00fcrkiye&#8217;nin gelece\u011fini \u015fekillendiren bir rol \u00fcstlenmi\u015ftir.<\/p>\n<p>Bug\u00fcn T\u00fcrkiye, bu tarihi s\u00fcrecin miras\u00e7\u0131s\u0131 olarak g\u00fc\u00e7l\u00fc ve ba\u011f\u0131ms\u0131z bir \u00fclkedir. Misak\u0131milli&#8217;nin kabul\u00fc ve B\u00fcy\u00fck Millet Meclisi&#8217;nin a\u00e7\u0131l\u0131\u015f\u0131, T\u00fcrk milletinin iradesini ortaya koydu\u011fu \u00f6nemli ad\u0131mlard\u0131r. Bu olaylar, bizlere vatan sevgisi, ba\u011f\u0131ms\u0131zl\u0131k, demokrasi gibi de\u011ferleri anlat\u0131rken ayn\u0131 zamanda tarihimizi ve kimli\u011fimizi de \u00f6\u011fretir.<\/p>\n<p>Unutmay\u0131n, sizler de gelece\u011fin T\u00fcrkiye&#8217;sini \u015fekillendirecek olan bireylersiniz. Kendi \u00fclkenizin tarihini ve de\u011ferlerini iyi \u00f6\u011frenmek, b\u00fcy\u00fcd\u00fck\u00e7e daha da \u00f6nemli hale gelecektir.<\/p>\n<p>Umar\u0131m bu makale, sizlere Misak\u0131milli\u2019nin kabul\u00fcn\u00fc ve B\u00fcy\u00fck Millet Meclisi&#8217;nin a\u00e7\u0131l\u0131\u015f\u0131n\u0131 anlatarak hem e\u011flenceli hem de bilgilendirici bir deneyim sunmu\u015ftur. Tarihimizi \u00f6\u011frenmek, ge\u00e7mi\u015fimizden dersler \u00e7\u0131karmak ve gelece\u011fimizi \u015fekillendirmek i\u00e7in \u00e7ok \u00f6nemlidir.<\/p>\n<p><\/body><\/html><\/p>\n","protected":false},"excerpt":{"rendered":"<p>Misak\u0131milli\u2019nin Kabul\u00fc ve B\u00fcy\u00fck Millet Meclisinin A\u00e7\u0131l\u0131\u015f\u0131 Merhaba sevgili \u00f6\u011frenciler! Bug\u00fcn sizlere T\u00fcrkiye Cumhuriyeti&#8217;nin temellerinin at\u0131ld\u0131\u011f\u0131 \u00f6nemli bir d\u00f6nemden bahsedece\u011fim:<\/p>\n","protected":false},"author":1,"featured_media":1416,"comment_status":"open","ping_status":"open","sticky":false,"template":"","format":"standard","meta":{"colormag_page_container_layout":"default_layout","colormag_page_sidebar_layout":"default_layout","footnotes":""},"categories":[16],"tags":[],"class_list":["post-1490","post","type-post","status-publish","format-standard","has-post-thumbnail","hentry","category-tarih-konulari"],"_links":{"self":[{"href":"https:\/\/www.sorumatix.com\/blog\/wp-json\/wp\/v2\/posts\/1490","targetHints":{"allow":["GET"]}}],"collection":[{"href":"https:\/\/www.sorumatix.com\/blog\/wp-json\/wp\/v2\/posts"}],"about":[{"href":"https:\/\/www.sorumatix.com\/blog\/wp-json\/wp\/v2\/types\/post"}],"author":[{"embeddable":true,"href":"https:\/\/www.sorumatix.com\/blog\/wp-json\/wp\/v2\/users\/1"}],"replies":[{"embeddable":true,"href":"https:\/\/www.sorumatix.com\/blog\/wp-json\/wp\/v2\/comments?post=1490"}],"version-history":[{"count":0,"href":"https:\/\/www.sorumatix.com\/blog\/wp-json\/wp\/v2\/posts\/1490\/revisions"}],"wp:featuredmedia":[{"embeddable":true,"href":"https:\/\/www.sorumatix.com\/blog\/wp-json\/wp\/v2\/media\/1416"}],"wp:attachment":[{"href":"https:\/\/www.sorumatix.com\/blog\/wp-json\/wp\/v2\/media?parent=1490"}],"wp:term":[{"taxonomy":"category","embeddable":true,"href":"https:\/\/www.sorumatix.com\/blog\/wp-json\/wp\/v2\/categories?post=1490"},{"taxonomy":"post_tag","embeddable":true,"href":"https:\/\/www.sorumatix.com\/blog\/wp-json\/wp\/v2\/tags?post=1490"}],"curies":[{"name":"wp","href":"https:\/\/api.w.org\/{rel}","templated":true}]}}