{"id":1493,"date":"2023-09-09T07:45:53","date_gmt":"2023-09-09T07:45:53","guid":{"rendered":"https:\/\/www.sorumatix.com\/blog\/?p=1493"},"modified":"2023-09-09T07:45:53","modified_gmt":"2023-09-09T07:45:53","slug":"turkiye-buyuk-millet-meclisine-karsi-ayaklanmalar","status":"publish","type":"post","link":"https:\/\/www.sorumatix.com\/blog\/turkiye-buyuk-millet-meclisine-karsi-ayaklanmalar.html","title":{"rendered":"T\u00fcrkiye B\u00fcy\u00fck Millet Meclisi&#8217;ne kar\u015f\u0131 ayaklanmalar"},"content":{"rendered":"<p><center><iframe loading=\"lazy\" width=\"560\" height=\"315\" src=\"https:\/\/www.youtube.com\/embed\/4ekdZySIReI\" title=\"YouTube video player\" frameborder=\"0\" allow=\"accelerometer; autoplay; clipboard-write; encrypted-media; gyroscope; picture-in-picture; web-share\" allowfullscreen><\/iframe><\/center><html><head><\/head><body><\/p>\n<p>T\u00fcrkiye B\u00fcy\u00fck Millet Meclisi&#8217;ne Kar\u015f\u0131 Ayaklanmalar<\/p>\n<p>Merhaba gen\u00e7 arkada\u015flar! Bug\u00fcn sizlere T\u00fcrkiye tarihinin \u00f6nemli bir konusu olan T\u00fcrkiye B\u00fcy\u00fck Millet Meclisi&#8217;ne Kar\u015f\u0131 Ayaklanmalar hakk\u0131nda bilgi verece\u011fim. Bu olaylar, \u00fclkemizin demokrasisi i\u00e7in b\u00fcy\u00fck \u00f6neme sahip oldu\u011fu kadar, derslerinizde de s\u0131k s\u0131k kar\u015f\u0131n\u0131za \u00e7\u0131kabilir. Hadi ba\u015flayal\u0131m!<\/p>\n<p>1. Osmanl\u0131 \u0130mparatorlu\u011fu D\u00f6nemi: \u0130lk olarak, T\u00fcrkiye B\u00fcy\u00fck Millet Meclisi&#8217;ne kar\u015f\u0131 ayaklanmalar\u0131n k\u00f6kleri Osmanl\u0131 \u0130mparatorlu\u011fu&#8217;nun son d\u00f6nemlerine dayan\u0131r. Bu d\u00f6nemde, imparatorluk zay\u0131flam\u0131\u015f ve bir\u00e7ok isyan ve m\u00fccadele ya\u015fanm\u0131\u015ft\u0131r.<\/p>\n<p>2. Milli M\u00fccadele: T\u00fcrkiye Cumhuriyeti&#8217;nin temelleri, T\u00fcrk milletinin i\u015fgal g\u00fc\u00e7lerine kar\u015f\u0131 y\u00fcr\u00fctt\u00fc\u011f\u00fc Milli M\u00fccadele ile at\u0131lm\u0131\u015ft\u0131r. TBMM, bu s\u00fcre\u00e7te halk\u0131n iradesini temsil eden \u00f6nemli bir kurum haline gelmi\u015ftir.<\/p>\n<p>3. \u0130zmir Suikast\u0131: T\u00fcrkiye B\u00fcy\u00fck Millet Meclisi&#8217;ne kar\u015f\u0131 yap\u0131lan ayaklanmalardan biri, 1920 y\u0131l\u0131nda ger\u00e7ekle\u015fen \u0130zmir Suikast\u0131&#8217;d\u0131r. Bu suikast, ulusal m\u00fccadeleye destek olan liderlerden biri olan \u0130zmir Valisi Kaz\u0131m Dirik&#8217;e y\u00f6neltilmi\u015ftir.<\/p>\n<p>4. Menemen Olay\u0131: 1930 y\u0131l\u0131nda ger\u00e7ekle\u015fen Menemen Olay\u0131, T\u00fcrkiye B\u00fcy\u00fck Millet Meclisi&#8217;ne kar\u015f\u0131 yap\u0131lan bir di\u011fer ayaklanmad\u0131r. Bu olayda, \u0130stiklal Mahkemeleri taraf\u0131ndan yarg\u0131lanan ve idam edilen bir grup a\u015f\u0131r\u0131 sa\u011fc\u0131, halk aras\u0131nda b\u00fcy\u00fck infial uyand\u0131rm\u0131\u015ft\u0131r.<\/p>\n<p>5. 27 May\u0131s Darbesi: T\u00fcrkiye tarihindeki \u00f6nemli d\u00f6n\u00fcm noktalar\u0131ndan biri olan 27 May\u0131s Darbesi de T\u00fcrkiye B\u00fcy\u00fck Millet Meclisi&#8217;ne kar\u015f\u0131 ger\u00e7ekle\u015fen bir harekettir. Bu darbe, askeri bir m\u00fcdahaleyle mevcut h\u00fck\u00fcmetin devrilmesine yol a\u00e7m\u0131\u015ft\u0131r.<\/p>\n<p><center><img decoding=\"async\" src=\"https:\/\/www.sorumatix.com\/blog\/wp-content\/uploads\/2023\/08\/uploaded-image-1693289306237.jpg\" alt=\"1\"><\/center><\/p>\n<p>6. Di\u011fer Ayaklanmalar: T\u00fcrkiye tarihinde TBMM&#8217;ye kar\u015f\u0131 ger\u00e7ekle\u015fen di\u011fer ayaklanmalardan baz\u0131lar\u0131 1960, 1971, ve 1980 y\u0131llar\u0131ndaki darbelerdir. Bu olaylar, \u00fclkemizin demokrasi s\u00fcrecinde zorlu d\u00f6nemler ya\u015fad\u0131\u011f\u0131n\u0131 g\u00f6stermektedir.<\/p>\n<p><center><img decoding=\"async\" src=\"https:\/\/www.sorumatix.com\/blog\/wp-content\/uploads\/2023\/08\/uploaded-image-1693289310121.jpg\" alt=\"2\"><\/center><\/p>\n<p>Sonu\u00e7 olarak, T\u00fcrkiye B\u00fcy\u00fck Millet Meclisi&#8217;ne kar\u015f\u0131 ayaklanmalar, \u00fclkemizin demokratik s\u00fcrecinde \u00f6nemli etkilere sahip olmu\u015ftur. Bu olaylar, ge\u00e7mi\u015fimizi anlamam\u0131z ve demokrasimizi korumak ad\u0131na bilinmesi gereken konulard\u0131r. Derslerinizde kar\u015f\u0131n\u0131za \u00e7\u0131kabilecek bu konuyu \u00f6\u011frenmek, tarihimize ve demokrasimize daha iyi bir bak\u0131\u015f a\u00e7\u0131s\u0131 kazand\u0131racakt\u0131r.<\/p>\n<p>Umuyorum ki bu yaz\u0131, size T\u00fcrkiye B\u00fcy\u00fck Millet Meclisi&#8217;ne kar\u015f\u0131 ayaklanmalar hakk\u0131nda temel bir bilgi sa\u011flam\u0131\u015ft\u0131r. Unutmay\u0131n, tarih ge\u00e7mi\u015fimizi anlamak i\u00e7in \u00f6nemlidir ve demokrasi ise gelece\u011fimizin \u015fekillenmesinde b\u00fcy\u00fck rol oynar.<\/p>\n<p><\/body><\/html><\/p>\n","protected":false},"excerpt":{"rendered":"<p>T\u00fcrkiye B\u00fcy\u00fck Millet Meclisi&#8217;ne Kar\u015f\u0131 Ayaklanmalar Merhaba gen\u00e7 arkada\u015flar! Bug\u00fcn sizlere T\u00fcrkiye tarihinin \u00f6nemli bir konusu olan T\u00fcrkiye B\u00fcy\u00fck Millet<\/p>\n","protected":false},"author":1,"featured_media":1423,"comment_status":"open","ping_status":"open","sticky":false,"template":"","format":"standard","meta":{"colormag_page_container_layout":"default_layout","colormag_page_sidebar_layout":"default_layout","footnotes":""},"categories":[16],"tags":[],"class_list":["post-1493","post","type-post","status-publish","format-standard","has-post-thumbnail","hentry","category-tarih-konulari"],"_links":{"self":[{"href":"https:\/\/www.sorumatix.com\/blog\/wp-json\/wp\/v2\/posts\/1493","targetHints":{"allow":["GET"]}}],"collection":[{"href":"https:\/\/www.sorumatix.com\/blog\/wp-json\/wp\/v2\/posts"}],"about":[{"href":"https:\/\/www.sorumatix.com\/blog\/wp-json\/wp\/v2\/types\/post"}],"author":[{"embeddable":true,"href":"https:\/\/www.sorumatix.com\/blog\/wp-json\/wp\/v2\/users\/1"}],"replies":[{"embeddable":true,"href":"https:\/\/www.sorumatix.com\/blog\/wp-json\/wp\/v2\/comments?post=1493"}],"version-history":[{"count":0,"href":"https:\/\/www.sorumatix.com\/blog\/wp-json\/wp\/v2\/posts\/1493\/revisions"}],"wp:featuredmedia":[{"embeddable":true,"href":"https:\/\/www.sorumatix.com\/blog\/wp-json\/wp\/v2\/media\/1423"}],"wp:attachment":[{"href":"https:\/\/www.sorumatix.com\/blog\/wp-json\/wp\/v2\/media?parent=1493"}],"wp:term":[{"taxonomy":"category","embeddable":true,"href":"https:\/\/www.sorumatix.com\/blog\/wp-json\/wp\/v2\/categories?post=1493"},{"taxonomy":"post_tag","embeddable":true,"href":"https:\/\/www.sorumatix.com\/blog\/wp-json\/wp\/v2\/tags?post=1493"}],"curies":[{"name":"wp","href":"https:\/\/api.w.org\/{rel}","templated":true}]}}