{"id":1495,"date":"2023-09-15T07:33:53","date_gmt":"2023-09-15T07:33:53","guid":{"rendered":"https:\/\/www.sorumatix.com\/blog\/?p=1495"},"modified":"2023-09-15T07:44:23","modified_gmt":"2023-09-15T07:44:23","slug":"turkiyede-halifeligin-kaldirilmasi","status":"publish","type":"post","link":"https:\/\/www.sorumatix.com\/blog\/turkiyede-halifeligin-kaldirilmasi.html","title":{"rendered":"T\u00fcrkiye&#8217;de Halifeli\u011fin Kald\u0131r\u0131lmas\u0131"},"content":{"rendered":"<p><center><iframe loading=\"lazy\" title=\"YouTube video player\" src=\"https:\/\/www.youtube.com\/embed\/t9Cp-ZVKDK4\" width=\"560\" height=\"315\" frameborder=\"0\" allowfullscreen=\"allowfullscreen\"><\/iframe><\/center><\/p>\n<h2>T\u00fcrkiye&#8217;de Halifeli\u011fin Kald\u0131r\u0131lmas\u0131: Tarihten G\u00fcn\u00fcm\u00fcze<\/h2>\n<p>Merhaba!\u00a0 Bug\u00fcn T\u00fcrkiye&#8217;de Halifeli\u011fin Kald\u0131r\u0131lmas\u0131 konusunu ele alaca\u011f\u0131z. Bu \u00f6nemli tarihi olay, \u00fclkemizdeki siyasi ve toplumsal de\u011fi\u015fimlerin bir par\u00e7as\u0131d\u0131r. Hadi ba\u015flayal\u0131m!<\/p>\n<p><center><img decoding=\"async\" src=\"https:\/\/www.sorumatix.com\/blog\/wp-content\/uploads\/2023\/08\/uploaded-image-1693289305883.jpg\" alt=\"1\" \/><\/center><\/p>\n<h3>1. Halifelik Nedir?<\/h3>\n<p>Halifelik, \u0130slam d\u00fcnyas\u0131nda peygamber Muhammed&#8217;in ard\u0131ndan gelen ve M\u00fcsl\u00fcman toplumun lideri olarak kabul edilen makamd\u0131r. Osmanl\u0131 \u0130mparatorlu\u011fu d\u00f6neminde, Osmanl\u0131 padi\u015fahlar\u0131 ayn\u0131 zamanda halife unvan\u0131n\u0131 da ta\u015f\u0131yordu.<\/p>\n<h3>2. T\u00fcrkiye&#8217;de Halifeli\u011fin Kurulu\u015fu<\/h3>\n<p>Osmanl\u0131 \u0130mparatorlu\u011fu&#8217;nun son d\u00f6nemlerinde, 1920&#8217;lerde T\u00fcrkiye&#8217;de \u00f6nemli bir siyasi d\u00f6n\u00fc\u015f\u00fcm ger\u00e7ekle\u015fti. Mustafa Kemal Atat\u00fcrk liderli\u011findeki T\u00fcrk Kurtulu\u015f Sava\u015f\u0131 sonucunda Cumhuriyet kuruldu ve yeni bir siyasi yap\u0131 olu\u015fturuldu.<\/p>\n<h3>3. Halifeli\u011fin Kald\u0131r\u0131lmas\u0131<\/h3>\n<p>29 Ekim 1923 tarihinde T\u00fcrkiye Cumhuriyeti&#8217;nin kurulmas\u0131yla birlikte, halifelik makam\u0131 kald\u0131r\u0131ld\u0131. Bu karar, T\u00fcrkiye&#8217;nin laik bir devlet yap\u0131s\u0131 benimsemesiyle uyumlu olarak al\u0131nd\u0131. Halifelik, siyasi bir makam oldu\u011fu i\u00e7in Cumhuriyet&#8217;in ilan\u0131yla bu g\u00f6rev sona erdi.<\/p>\n<h3>4. Atat\u00fcrk&#8217;\u00fcn Rol\u00fc<\/h3>\n<p>Cumhuriyet&#8217;in kurucusu Mustafa Kemal Atat\u00fcrk, halifeli\u011fin kald\u0131r\u0131lmas\u0131nda \u00f6nemli bir rol oynad\u0131. Atat\u00fcrk, \u00e7a\u011fda\u015f ve laik bir T\u00fcrkiye vizyonunu benimsedi ve bu do\u011frultuda reformlar ger\u00e7ekle\u015ftirdi. Halifeli\u011fin kald\u0131r\u0131lmas\u0131 da bu reformlar\u0131n bir par\u00e7as\u0131yd\u0131.<\/p>\n<h3>5. Sonu\u00e7lar\u0131<\/h3>\n<p>Halifeli\u011fin kald\u0131r\u0131lmas\u0131, T\u00fcrkiye&#8217;nin siyasi ve toplumsal yap\u0131s\u0131nda \u00f6nemli bir d\u00f6n\u00fcm noktas\u0131 oldu. Cumhuriyetin ilan\u0131yla birlikte din ve devlet i\u015fleri ayr\u0131ld\u0131 ve laiklik ilkesi benimsendi. T\u00fcrkiye, daha demokratik ve modern bir yap\u0131ya do\u011fru ilerlemeye ba\u015flad\u0131.<\/p>\n<p>Bug\u00fcnk\u00fc makalemizde T\u00fcrkiye&#8217;de Halifeli\u011fin Kald\u0131r\u0131lmas\u0131 konusunu ele ald\u0131k. Bu tarihi olay, T\u00fcrkiye&#8217;nin modernle\u015fme s\u00fcrecindeki \u00f6nemli ad\u0131mlardan biridir. Umar\u0131m bu bilgiler size yard\u0131mc\u0131 olmu\u015ftur. Unutmay\u0131n, tarih bize ge\u00e7mi\u015fi anlamam\u0131z ve gelece\u011fi \u015fekillendirmemiz konusunda ipu\u00e7lar\u0131 verir. \u0130leride daha fazla ilgin\u00e7 konuyla birlikte tekrar g\u00f6r\u00fc\u015fmek \u00fczere! Ba\u015far\u0131lar dilerim!<\/p>\n","protected":false},"excerpt":{"rendered":"<p>T\u00fcrkiye&#8217;de Halifeli\u011fin Kald\u0131r\u0131lmas\u0131: Tarihten G\u00fcn\u00fcm\u00fcze Merhaba!\u00a0 Bug\u00fcn T\u00fcrkiye&#8217;de Halifeli\u011fin Kald\u0131r\u0131lmas\u0131 konusunu ele alaca\u011f\u0131z. Bu \u00f6nemli tarihi olay, \u00fclkemizdeki siyasi ve<\/p>\n","protected":false},"author":1,"featured_media":1409,"comment_status":"open","ping_status":"open","sticky":false,"template":"","format":"standard","meta":{"colormag_page_container_layout":"default_layout","colormag_page_sidebar_layout":"default_layout","footnotes":""},"categories":[16],"tags":[],"class_list":["post-1495","post","type-post","status-publish","format-standard","has-post-thumbnail","hentry","category-tarih-konulari"],"_links":{"self":[{"href":"https:\/\/www.sorumatix.com\/blog\/wp-json\/wp\/v2\/posts\/1495","targetHints":{"allow":["GET"]}}],"collection":[{"href":"https:\/\/www.sorumatix.com\/blog\/wp-json\/wp\/v2\/posts"}],"about":[{"href":"https:\/\/www.sorumatix.com\/blog\/wp-json\/wp\/v2\/types\/post"}],"author":[{"embeddable":true,"href":"https:\/\/www.sorumatix.com\/blog\/wp-json\/wp\/v2\/users\/1"}],"replies":[{"embeddable":true,"href":"https:\/\/www.sorumatix.com\/blog\/wp-json\/wp\/v2\/comments?post=1495"}],"version-history":[{"count":1,"href":"https:\/\/www.sorumatix.com\/blog\/wp-json\/wp\/v2\/posts\/1495\/revisions"}],"predecessor-version":[{"id":3583,"href":"https:\/\/www.sorumatix.com\/blog\/wp-json\/wp\/v2\/posts\/1495\/revisions\/3583"}],"wp:featuredmedia":[{"embeddable":true,"href":"https:\/\/www.sorumatix.com\/blog\/wp-json\/wp\/v2\/media\/1409"}],"wp:attachment":[{"href":"https:\/\/www.sorumatix.com\/blog\/wp-json\/wp\/v2\/media?parent=1495"}],"wp:term":[{"taxonomy":"category","embeddable":true,"href":"https:\/\/www.sorumatix.com\/blog\/wp-json\/wp\/v2\/categories?post=1495"},{"taxonomy":"post_tag","embeddable":true,"href":"https:\/\/www.sorumatix.com\/blog\/wp-json\/wp\/v2\/tags?post=1495"}],"curies":[{"name":"wp","href":"https:\/\/api.w.org\/{rel}","templated":true}]}}