{"id":1497,"date":"2023-09-21T19:20:53","date_gmt":"2023-09-21T19:20:53","guid":{"rendered":"https:\/\/www.sorumatix.com\/blog\/?p=1497"},"modified":"2023-09-21T19:20:53","modified_gmt":"2023-09-21T19:20:53","slug":"ataturkun-olumune-iliskin-yerli-ve-yabanci-basinda-cikan-haber-ve-yorumlar","status":"publish","type":"post","link":"https:\/\/www.sorumatix.com\/blog\/ataturkun-olumune-iliskin-yerli-ve-yabanci-basinda-cikan-haber-ve-yorumlar.html","title":{"rendered":"Atat\u00fcrk\u2019\u00fcn \u00f6l\u00fcm\u00fcne ili\u015fkin yerli ve yabanc\u0131 bas\u0131nda \u00e7\u0131kan haber ve yorumlar"},"content":{"rendered":"<p><center><iframe loading=\"lazy\" width=\"560\" height=\"315\" src=\"https:\/\/www.youtube.com\/embed\/rJ749i54tto\" title=\"YouTube video player\" frameborder=\"0\" allow=\"accelerometer; autoplay; clipboard-write; encrypted-media; gyroscope; picture-in-picture; web-share\" allowfullscreen><\/iframe><\/center><html><head><\/head><body><\/p>\n<p>Atat\u00fcrk&#8217;\u00fcn \u00d6l\u00fcm\u00fcne \u0130li\u015fkin Yerli ve Yabanc\u0131 Bas\u0131nda \u00c7\u0131kan Haberler ve Yorumlar<\/p>\n<p>Atat\u00fcrk, T\u00fcrkiye&#8217;nin kurucusu ve ulusal kahraman\u0131 olarak tarihe ge\u00e7mi\u015ftir. 10 Kas\u0131m 1938 tarihinde hayata veda etmi\u015ftir. Bu derin kayb\u0131n ard\u0131ndan, yerli ve yabanc\u0131 bas\u0131nda \u00e7e\u015fitli haberler ve yorumlar yay\u0131nlanm\u0131\u015ft\u0131r.<\/p>\n<p>1. T\u00fcrk Bas\u0131n\u0131ndaki Haberler:<\/p>\n<p><center><img decoding=\"async\" src=\"https:\/\/www.sorumatix.com\/blog\/wp-content\/uploads\/2023\/08\/uploaded-image-1693289306610.jpg\" alt=\"1\"><\/center><\/p>\n<p>T\u00fcrk bas\u0131n\u0131, Atat\u00fcrk&#8217;\u00fcn \u00f6l\u00fcm\u00fcyle ilgili haberleri b\u00fcy\u00fck bir \u00fcz\u00fcnt\u00fc ve sayg\u0131yla duyurmu\u015ftur. Gazeteler, man\u015fetlerde ve i\u00e7 sayfalarda geni\u015f yer ay\u0131rm\u0131\u015ft\u0131r. Atat\u00fcrk&#8217;\u00fcn devlet adam\u0131 ve lider olarak b\u0131rakt\u0131\u011f\u0131 miras, vurgulanm\u0131\u015f ve halk\u0131n g\u00f6zya\u015flar\u0131na de\u011finilmi\u015ftir. Haberlerde, T\u00fcrk milletinin b\u00fcy\u00fck bir kayba u\u011frad\u0131\u011f\u0131 ve \u00fclkenin gelece\u011finin nas\u0131l \u015fekillenece\u011fi konu\u015fulmu\u015ftur.<\/p>\n<p>2. Yabanc\u0131 Bas\u0131ndaki Haberler:<\/p>\n<p><center><img decoding=\"async\" src=\"https:\/\/www.sorumatix.com\/blog\/wp-content\/uploads\/2023\/08\/uploaded-image-1693289309816.jpg\" alt=\"2\"><\/center><\/p>\n<p>Yabanc\u0131 bas\u0131n da Atat\u00fcrk&#8217;\u00fcn \u00f6l\u00fcm\u00fcne ili\u015fkin haberleri geni\u015f bir \u015fekilde aktarm\u0131\u015ft\u0131r. \u00d6zellikle Bat\u0131l\u0131 \u00fclkelerdeki gazeteler, Atat\u00fcrk&#8217;\u00fcn reformist politikalar\u0131n\u0131 ve modernle\u015fme \u00e7abalar\u0131n\u0131 vurgulam\u0131\u015ft\u0131r. Bir\u00e7ok gazete, Atat\u00fcrk&#8217;\u00fcn T\u00fcrkiye i\u00e7in bir d\u00f6n\u00fcm noktas\u0131 oldu\u011funu ve onun liderli\u011finin uluslararas\u0131 camiada takdirle kar\u015f\u0131land\u0131\u011f\u0131n\u0131 belirtmi\u015ftir. Bu haberlerde Atat\u00fcrk&#8217;\u00fcn \u00f6nc\u00fc bir lider olarak tan\u0131nd\u0131\u011f\u0131 ve d\u00fcnya \u00e7ap\u0131nda b\u00fcy\u00fck bir etki yaratt\u0131\u011f\u0131 vurgulanm\u0131\u015ft\u0131r.<\/p>\n<p>3. Yorumlar:<\/p>\n<p>Atat\u00fcrk&#8217;\u00fcn \u00f6l\u00fcm\u00fc \u00fczerine baz\u0131 yazarlar ve entelekt\u00fceller \u00e7e\u015fitli yorumlar yapm\u0131\u015ft\u0131r. Kimi yorumlar, Atat\u00fcrk&#8217;\u00fcn T\u00fcrkiye&#8217;nin modernle\u015fme s\u00fcrecindeki rol\u00fcn\u00fc \u00f6verken, baz\u0131lar\u0131 ise ele\u015ftirel bir yakla\u015f\u0131m sergilemi\u015ftir. Bu yorumlarda, Atat\u00fcrk&#8217;\u00fcn ideolojik miras\u0131, laiklik ilkesi ve demokratik de\u011ferler hakk\u0131nda farkl\u0131 g\u00f6r\u00fc\u015fler ortaya konmu\u015ftur. Ancak genel olarak, Atat\u00fcrk&#8217;\u00fcn \u00f6l\u00fcm\u00fcn\u00fcn b\u00fcy\u00fck bir kay\u0131p oldu\u011fu ve onun devrimci liderli\u011finin T\u00fcrkiye&#8217;nin gelece\u011fi \u00fczerinde derin bir etkisi oldu\u011fu kabul edilmi\u015ftir.<\/p>\n<p>Sonu\u00e7 olarak, Atat\u00fcrk&#8217;\u00fcn \u00f6l\u00fcm\u00fc yerli ve yabanc\u0131 bas\u0131nda b\u00fcy\u00fck yank\u0131 uyand\u0131rm\u0131\u015ft\u0131r. Haberler ve yorumlar, Atat\u00fcrk&#8217;\u00fcn T\u00fcrkiye&#8217;nin modernle\u015fmesine olan \u00f6nemini ve liderlik yeteneklerini yans\u0131tmaktad\u0131r. Atat\u00fcrk&#8217;\u00fcn miras\u0131, hala T\u00fcrkiye&#8217;nin temel de\u011ferleri aras\u0131nda yer almaktad\u0131r ve onun izinden gitmek, \u00fclkenin ilerlemesine katk\u0131 sa\u011flamaktad\u0131r. Onun \u00f6l\u00fcm\u00fc, her y\u0131l 10 Kas\u0131m&#8217;da T\u00fcrkiye&#8217;nin d\u00f6rt bir yan\u0131nda an\u0131lmakta ve sayg\u0131yla an\u0131lmaktad\u0131r.<\/p>\n<p><\/body><\/html><\/p>\n","protected":false},"excerpt":{"rendered":"<p>Atat\u00fcrk&#8217;\u00fcn \u00d6l\u00fcm\u00fcne \u0130li\u015fkin Yerli ve Yabanc\u0131 Bas\u0131nda \u00c7\u0131kan Haberler ve Yorumlar Atat\u00fcrk, T\u00fcrkiye&#8217;nin kurucusu ve ulusal kahraman\u0131 olarak tarihe ge\u00e7mi\u015ftir.<\/p>\n","protected":false},"author":1,"featured_media":1419,"comment_status":"open","ping_status":"open","sticky":false,"template":"","format":"standard","meta":{"colormag_page_container_layout":"default_layout","colormag_page_sidebar_layout":"default_layout","footnotes":""},"categories":[16],"tags":[],"class_list":["post-1497","post","type-post","status-publish","format-standard","has-post-thumbnail","hentry","category-tarih-konulari"],"_links":{"self":[{"href":"https:\/\/www.sorumatix.com\/blog\/wp-json\/wp\/v2\/posts\/1497","targetHints":{"allow":["GET"]}}],"collection":[{"href":"https:\/\/www.sorumatix.com\/blog\/wp-json\/wp\/v2\/posts"}],"about":[{"href":"https:\/\/www.sorumatix.com\/blog\/wp-json\/wp\/v2\/types\/post"}],"author":[{"embeddable":true,"href":"https:\/\/www.sorumatix.com\/blog\/wp-json\/wp\/v2\/users\/1"}],"replies":[{"embeddable":true,"href":"https:\/\/www.sorumatix.com\/blog\/wp-json\/wp\/v2\/comments?post=1497"}],"version-history":[{"count":0,"href":"https:\/\/www.sorumatix.com\/blog\/wp-json\/wp\/v2\/posts\/1497\/revisions"}],"wp:featuredmedia":[{"embeddable":true,"href":"https:\/\/www.sorumatix.com\/blog\/wp-json\/wp\/v2\/media\/1419"}],"wp:attachment":[{"href":"https:\/\/www.sorumatix.com\/blog\/wp-json\/wp\/v2\/media?parent=1497"}],"wp:term":[{"taxonomy":"category","embeddable":true,"href":"https:\/\/www.sorumatix.com\/blog\/wp-json\/wp\/v2\/categories?post=1497"},{"taxonomy":"post_tag","embeddable":true,"href":"https:\/\/www.sorumatix.com\/blog\/wp-json\/wp\/v2\/tags?post=1497"}],"curies":[{"name":"wp","href":"https:\/\/api.w.org\/{rel}","templated":true}]}}