{"id":1499,"date":"2023-09-10T19:42:53","date_gmt":"2023-09-10T19:42:53","guid":{"rendered":"https:\/\/www.sorumatix.com\/blog\/?p=1499"},"modified":"2023-09-10T19:42:53","modified_gmt":"2023-09-10T19:42:53","slug":"milli-mucadele-doneminde-dogu-cephesi-ve-guney-cephesinde-meydana-gelen-gelismeler","status":"publish","type":"post","link":"https:\/\/www.sorumatix.com\/blog\/milli-mucadele-doneminde-dogu-cephesi-ve-guney-cephesinde-meydana-gelen-gelismeler.html","title":{"rendered":"Mill\u00ee M\u00fccadele D\u00f6nemi\u2019nde Do\u011fu Cephesi ve G\u00fcney Cephesi\u2019nde meydana gelen geli\u015fmeler"},"content":{"rendered":"<p><center><iframe loading=\"lazy\" width=\"560\" height=\"315\" src=\"https:\/\/www.youtube.com\/embed\/w5ZoG4_4_v0\" title=\"YouTube video player\" frameborder=\"0\" allow=\"accelerometer; autoplay; clipboard-write; encrypted-media; gyroscope; picture-in-picture; web-share\" allowfullscreen><\/iframe><\/center><html><head><\/head><body><\/p>\n<p>Mill\u00ee M\u00fccadele D\u00f6nemi\u2019nde Do\u011fu Cephesi ve G\u00fcney Cephesi\u2019nde Meydana Gelen Geli\u015fmeler<\/p>\n<p>Merhaba arkada\u015flar! Bug\u00fcn sizlere Mill\u00ee M\u00fccadele D\u00f6nemi&#8217;nde Do\u011fu Cephesi ve G\u00fcney Cephesi&#8217;nde meydana gelen \u00f6nemli olaylar\u0131 anlataca\u011f\u0131m. Bu d\u00f6nem \u00fclkemizin ba\u011f\u0131ms\u0131zl\u0131k m\u00fccadelesinin verildi\u011fi, kahramanl\u0131k destanlar\u0131n\u0131n yaz\u0131ld\u0131\u011f\u0131 bir zaman dilimidir. Hadi gelin, beraber bu tarihi yolculu\u011fa \u00e7\u0131kal\u0131m!<\/p>\n<p>1. T\u00fcrk Milleti&#8217;nin Uyan\u0131\u015f\u0131:<\/p>\n<p>Mill\u00ee M\u00fccadele&#8217;nin ba\u015flang\u0131c\u0131nda T\u00fcrk milleti, i\u015fgalci g\u00fc\u00e7lere kar\u015f\u0131 uyan\u0131\u015f\u0131n\u0131 ger\u00e7ekle\u015ftirdi. Mustafa Kemal Atat\u00fcrk \u00f6nderli\u011findeki b\u00fcy\u00fcklerimiz, halk\u0131 bilin\u00e7lendirmek i\u00e7in k\u00f6y k\u00f6y, kasaba kasaba dola\u015ft\u0131. T\u00fcrk halk\u0131, vatan sevgisiyle dolup ta\u015farak mill\u00ee direni\u015fe kat\u0131ld\u0131.<\/p>\n<p>2. Sivas Kongresi ve Amasya Genelgesi:<\/p>\n<p>Sivas Kongresi ve Amasya Genelgesi, mill\u00ee iradenin ortaya \u00e7\u0131kt\u0131\u011f\u0131 ve ulusal birlik ruhunun peki\u015fti\u011fi \u00f6nemli ad\u0131mlard\u0131r. Sivas Kongresi&#8217;nde, Anadolu&#8217;nun ba\u011f\u0131ms\u0131zl\u0131\u011f\u0131 i\u00e7in m\u00fccadele edilece\u011fi kararla\u015ft\u0131r\u0131ld\u0131 ve Amasya Genelgesi ile de i\u015fgalcilere kar\u015f\u0131 direni\u015f \u00e7a\u011fr\u0131s\u0131 yap\u0131ld\u0131.<\/p>\n<p>3. Sakarya Meydan Muharebesi:<\/p>\n<p><center><img decoding=\"async\" src=\"https:\/\/www.sorumatix.com\/blog\/wp-content\/uploads\/2023\/08\/uploaded-image-1693289306568.jpg\" alt=\"1\"><\/center><\/p>\n<p>Sakarya Meydan Muharebesi, Kurtulu\u015f Sava\u015f\u0131&#8217;n\u0131n d\u00f6n\u00fcm noktalar\u0131ndan biridir. T\u00fcrk ordusu, B\u00fcy\u00fck Taarruz \u00f6ncesi Sakarya Nehri&#8217;nin g\u00fcneyinde d\u00fc\u015fman\u0131 durdurarak zafer kazand\u0131. Bu zafer, T\u00fcrk milletinin direni\u015f azmini g\u00f6sterdi ve ba\u011f\u0131ms\u0131zl\u0131k yolunda ilerlemesine b\u00fcy\u00fck katk\u0131 sa\u011flad\u0131.<\/p>\n<p><center><img decoding=\"async\" src=\"https:\/\/www.sorumatix.com\/blog\/wp-content\/uploads\/2023\/08\/uploaded-image-1693289311058.jpg\" alt=\"2\"><\/center><\/p>\n<p>4. \u0130stiklal Sava\u015f\u0131&#8217;n\u0131n Sonu\u00e7lanmas\u0131:<\/p>\n<p>Do\u011fu Cephesi&#8217;nde ve G\u00fcney Cephesi&#8217;nde ya\u015fanan \u00e7e\u015fitli muharebeler sonucunda T\u00fcrk ordusu, i\u015fgalcileri yenerek ba\u011f\u0131ms\u0131zl\u0131\u011f\u0131n\u0131 kazand\u0131. D\u00fc\u015fman kuvvetleri \u00fclkemizden tamamen \u00e7ekildi ve T\u00fcrkiye Cumhuriyeti&#8217;nin temelleri at\u0131ld\u0131.<\/p>\n<p>Mill\u00ee M\u00fccadele D\u00f6nemi\u2019nde Do\u011fu Cephesi ve G\u00fcney Cephesi&#8217;nde meydana gelen bu geli\u015fmeler, vatanseverlik ruhuyla dolu kahramanlar\u0131n destans\u0131 m\u00fccadelesini yans\u0131tmaktad\u0131r. Bu s\u00fcre\u00e7te T\u00fcrk halk\u0131, b\u00fcy\u00fck bir azim ve inan\u00e7la istiklal m\u00fccadelesi vermi\u015ftir. Unutmayal\u0131m ki, T\u00fcrkiye Cumhuriyeti&#8217;nin kurulu\u015funun temelinde bu b\u00fcy\u00fck m\u00fccadele ve fedak\u00e2rl\u0131klar yatmaktad\u0131r.<\/p>\n<p>Bu makalede Mill\u00ee M\u00fccadele D\u00f6nemi\u2019nde Do\u011fu Cephesi ve G\u00fcney Cephesi&#8217;nde ya\u015fanan geli\u015fmelere odakland\u0131k. Bu \u00f6nemli d\u00f6nemi daha iyi anlamak i\u00e7in tarihi kitaplardan, belgesellerden ve m\u00fczelerden faydalanabilirsiniz. Unutmay\u0131n, ge\u00e7mi\u015fimizi bilerek gelece\u011fimize \u015fekil verebiliriz.<\/p>\n<p><\/body><\/html><\/p>\n","protected":false},"excerpt":{"rendered":"<p>Mill\u00ee M\u00fccadele D\u00f6nemi\u2019nde Do\u011fu Cephesi ve G\u00fcney Cephesi\u2019nde Meydana Gelen Geli\u015fmeler Merhaba arkada\u015flar! Bug\u00fcn sizlere Mill\u00ee M\u00fccadele D\u00f6nemi&#8217;nde Do\u011fu Cephesi<\/p>\n","protected":false},"author":1,"featured_media":1418,"comment_status":"open","ping_status":"open","sticky":false,"template":"","format":"standard","meta":{"colormag_page_container_layout":"default_layout","colormag_page_sidebar_layout":"default_layout","footnotes":""},"categories":[16],"tags":[],"class_list":["post-1499","post","type-post","status-publish","format-standard","has-post-thumbnail","hentry","category-tarih-konulari"],"_links":{"self":[{"href":"https:\/\/www.sorumatix.com\/blog\/wp-json\/wp\/v2\/posts\/1499","targetHints":{"allow":["GET"]}}],"collection":[{"href":"https:\/\/www.sorumatix.com\/blog\/wp-json\/wp\/v2\/posts"}],"about":[{"href":"https:\/\/www.sorumatix.com\/blog\/wp-json\/wp\/v2\/types\/post"}],"author":[{"embeddable":true,"href":"https:\/\/www.sorumatix.com\/blog\/wp-json\/wp\/v2\/users\/1"}],"replies":[{"embeddable":true,"href":"https:\/\/www.sorumatix.com\/blog\/wp-json\/wp\/v2\/comments?post=1499"}],"version-history":[{"count":0,"href":"https:\/\/www.sorumatix.com\/blog\/wp-json\/wp\/v2\/posts\/1499\/revisions"}],"wp:featuredmedia":[{"embeddable":true,"href":"https:\/\/www.sorumatix.com\/blog\/wp-json\/wp\/v2\/media\/1418"}],"wp:attachment":[{"href":"https:\/\/www.sorumatix.com\/blog\/wp-json\/wp\/v2\/media?parent=1499"}],"wp:term":[{"taxonomy":"category","embeddable":true,"href":"https:\/\/www.sorumatix.com\/blog\/wp-json\/wp\/v2\/categories?post=1499"},{"taxonomy":"post_tag","embeddable":true,"href":"https:\/\/www.sorumatix.com\/blog\/wp-json\/wp\/v2\/tags?post=1499"}],"curies":[{"name":"wp","href":"https:\/\/api.w.org\/{rel}","templated":true}]}}