{"id":1500,"date":"2023-09-23T07:17:53","date_gmt":"2023-09-23T07:17:53","guid":{"rendered":"https:\/\/www.sorumatix.com\/blog\/?p=1500"},"modified":"2023-09-23T07:17:53","modified_gmt":"2023-09-23T07:17:53","slug":"ataturkun-ikinci-dunya-savasi-oncesi-tespitler-ve-girisimler","status":"publish","type":"post","link":"https:\/\/www.sorumatix.com\/blog\/ataturkun-ikinci-dunya-savasi-oncesi-tespitler-ve-girisimler.html","title":{"rendered":"Atat\u00fcrk\u2019\u00fcn \u0130kinci D\u00fcnya Sava\u015f\u0131 \u00f6ncesi tespitler ve giri\u015fimler"},"content":{"rendered":"<p><center><iframe loading=\"lazy\" width=\"560\" height=\"315\" src=\"https:\/\/www.youtube.com\/embed\/wtkoLpCO5tc\" title=\"YouTube video player\" frameborder=\"0\" allow=\"accelerometer; autoplay; clipboard-write; encrypted-media; gyroscope; picture-in-picture; web-share\" allowfullscreen><\/iframe><\/center><html><head><\/head><body><\/p>\n<p>Atat\u00fcrk\u2019\u00fcn \u0130kinci D\u00fcnya Sava\u015f\u0131 \u00d6ncesi Tespitleri ve Giri\u015fimleri<\/p>\n<p>Merhaba arkada\u015flar! Bug\u00fcn sizlere tarihte \u00f6nemli bir lider olan Mustafa Kemal Atat\u00fcrk&#8217;\u00fcn \u0130kinci D\u00fcnya Sava\u015f\u0131 \u00f6ncesi tespitleri ve giri\u015fimlerinden bahsedece\u011fim. \u0130\u015fte, Atat\u00fcrk&#8217;\u00fcn ulusumuzun g\u00fcvenli\u011fi ve refah\u0131 i\u00e7in yapt\u0131\u011f\u0131 \u00f6nemli \u00e7al\u0131\u015fmalardan baz\u0131lar\u0131:<\/p>\n<p>1. Bar\u0131\u015f\u0131n \u00d6nemi: Atat\u00fcrk, d\u00fcnyadaki siyasi geli\u015fmeleri yak\u0131ndan takip ederken bar\u0131\u015f\u0131n \u00f6nemini vurgulam\u0131\u015ft\u0131r. Sava\u015flar\u0131n insanlara b\u00fcy\u00fck ac\u0131lar ya\u015fatt\u0131\u011f\u0131n\u0131 ve \u00fclkelerin geli\u015fimine engel oldu\u011funu belirtmi\u015ftir.<\/p>\n<p>2. Ba\u011f\u0131ms\u0131zl\u0131k Politikas\u0131: Atat\u00fcrk, T\u00fcrkiye&#8217;nin ba\u011f\u0131ms\u0131zl\u0131\u011f\u0131n\u0131n korunmas\u0131 ve ulusal \u00e7\u0131karlar\u0131m\u0131z\u0131n g\u00f6zetilmesi konusunda hassasiyet g\u00f6stermi\u015ftir. Bu nedenle, d\u0131\u015f ili\u015fkilerde tarafs\u0131zl\u0131k politikas\u0131 izlemi\u015f ve \u00fclkemizi sava\u015f\u0131n i\u00e7ine \u00e7ekmekten ka\u00e7\u0131nm\u0131\u015ft\u0131r.<\/p>\n<p>3. Ekonomik Kalk\u0131nma: Atat\u00fcrk, \u00fclkenin ekonomik kalk\u0131nmas\u0131n\u0131n milli savunma a\u00e7\u0131s\u0131ndan da \u00f6nemli oldu\u011funun fark\u0131ndayd\u0131. \u00c7\u00fcnk\u00fc g\u00fc\u00e7l\u00fc bir ekonomi, \u00fclkenin ba\u011f\u0131ms\u0131zl\u0131\u011f\u0131n\u0131 korumak i\u00e7in gereken kaynaklar\u0131 sa\u011flamada yard\u0131mc\u0131 olur. Bu nedenle, sanayi ve tar\u0131m\u0131n geli\u015ftirilmesi i\u00e7in \u00f6nemli ad\u0131mlar atm\u0131\u015ft\u0131r.<\/p>\n<p>4. Silah Sanayii: Atat\u00fcrk, T\u00fcrkiye&#8217;nin savunma yetene\u011fini g\u00fc\u00e7lendirmek i\u00e7in silah sanayiinin geli\u015ftirilmesini hedeflemi\u015ftir. Kendi silahlar\u0131m\u0131z\u0131 \u00fcretebilirsek, d\u0131\u015far\u0131ya ba\u011f\u0131ml\u0131 olmadan ulusal g\u00fcvenli\u011fimizi sa\u011flayabiliriz d\u00fc\u015f\u00fcncesini benimsemi\u015ftir.<\/p>\n<p>5. Diplomatik Giri\u015fimler: Atat\u00fcrk, uluslararas\u0131 ili\u015fkilerde aktif bir rol oynam\u0131\u015f ve bar\u0131\u015f\u0131 koruma \u00e7abalar\u0131na katk\u0131da bulunmu\u015ftur. \u00d6zellikle Milletler Cemiyeti gibi uluslararas\u0131 \u00f6rg\u00fctler arac\u0131l\u0131\u011f\u0131yla bar\u0131\u015f\u0131 desteklemeye \u00e7al\u0131\u015fm\u0131\u015ft\u0131r.<\/p>\n<p><center><img decoding=\"async\" src=\"https:\/\/www.sorumatix.com\/blog\/wp-content\/uploads\/2023\/08\/uploaded-image-1693289307682.jpg\" alt=\"1\"><\/center><\/p>\n<p>Bu \u00f6nemli tespitler ve giri\u015fimler, Atat\u00fcrk&#8217;\u00fcn vizyoner liderli\u011finin bir g\u00f6stergesidir. O, ulusumuzun refah\u0131n\u0131 ve g\u00fcvenli\u011fini her \u015feyin \u00fczerinde tutmu\u015ftur. Bizler de onun miras\u0131n\u0131 devralarak T\u00fcrkiye&#8217;yi daha da ileriye ta\u015f\u0131ma sorumlulu\u011funu ta\u015f\u0131yoruz.<\/p>\n<p><center><img decoding=\"async\" src=\"https:\/\/www.sorumatix.com\/blog\/wp-content\/uploads\/2023\/08\/uploaded-image-1693289311408.jpg\" alt=\"2\"><\/center><\/p>\n<p>Sonu\u00e7 olarak, Atat\u00fcrk&#8217;\u00fcn \u0130kinci D\u00fcnya Sava\u015f\u0131 \u00f6ncesi tespitleri ve giri\u015fimleri b\u00fcy\u00fck bir \u00f6neme sahiptir. Bar\u0131\u015f, ba\u011f\u0131ms\u0131zl\u0131k, ekonomik kalk\u0131nma, silah sanayii ve diplomatik \u00e7abalar\u0131yla T\u00fcrkiye&#8217;yi g\u00fc\u00e7lendirmeyi hedeflemi\u015ftir. Bu de\u011ferli \u00f6\u011fretileri hat\u0131rlayarak, \u00fclkemizin gelece\u011fi i\u00e7in \u00e7al\u0131\u015fmal\u0131 ve Atat\u00fcrk&#8217;\u00fcn izinden gitmeliyiz.<\/p>\n<p>Unutmay\u0131n, sizler de b\u00fcy\u00fck hayaller kurabilir, \u00f6\u011frenmek ve geli\u015fmek i\u00e7in \u00e7aba g\u00f6sterebilirsiniz. Gelece\u011fin liderleri olarak, Atat\u00fcrk&#8217;\u00fcn bize b\u0131rakt\u0131\u011f\u0131 miras\u0131 korumak ve daha da ileriye ta\u015f\u0131mak sizin elinizde!<\/p>\n<p><\/body><\/html><\/p>\n","protected":false},"excerpt":{"rendered":"<p>Atat\u00fcrk\u2019\u00fcn \u0130kinci D\u00fcnya Sava\u015f\u0131 \u00d6ncesi Tespitleri ve Giri\u015fimleri Merhaba arkada\u015flar! Bug\u00fcn sizlere tarihte \u00f6nemli bir lider olan Mustafa Kemal Atat\u00fcrk&#8217;\u00fcn<\/p>\n","protected":false},"author":1,"featured_media":1430,"comment_status":"open","ping_status":"open","sticky":false,"template":"","format":"standard","meta":{"colormag_page_container_layout":"default_layout","colormag_page_sidebar_layout":"default_layout","footnotes":""},"categories":[16],"tags":[],"class_list":["post-1500","post","type-post","status-publish","format-standard","has-post-thumbnail","hentry","category-tarih-konulari"],"_links":{"self":[{"href":"https:\/\/www.sorumatix.com\/blog\/wp-json\/wp\/v2\/posts\/1500","targetHints":{"allow":["GET"]}}],"collection":[{"href":"https:\/\/www.sorumatix.com\/blog\/wp-json\/wp\/v2\/posts"}],"about":[{"href":"https:\/\/www.sorumatix.com\/blog\/wp-json\/wp\/v2\/types\/post"}],"author":[{"embeddable":true,"href":"https:\/\/www.sorumatix.com\/blog\/wp-json\/wp\/v2\/users\/1"}],"replies":[{"embeddable":true,"href":"https:\/\/www.sorumatix.com\/blog\/wp-json\/wp\/v2\/comments?post=1500"}],"version-history":[{"count":0,"href":"https:\/\/www.sorumatix.com\/blog\/wp-json\/wp\/v2\/posts\/1500\/revisions"}],"wp:featuredmedia":[{"embeddable":true,"href":"https:\/\/www.sorumatix.com\/blog\/wp-json\/wp\/v2\/media\/1430"}],"wp:attachment":[{"href":"https:\/\/www.sorumatix.com\/blog\/wp-json\/wp\/v2\/media?parent=1500"}],"wp:term":[{"taxonomy":"category","embeddable":true,"href":"https:\/\/www.sorumatix.com\/blog\/wp-json\/wp\/v2\/categories?post=1500"},{"taxonomy":"post_tag","embeddable":true,"href":"https:\/\/www.sorumatix.com\/blog\/wp-json\/wp\/v2\/tags?post=1500"}],"curies":[{"name":"wp","href":"https:\/\/api.w.org\/{rel}","templated":true}]}}