{"id":1505,"date":"2023-09-13T19:36:53","date_gmt":"2023-09-13T19:36:53","guid":{"rendered":"https:\/\/www.sorumatix.com\/blog\/?p=1505"},"modified":"2023-09-13T19:36:53","modified_gmt":"2023-09-13T19:36:53","slug":"turkiyede-saltanatin-kaldirilmasi","status":"publish","type":"post","link":"https:\/\/www.sorumatix.com\/blog\/turkiyede-saltanatin-kaldirilmasi.html","title":{"rendered":"T\u00fcrkiye&#8217;de Saltanat\u0131n Kald\u0131r\u0131lmas\u0131"},"content":{"rendered":"<p><center><iframe loading=\"lazy\" width=\"560\" height=\"315\" src=\"https:\/\/www.youtube.com\/embed\/jCduRio-PZ8\" title=\"YouTube video player\" frameborder=\"0\" allow=\"accelerometer; autoplay; clipboard-write; encrypted-media; gyroscope; picture-in-picture; web-share\" allowfullscreen><\/iframe><\/center><html><head><\/head><body><\/p>\n<p>T\u00fcrkiye&#8217;de Saltanat\u0131n Kald\u0131r\u0131lmas\u0131<\/p>\n<p>Merhaba \u00e7ocuklar! Bug\u00fcn size T\u00fcrkiye&#8217;nin tarihinde \u00f6nemli bir d\u00f6n\u00fcm noktas\u0131ndan bahsedece\u011fim: T\u00fcrkiye&#8217;de Saltanat\u0131n Kald\u0131r\u0131lmas\u0131. Bu olay, \u00fclkemizin demokratik ve cumhuriyet\u00e7i yap\u0131s\u0131n\u0131n temellerinden biridir. Hadi bu ilgin\u00e7 konuyu ke\u015ffedelim!<\/p>\n<p>1. Saltanat Nedir?<\/p>\n<p>Saltanat, Osmanl\u0131 \u0130mparatorlu\u011fu d\u00f6neminde h\u00fck\u00fcm s\u00fcren padi\u015fahlar\u0131n y\u00f6netim \u015feklidir. Padi\u015fahlar, imparatorluk \u00fczerinde mutlak g\u00fcce sahipti ve yetkileri nesilden nesile ge\u00e7iyordu.<\/p>\n<p>2. T\u00fcrkiye&#8217;de Cumhuriyetin Kurulu\u015fu<\/p>\n<p><center><img decoding=\"async\" src=\"https:\/\/www.sorumatix.com\/blog\/wp-content\/uploads\/2023\/08\/uploaded-image-1693289307172.jpg\" alt=\"1\"><\/center><\/p>\n<p>1919 y\u0131l\u0131nda T\u00fcrkiye&#8217;nin kurtulu\u015f m\u00fccadelesi ba\u015flad\u0131. B\u00fcy\u00fck \u00f6nder Mustafa Kemal Atat\u00fcrk liderli\u011findeki milli m\u00fccadele, halk\u0131n \u00f6zg\u00fcrl\u00fck ve ba\u011f\u0131ms\u0131zl\u0131k taleplerini destekledi. Sonunda, 29 Ekim 1923&#8217;te T\u00fcrkiye Cumhuriyeti resmen kuruldu.<\/p>\n<p>3. Saltanat\u0131n Kald\u0131r\u0131lmas\u0131<\/p>\n<p>Cumhuriyetin kurulmas\u0131yla birlikte, Osmanl\u0131 \u0130mparatorlu\u011fu&#8217;nun son padi\u015fah\u0131 Vahdettin s\u00fcrg\u00fcne g\u00f6nderildi. 1 Kas\u0131m 1922&#8217;de saltanat resmen kald\u0131r\u0131ld\u0131 ve T\u00fcrkiye art\u0131k bir cumhuriyet olarak y\u00f6netilmeye ba\u015fland\u0131.<\/p>\n<p>4. Cumhuriyetin Getirdi\u011fi De\u011fi\u015fiklikler<\/p>\n<p><center><img decoding=\"async\" src=\"https:\/\/www.sorumatix.com\/blog\/wp-content\/uploads\/2023\/08\/uploaded-image-1693289311296.jpg\" alt=\"2\"><\/center><\/p>\n<p>Cumhuriyetin ilan\u0131yla birlikte T\u00fcrkiye&#8217;de bir\u00e7ok \u00f6nemli reform ger\u00e7ekle\u015ftirildi. Bu reformlar aras\u0131nda, T\u00fcrk kad\u0131nlar\u0131n\u0131n siyasi ve sosyal haklar\u0131na kavu\u015fmas\u0131, e\u011fitim sisteminin modernle\u015ftirilmesi ve bat\u0131l\u0131la\u015fma politikalar\u0131n\u0131n uygulanmas\u0131 yer al\u0131yor.<\/p>\n<p>5. Kemal Atat\u00fcrk&#8217;\u00fcn \u00d6nderli\u011fi<\/p>\n<p>Mustafa Kemal Atat\u00fcrk, T\u00fcrkiye Cumhuriyeti&#8217;nin kurucusu ve ilk Cumhurba\u015fkan\u0131 olarak \u00fclkeyi d\u00f6n\u00fc\u015ft\u00fcrmek i\u00e7in b\u00fcy\u00fck \u00e7aba sarf etti. Laiklik, demokrasi, e\u015fitlik ve ba\u011f\u0131ms\u0131zl\u0131k gibi de\u011ferleri benimsedi ve T\u00fcrkiye&#8217;nin modern bir ulus olmas\u0131n\u0131 sa\u011flad\u0131.<\/p>\n<p>6. T\u00fcrkiye Cumhuriyeti G\u00fcn\u00fcm\u00fczde<\/p>\n<p>T\u00fcrkiye, saltanat\u0131n kald\u0131r\u0131lmas\u0131ndan bu yana b\u00fcy\u00fck ilerlemeler kaydetti. Bug\u00fcn, demokratik bir cumhuriyet olarak y\u00f6netiliyoruz ve vatanda\u015flar\u0131m\u0131z\u0131n haklar\u0131 ve \u00f6zg\u00fcrl\u00fckleri korunuyor.<\/p>\n<p>Sonu\u00e7 olarak, T\u00fcrkiye&#8217;de Saltanat\u0131n Kald\u0131r\u0131lmas\u0131, \u00fclkemizin demokratikle\u015fme s\u00fcrecinde \u00f6nemli bir ad\u0131md\u0131r. Bu olay sayesinde T\u00fcrkiye, \u00e7a\u011fda\u015f d\u00fcnya ile entegre oldu ve halk\u0131n iradesine dayal\u0131 bir y\u00f6netim \u015fekli benimsendi. Unutmay\u0131n, tarih bize ge\u00e7mi\u015ften dersler \u00e7\u0131karma ve gelece\u011fe daha iyi bir \u015fekilde ilerleme f\u0131rsat\u0131 sunar.<\/p>\n<p>Umar\u0131m bu makale size T\u00fcrkiye&#8217;deki \u00f6nemli olaylar\u0131 anlama konusunda yard\u0131mc\u0131 olmu\u015ftur. \u0130yi \u00f6\u011frenmeler dilerim!<\/p>\n<p><\/body><\/html><\/p>\n","protected":false},"excerpt":{"rendered":"<p>T\u00fcrkiye&#8217;de Saltanat\u0131n Kald\u0131r\u0131lmas\u0131 Merhaba \u00e7ocuklar! Bug\u00fcn size T\u00fcrkiye&#8217;nin tarihinde \u00f6nemli bir d\u00f6n\u00fcm noktas\u0131ndan bahsedece\u011fim: T\u00fcrkiye&#8217;de Saltanat\u0131n Kald\u0131r\u0131lmas\u0131. Bu olay, \u00fclkemizin<\/p>\n","protected":false},"author":1,"featured_media":1424,"comment_status":"open","ping_status":"open","sticky":false,"template":"","format":"standard","meta":{"colormag_page_container_layout":"default_layout","colormag_page_sidebar_layout":"default_layout","footnotes":""},"categories":[16],"tags":[],"class_list":["post-1505","post","type-post","status-publish","format-standard","has-post-thumbnail","hentry","category-tarih-konulari"],"_links":{"self":[{"href":"https:\/\/www.sorumatix.com\/blog\/wp-json\/wp\/v2\/posts\/1505","targetHints":{"allow":["GET"]}}],"collection":[{"href":"https:\/\/www.sorumatix.com\/blog\/wp-json\/wp\/v2\/posts"}],"about":[{"href":"https:\/\/www.sorumatix.com\/blog\/wp-json\/wp\/v2\/types\/post"}],"author":[{"embeddable":true,"href":"https:\/\/www.sorumatix.com\/blog\/wp-json\/wp\/v2\/users\/1"}],"replies":[{"embeddable":true,"href":"https:\/\/www.sorumatix.com\/blog\/wp-json\/wp\/v2\/comments?post=1505"}],"version-history":[{"count":0,"href":"https:\/\/www.sorumatix.com\/blog\/wp-json\/wp\/v2\/posts\/1505\/revisions"}],"wp:featuredmedia":[{"embeddable":true,"href":"https:\/\/www.sorumatix.com\/blog\/wp-json\/wp\/v2\/media\/1424"}],"wp:attachment":[{"href":"https:\/\/www.sorumatix.com\/blog\/wp-json\/wp\/v2\/media?parent=1505"}],"wp:term":[{"taxonomy":"category","embeddable":true,"href":"https:\/\/www.sorumatix.com\/blog\/wp-json\/wp\/v2\/categories?post=1505"},{"taxonomy":"post_tag","embeddable":true,"href":"https:\/\/www.sorumatix.com\/blog\/wp-json\/wp\/v2\/tags?post=1505"}],"curies":[{"name":"wp","href":"https:\/\/api.w.org\/{rel}","templated":true}]}}