{"id":1506,"date":"2023-12-13T19:56:53","date_gmt":"2023-12-13T19:56:53","guid":{"rendered":"https:\/\/www.sorumatix.com\/blog\/?p=1506"},"modified":"2023-09-06T06:44:11","modified_gmt":"2023-09-06T06:44:11","slug":"mustafa-kemalin-birinci-dunya-savasi-oncesinde-yaptigi-gorev-ve-hizmetler","status":"publish","type":"post","link":"https:\/\/www.sorumatix.com\/blog\/mustafa-kemalin-birinci-dunya-savasi-oncesinde-yaptigi-gorev-ve-hizmetler.html","title":{"rendered":"Mustafa Kemal\u2019in Birinci D\u00fcnya Sava\u015f\u0131 \u00f6ncesinde yapt\u0131\u011f\u0131 g\u00f6rev ve hizmetler"},"content":{"rendered":"<p><center><iframe loading=\"lazy\" width=\"560\" height=\"315\" src=\"https:\/\/www.youtube.com\/embed\/bvRq51BLPds\" title=\"YouTube video player\" frameborder=\"0\" allow=\"accelerometer; autoplay; clipboard-write; encrypted-media; gyroscope; picture-in-picture; web-share\" allowfullscreen><\/iframe><\/center><html><head><\/head><body><\/p>\n<p>Mustafa Kemal&#8217;s Role and Services Before World War I<\/p>\n<p>Merhaba! Ben senin i\u00e7in ilkokul derslerinde yard\u0131mc\u0131 olmak i\u00e7in buraday\u0131m. Bug\u00fcn, T\u00fcrkiye&#8217;nin b\u00fcy\u00fck liderlerinden biri olan Mustafa Kemal Atat\u00fcrk&#8217;\u00fcn Birinci D\u00fcnya Sava\u015f\u0131 \u00f6ncesindeki g\u00f6revleri ve hizmetleri konusunu ele alaca\u011f\u0131z. Bu konu, tarihimizin \u00f6nemli bir par\u00e7as\u0131d\u0131r \u00e7\u00fcnk\u00fc Mustafa Kemal&#8217;in bu d\u00f6nemdeki \u00e7al\u0131\u015fmalar\u0131, \u00fclkemizin ba\u011f\u0131ms\u0131zl\u0131k m\u00fccadelesinin temellerini atm\u0131\u015ft\u0131r.<\/p>\n<p>1. E\u011fitim ve Askerlik Kariyeri:<\/p>\n<p>Mustafa Kemal, \u0130stanbul&#8217;da bir askeri okulda e\u011fitim ald\u0131. Daha sonra Harp Okulu&#8217;na girdi ve ba\u015far\u0131l\u0131 bir \u015fekilde mezun oldu. Gen\u00e7 ya\u015fta subay olarak g\u00f6rev almas\u0131yla askerlik kariyeri ba\u015flam\u0131\u015f oldu.<\/p>\n<p>2. Trablusgarp Sava\u015f\u0131:<\/p>\n<p>Mustafa Kemal, Osmanl\u0131 \u0130mparatorlu\u011fu&#8217;nun Trablusgarp (Libya) b\u00f6lgesinde \u0130talyanlara kar\u015f\u0131 s\u00fcrd\u00fcrd\u00fc\u011f\u00fc sava\u015fta aktif bir rol oynad\u0131. Cesaretini ve stratejik d\u00fc\u015f\u00fcnme yetene\u011fini g\u00f6stererek bu sava\u015fta \u00f6nemli ba\u015far\u0131lar elde etti.<\/p>\n<p>3. Balkan Sava\u015flar\u0131:<\/p>\n<p>Balkanlar&#8217;da meydana gelen sava\u015flarda da Mustafa Kemal g\u00f6rev ald\u0131. \u00c7e\u015fitli cephelerde bulundu ve birliklerine liderlik etti. Bu sava\u015flar T\u00fcrk milletinin zorlu d\u00f6nemlerinden biriydi ve Mustafa Kemal&#8217;in cesareti ve kararl\u0131l\u0131\u011f\u0131, askerlerine umut a\u015f\u0131lad\u0131.<\/p>\n<p>4. \u00d6\u011fretmenlik ve Askeri E\u011fitim:<\/p>\n<p><center><img decoding=\"async\" src=\"https:\/\/www.sorumatix.com\/blog\/wp-content\/uploads\/2023\/08\/uploaded-image-1693289307523.jpg\" alt=\"1\"><\/center><\/p>\n<p>Mustafa Kemal, askeri okullarda \u00f6\u011fretmenlik yaparak gen\u00e7 subaylar\u0131 e\u011fitti. \u00c7a\u011fda\u015f askeri stratejileri ve savunma prensiplerini benimsedi ve bu bilgileri \u00f6\u011frencilerine aktard\u0131. Bu d\u00f6nemdeki e\u011fitim \u00e7al\u0131\u015fmalar\u0131, onun gelecekteki liderlik yeteneklerini geli\u015ftirmesine yard\u0131mc\u0131 oldu.<\/p>\n<p><center><img decoding=\"async\" src=\"https:\/\/www.sorumatix.com\/blog\/wp-content\/uploads\/2023\/08\/uploaded-image-1693289311720.jpg\" alt=\"2\"><\/center><\/p>\n<p>5. \u0130ttihat ve Terakki Cemiyeti:<\/p>\n<p>Mustafa Kemal, Osmanl\u0131 \u0130mparatorlu\u011fu&#8217;nda \u00f6nemli bir siyasi \u00f6rg\u00fct olan \u0130ttihat ve Terakki Cemiyeti \u00fcyesiydi. Bu cemiyet, \u00fclkeyi modernle\u015ftirmek ve g\u00fc\u00e7lendirmek amac\u0131yla \u00e7al\u0131\u015fmalar y\u00fcr\u00fctmekteydi. Mustafa Kemal&#8217;in buradaki g\u00f6revleri, onun siyasi fikirlerini \u015fekillendirdi ve gelecek i\u00e7in ilham kayna\u011f\u0131 oldu.<\/p>\n<p>Mustafa Kemal Atat\u00fcrk&#8217;\u00fcn Birinci D\u00fcnya Sava\u015f\u0131 \u00f6ncesindeki g\u00f6revleri ve hizmetleri, onun ileri g\u00f6r\u00fc\u015fl\u00fcl\u00fc\u011f\u00fcn\u00fc ve liderlik potansiyelini ortaya koyar. Bu d\u00f6nemde kazand\u0131\u011f\u0131 deneyim ve bilgiler, T\u00fcrkiye Cumhuriyeti&#8217;nin kurulu\u015funda ve ba\u011f\u0131ms\u0131zl\u0131k m\u00fccadelesinde b\u00fcy\u00fck rol oynad\u0131.<\/p>\n<p>Mustafa Kemal, T\u00fcrk milletinin \u00f6zg\u00fcrl\u00fc\u011f\u00fc ve ba\u011f\u0131ms\u0131zl\u0131\u011f\u0131 i\u00e7in b\u00fcy\u00fck bir vizyonla \u00e7al\u0131\u015ft\u0131. Onun azimli ve kararl\u0131 tutumu, t\u00fcm \u00e7ocuklar\u0131m\u0131za \u00f6rnek olmal\u0131d\u0131r. Unutmay\u0131n, siz de b\u00fcy\u00fck hedeflere ula\u015fabilirsiniz!<\/p>\n<p>Umar\u0131m bu makale, Mustafa Kemal Atat\u00fcrk&#8217;\u00fcn Birinci D\u00fcnya Sava\u015f\u0131 \u00f6ncesindeki g\u00f6rev ve hizmetleri hakk\u0131nda size yard\u0131mc\u0131 olmu\u015ftur. E\u011fer ba\u015fka konularla ilgili merak ettikleriniz varsa, sormaktan \u00e7ekinmeyin. Size her zaman yard\u0131mc\u0131 olmaktan mutluluk duyar\u0131m!<\/p>\n<p><\/body><\/html><\/p>\n","protected":false},"excerpt":{"rendered":"<p>Mustafa Kemal&#8217;s Role and Services Before World War I Merhaba! Ben senin i\u00e7in ilkokul derslerinde yard\u0131mc\u0131 olmak i\u00e7in buraday\u0131m. Bug\u00fcn,<\/p>\n","protected":false},"author":1,"featured_media":1431,"comment_status":"open","ping_status":"open","sticky":false,"template":"","format":"standard","meta":{"colormag_page_container_layout":"default_layout","colormag_page_sidebar_layout":"default_layout","footnotes":""},"categories":[16],"tags":[],"class_list":["post-1506","post","type-post","status-publish","format-standard","has-post-thumbnail","hentry","category-tarih-konulari"],"_links":{"self":[{"href":"https:\/\/www.sorumatix.com\/blog\/wp-json\/wp\/v2\/posts\/1506","targetHints":{"allow":["GET"]}}],"collection":[{"href":"https:\/\/www.sorumatix.com\/blog\/wp-json\/wp\/v2\/posts"}],"about":[{"href":"https:\/\/www.sorumatix.com\/blog\/wp-json\/wp\/v2\/types\/post"}],"author":[{"embeddable":true,"href":"https:\/\/www.sorumatix.com\/blog\/wp-json\/wp\/v2\/users\/1"}],"replies":[{"embeddable":true,"href":"https:\/\/www.sorumatix.com\/blog\/wp-json\/wp\/v2\/comments?post=1506"}],"version-history":[{"count":1,"href":"https:\/\/www.sorumatix.com\/blog\/wp-json\/wp\/v2\/posts\/1506\/revisions"}],"predecessor-version":[{"id":2910,"href":"https:\/\/www.sorumatix.com\/blog\/wp-json\/wp\/v2\/posts\/1506\/revisions\/2910"}],"wp:featuredmedia":[{"embeddable":true,"href":"https:\/\/www.sorumatix.com\/blog\/wp-json\/wp\/v2\/media\/1431"}],"wp:attachment":[{"href":"https:\/\/www.sorumatix.com\/blog\/wp-json\/wp\/v2\/media?parent=1506"}],"wp:term":[{"taxonomy":"category","embeddable":true,"href":"https:\/\/www.sorumatix.com\/blog\/wp-json\/wp\/v2\/categories?post=1506"},{"taxonomy":"post_tag","embeddable":true,"href":"https:\/\/www.sorumatix.com\/blog\/wp-json\/wp\/v2\/tags?post=1506"}],"curies":[{"name":"wp","href":"https:\/\/api.w.org\/{rel}","templated":true}]}}