{"id":1507,"date":"2023-09-16T19:30:53","date_gmt":"2023-09-16T19:30:53","guid":{"rendered":"https:\/\/www.sorumatix.com\/blog\/?p=1507"},"modified":"2023-09-16T19:30:53","modified_gmt":"2023-09-16T19:30:53","slug":"cumhuriyet-doneminde-egitim-ve-kultur-alaninda-yapilan-inkilaplar","status":"publish","type":"post","link":"https:\/\/www.sorumatix.com\/blog\/cumhuriyet-doneminde-egitim-ve-kultur-alaninda-yapilan-inkilaplar.html","title":{"rendered":"Cumhuriyet D\u00f6neminde E\u011fitim ve k\u00fclt\u00fcr alan\u0131nda yap\u0131lan ink\u0131laplar"},"content":{"rendered":"<p><center><iframe loading=\"lazy\" width=\"560\" height=\"315\" src=\"https:\/\/www.youtube.com\/embed\/9z6fyZLVWvY\" title=\"YouTube video player\" frameborder=\"0\" allow=\"accelerometer; autoplay; clipboard-write; encrypted-media; gyroscope; picture-in-picture; web-share\" allowfullscreen><\/iframe><\/center><html><head><\/head><body><center><img decoding=\"async\" src=\"https:\/\/www.sorumatix.com\/blog\/wp-content\/uploads\/2023\/08\/uploaded-image-1693289308456.jpg\" alt=\"1\"><\/center><\/p>\n<p>Cumhuriyet D\u00f6neminde E\u011fitim ve K\u00fclt\u00fcr Alan\u0131nda Yap\u0131lan \u0130nk\u0131laplar<\/p>\n<p>T\u00fcrkiye Cumhuriyeti&#8217;nin kurucusu Gazi Mustafa Kemal Atat\u00fcrk, \u00fclkemizin e\u011fitim ve k\u00fclt\u00fcr alan\u0131ndaki geli\u015fimi i\u00e7in b\u00fcy\u00fck bir vizyonla hareket etmi\u015ftir. Cumhuriyet D\u00f6nemi&#8217;nde ger\u00e7ekle\u015ftirilen ink\u0131laplar, T\u00fcrk toplumunun modern bir e\u011fitim sistemine sahip olmas\u0131n\u0131 sa\u011flam\u0131\u015ft\u0131r. \u0130\u015fte, Cumhuriyet D\u00f6nemi&#8217;nde e\u011fitim ve k\u00fclt\u00fcr alan\u0131nda yap\u0131lan \u00f6nemli ink\u0131laplar:<\/p>\n<p>1. Zorunlu E\u011fitim: Atat\u00fcrk, T\u00fcrkiye&#8217;nin kalk\u0131nmas\u0131 ve \u00e7a\u011fda\u015f bir toplum haline gelmesi i\u00e7in e\u011fitimin temel bir unsuru oldu\u011funu g\u00f6rm\u00fc\u015ft\u00fcr. Bu nedenle 1924 y\u0131l\u0131nda zorunlu ilkokul e\u011fitimi getirilmi\u015ftir. T\u00fcm \u00e7ocuklar\u0131n 6-14 ya\u015f aral\u0131\u011f\u0131nda e\u011fitim almas\u0131 sa\u011flanm\u0131\u015ft\u0131r.<\/p>\n<p>2. T\u00fcrk Harf Devrimi: T\u00fcrk dilinin yaz\u0131m\u0131n\u0131 kolayla\u015ft\u0131rmak amac\u0131yla 1928 y\u0131l\u0131nda T\u00fcrk harf devrimi ger\u00e7ekle\u015ftirilmi\u015ftir. Osmanl\u0131ca yerine Latin alfabesi benimsenmi\u015f ve okuma-yazma \u00f6\u011frenmek daha eri\u015filebilir hale gelmi\u015ftir.<\/p>\n<p>3. K\u00f6y Enstit\u00fcleri: 1930&#8217;lu y\u0131llarda a\u00e7\u0131lan K\u00f6y Enstit\u00fcleri, k\u0131rsal b\u00f6lgelerde ya\u015fayan \u00e7ocuklar\u0131n e\u011fitimine b\u00fcy\u00fck katk\u0131 sa\u011flam\u0131\u015ft\u0131r. Bu enstit\u00fclerde tar\u0131m, el sanatlar\u0131 ve meslek derslerinin yan\u0131 s\u0131ra genel e\u011fitim de verilmi\u015ftir.<\/p>\n<p>4. Y\u00fcksek\u00f6\u011fretim Reformu: 1933 y\u0131l\u0131nda kabul edilen y\u00fcksek\u00f6\u011fretim reformuyla \u00fcniversite e\u011fitimi modernle\u015ftirilmi\u015ftir. Y\u00fcksek\u00f6\u011fretim kurumlar\u0131n\u0131n say\u0131s\u0131 art\u0131r\u0131lm\u0131\u015f, yeni fak\u00fclteler ve meslek y\u00fcksekokullar\u0131 a\u00e7\u0131lm\u0131\u015ft\u0131r.<\/p>\n<p>5. T\u00fcrk Musikisi Konservatuvarlar\u0131: T\u00fcrk m\u00fczi\u011fi alan\u0131nda yetenekli \u00f6\u011frencilerin yeti\u015fmesi i\u00e7in 1936 y\u0131l\u0131nda \u0130stanbul, Ankara ve \u0130zmir&#8217;de T\u00fcrk Musikisi Konservatuvarlar\u0131 kurulmu\u015ftur. Bu konservatuvarlar, geleneksel T\u00fcrk m\u00fczi\u011finin korunmas\u0131na ve yayg\u0131nla\u015fmas\u0131na katk\u0131 sa\u011flam\u0131\u015ft\u0131r.<\/p>\n<p>6. Maarif Te\u015fkilat\u0131: 1928 y\u0131l\u0131nda kurulan Maarif Te\u015fkilat\u0131, e\u011fitim sisteminin merkezi bir yap\u0131ya kavu\u015fmas\u0131n\u0131 sa\u011flam\u0131\u015ft\u0131r. E\u011fitim programlar\u0131n\u0131n haz\u0131rlanmas\u0131, \u00f6\u011fretmen yeti\u015ftirme ve okul denetimi gibi konular\u0131 d\u00fczenlemi\u015ftir.<\/p>\n<p><center><img decoding=\"async\" src=\"https:\/\/www.sorumatix.com\/blog\/wp-content\/uploads\/2023\/08\/uploaded-image-1693289308456.jpg\" alt=\"2\"><\/center><\/p>\n<p>7. \u00d6\u011fretmen Okullar\u0131: Cumhuriyet D\u00f6nemi&#8217;nde \u00f6\u011fretmen yeti\u015ftirme sistemi \u00f6nemli bir de\u011fi\u015fim ge\u00e7irmi\u015ftir. \u00d6\u011fretmen okullar\u0131 a\u00e7\u0131lm\u0131\u015f ve modern pedagoji e\u011fitimi verilmeye ba\u015flanm\u0131\u015ft\u0131r. Bu sayede nitelikli \u00f6\u011fretmenler yeti\u015ftirilerek kaliteli e\u011fitimin temelleri at\u0131lm\u0131\u015ft\u0131r.<\/p>\n<p>Cumhuriyet D\u00f6nemi&#8217;nde ger\u00e7ekle\u015ftirilen bu ink\u0131laplar, T\u00fcrkiye&#8217;yi \u00e7a\u011fda\u015f d\u00fcnyaya entegre etmek i\u00e7in at\u0131lan \u00f6nemli ad\u0131mlard\u0131r. E\u011fitim ve k\u00fclt\u00fcr alan\u0131nda yap\u0131lan reformlar, toplumun bilin\u00e7lenmesini, modern bir d\u00fc\u015f\u00fcnce yap\u0131s\u0131n\u0131n olu\u015fmas\u0131n\u0131 ve \u00fclkenin kalk\u0131nmas\u0131n\u0131 sa\u011flam\u0131\u015ft\u0131r. Bug\u00fcn h\u00e2l\u00e2 bu de\u011ferlere sahip \u00e7\u0131karak, e\u011fitimimize \u00f6nem vermemiz ve \u00e7a\u011fda\u015f bir gelecek in\u015fa etmemiz gerekmektedir.<\/p>\n<p><\/body><\/html><\/p>\n","protected":false},"excerpt":{"rendered":"<p>Cumhuriyet D\u00f6neminde E\u011fitim ve K\u00fclt\u00fcr Alan\u0131nda Yap\u0131lan \u0130nk\u0131laplar T\u00fcrkiye Cumhuriyeti&#8217;nin kurucusu Gazi Mustafa Kemal Atat\u00fcrk, \u00fclkemizin e\u011fitim ve k\u00fclt\u00fcr alan\u0131ndaki<\/p>\n","protected":false},"author":1,"featured_media":1442,"comment_status":"open","ping_status":"open","sticky":false,"template":"","format":"standard","meta":{"colormag_page_container_layout":"default_layout","colormag_page_sidebar_layout":"default_layout","footnotes":""},"categories":[16],"tags":[],"class_list":["post-1507","post","type-post","status-publish","format-standard","has-post-thumbnail","hentry","category-tarih-konulari"],"_links":{"self":[{"href":"https:\/\/www.sorumatix.com\/blog\/wp-json\/wp\/v2\/posts\/1507","targetHints":{"allow":["GET"]}}],"collection":[{"href":"https:\/\/www.sorumatix.com\/blog\/wp-json\/wp\/v2\/posts"}],"about":[{"href":"https:\/\/www.sorumatix.com\/blog\/wp-json\/wp\/v2\/types\/post"}],"author":[{"embeddable":true,"href":"https:\/\/www.sorumatix.com\/blog\/wp-json\/wp\/v2\/users\/1"}],"replies":[{"embeddable":true,"href":"https:\/\/www.sorumatix.com\/blog\/wp-json\/wp\/v2\/comments?post=1507"}],"version-history":[{"count":0,"href":"https:\/\/www.sorumatix.com\/blog\/wp-json\/wp\/v2\/posts\/1507\/revisions"}],"wp:featuredmedia":[{"embeddable":true,"href":"https:\/\/www.sorumatix.com\/blog\/wp-json\/wp\/v2\/media\/1442"}],"wp:attachment":[{"href":"https:\/\/www.sorumatix.com\/blog\/wp-json\/wp\/v2\/media?parent=1507"}],"wp:term":[{"taxonomy":"category","embeddable":true,"href":"https:\/\/www.sorumatix.com\/blog\/wp-json\/wp\/v2\/categories?post=1507"},{"taxonomy":"post_tag","embeddable":true,"href":"https:\/\/www.sorumatix.com\/blog\/wp-json\/wp\/v2\/tags?post=1507"}],"curies":[{"name":"wp","href":"https:\/\/api.w.org\/{rel}","templated":true}]}}