{"id":1508,"date":"2023-09-04T07:55:53","date_gmt":"2023-09-04T07:55:53","guid":{"rendered":"https:\/\/www.sorumatix.com\/blog\/?p=1508"},"modified":"2023-09-04T08:40:44","modified_gmt":"2023-09-04T08:40:44","slug":"birinci-dunya-savasinin-sebepleri-ve-savasin-baslamasina-yol-acan-gelismeler","status":"publish","type":"post","link":"https:\/\/www.sorumatix.com\/blog\/birinci-dunya-savasinin-sebepleri-ve-savasin-baslamasina-yol-acan-gelismeler.html","title":{"rendered":"Birinci D\u00fcnya Sava\u015f\u0131\u2019n\u0131n sebepleri ve sava\u015f\u0131n ba\u015flamas\u0131na yol a\u00e7an geli\u015fmeler"},"content":{"rendered":"<p><center><iframe loading=\"lazy\" title=\"YouTube video player\" src=\"https:\/\/www.youtube.com\/embed\/8aeT1EVXJHU\" width=\"560\" height=\"315\" frameborder=\"0\" allowfullscreen=\"allowfullscreen\"><\/iframe><\/center>&nbsp;<\/p>\n<p><center><\/center>&nbsp;<\/p>\n<h2>Birinci D\u00fcnya Sava\u015f\u0131: Sebepler ve Ba\u015flamas\u0131na Yol A\u00e7an Geli\u015fmeler<\/h2>\n<p>Merhaba! Ben, sizlere ilkokul derslerinde yard\u0131mc\u0131 olmak i\u00e7in buraday\u0131m. Bu makalemde, tarihin \u00f6nemli olaylar\u0131ndan biri olan Birinci D\u00fcnya Sava\u015f\u0131&#8217;n\u0131n sebeplerini ve sava\u015f\u0131n ba\u015flamas\u0131na yol a\u00e7an geli\u015fmeleri anlataca\u011f\u0131m. Haz\u0131rsan\u0131z, hemen ba\u015flayal\u0131m!<\/p>\n<p>1. \u0130mparatorluklar Aras\u0131 Rekabet: 20. y\u00fczy\u0131l\u0131n ba\u015f\u0131nda, b\u00fcy\u00fck g\u00fc\u00e7ler aras\u0131nda rekabet artt\u0131. B\u00fcy\u00fck Britanya, Almanya, Rusya, Fransa ve di\u011fer Avrupa \u00fclkeleri, s\u00f6m\u00fcrgecilik ve ekonomik \u00fcst\u00fcnl\u00fck i\u00e7in m\u00fccadele etti. Bu durum, gerilimi art\u0131rarak sava\u015f\u0131n zeminini haz\u0131rlad\u0131.<\/p>\n<p>2. Milliyet\u00e7ilik Dalgas\u0131: 19. y\u00fczy\u0131l boyunca milliyet\u00e7ilik fikri yay\u0131ld\u0131. \u0130nsanlar, kendi ulusal kimliklerine sahip \u00e7\u0131karak ba\u011f\u0131ms\u0131zl\u0131k istediler. Bu durum ise etnik gruplar aras\u0131nda gerilimleri art\u0131rd\u0131. \u00d6zellikle Balkanlar&#8217;da ya\u015fanan \u00e7at\u0131\u015fmalar, sava\u015fa do\u011fru bir ad\u0131m oldu.<\/p>\n<p>3. \u0130ttifak Sistemi: Avrupa&#8217;da \u00fclkeler aras\u0131nda ittifaklar kuruldu. Almanya, Avusturya-Macaristan \u0130mparatorlu\u011fu ve \u0130talya aras\u0131nda \u00fc\u00e7l\u00fc ittifak, Fransa, Rusya ve \u0130ngiltere aras\u0131nda ise \u0130tilaf Devletleri olu\u015ftu. Bu ittifaklar sava\u015f\u0131n k\u00fcresel boyutta yay\u0131lmas\u0131na neden oldu.<\/p>\n<p>4. Silahlanma Yar\u0131\u015f\u0131: B\u00fcy\u00fck g\u00fc\u00e7ler silahlanmaya b\u00fcy\u00fck yat\u0131r\u0131mlar yapmaya ba\u015flad\u0131. \u00d6zellikle Almanya ve Britanya aras\u0131ndaki deniz g\u00fcc\u00fc yar\u0131\u015f\u0131, sava\u015f\u0131n tetikleyicilerinden biri oldu. Artan askeri g\u00fc\u00e7ler, \u00e7at\u0131\u015fmalar\u0131n daha \u00f6l\u00fcmc\u00fcl hale gelmesine sebep oldu.<\/p>\n<p>5. Saray Entrikalar\u0131: Avrupa&#8217;daki krall\u0131klar ve imparatorluklar aras\u0131nda saray entrikalar\u0131 ya\u015fand\u0131. \u00d6zellikle Avusturya-Macaristan \u0130mparatorlu\u011fu&#8217;nun veliaht prensi Franz Ferdinand&#8217;\u0131n suikast sonucu \u00f6ld\u00fcr\u00fclmesi, sava\u015f\u0131n fitilini ate\u015fledi.<\/p>\n<p>Birinci D\u00fcnya Sava\u015f\u0131, bu geli\u015fmelerin bir sonucu olarak 28 Temmuz 1914 tarihinde ba\u015flad\u0131. Sava\u015f, milyonlarca insan\u0131n hayat\u0131n\u0131 kaybetmesine, topraklar\u0131n yeniden \u00e7izilmesine ve d\u00fcnya haritas\u0131n\u0131n de\u011fi\u015fmesine yol a\u00e7t\u0131. Umar\u0131m tarih derslerinizde size yard\u0131mc\u0131 olabilmi\u015fimdir.<\/p>\n<p>Unutmay\u0131n, tarihi anlamak ve ge\u00e7mi\u015ften ders \u00e7\u0131karmak \u00f6nemlidir. Birinci D\u00fcnya Sava\u015f\u0131&#8217;n\u0131n sebepleri ve sonu\u00e7lar\u0131, d\u00fcnya tarihindeki olaylar\u0131 anlamam\u0131za yard\u0131mc\u0131 olur. E\u011fitici ve ilgin\u00e7 bir ders s\u00fcreci ge\u00e7irmenizi dilerim!<\/p>\n<p>Kaynak:<\/p>\n<p>&#8211; Clark, C., &amp; MacMillan, M. (2013). The Sleepwalkers: How Europe Went to War in 1914. Harper Perennial.<\/p>\n<p>&nbsp;<\/p>\n","protected":false},"excerpt":{"rendered":"<p>&nbsp; &nbsp; Birinci D\u00fcnya Sava\u015f\u0131: Sebepler ve Ba\u015flamas\u0131na Yol A\u00e7an Geli\u015fmeler Merhaba! Ben, sizlere ilkokul derslerinde yard\u0131mc\u0131 olmak i\u00e7in buraday\u0131m.<\/p>\n","protected":false},"author":1,"featured_media":893,"comment_status":"open","ping_status":"open","sticky":false,"template":"","format":"standard","meta":{"colormag_page_container_layout":"default_layout","colormag_page_sidebar_layout":"default_layout","footnotes":""},"categories":[16],"tags":[],"class_list":["post-1508","post","type-post","status-publish","format-standard","has-post-thumbnail","hentry","category-tarih-konulari"],"_links":{"self":[{"href":"https:\/\/www.sorumatix.com\/blog\/wp-json\/wp\/v2\/posts\/1508","targetHints":{"allow":["GET"]}}],"collection":[{"href":"https:\/\/www.sorumatix.com\/blog\/wp-json\/wp\/v2\/posts"}],"about":[{"href":"https:\/\/www.sorumatix.com\/blog\/wp-json\/wp\/v2\/types\/post"}],"author":[{"embeddable":true,"href":"https:\/\/www.sorumatix.com\/blog\/wp-json\/wp\/v2\/users\/1"}],"replies":[{"embeddable":true,"href":"https:\/\/www.sorumatix.com\/blog\/wp-json\/wp\/v2\/comments?post=1508"}],"version-history":[{"count":2,"href":"https:\/\/www.sorumatix.com\/blog\/wp-json\/wp\/v2\/posts\/1508\/revisions"}],"predecessor-version":[{"id":1838,"href":"https:\/\/www.sorumatix.com\/blog\/wp-json\/wp\/v2\/posts\/1508\/revisions\/1838"}],"wp:featuredmedia":[{"embeddable":true,"href":"https:\/\/www.sorumatix.com\/blog\/wp-json\/wp\/v2\/media\/893"}],"wp:attachment":[{"href":"https:\/\/www.sorumatix.com\/blog\/wp-json\/wp\/v2\/media?parent=1508"}],"wp:term":[{"taxonomy":"category","embeddable":true,"href":"https:\/\/www.sorumatix.com\/blog\/wp-json\/wp\/v2\/categories?post=1508"},{"taxonomy":"post_tag","embeddable":true,"href":"https:\/\/www.sorumatix.com\/blog\/wp-json\/wp\/v2\/tags?post=1508"}],"curies":[{"name":"wp","href":"https:\/\/api.w.org\/{rel}","templated":true}]}}