{"id":1511,"date":"2023-09-11T19:40:53","date_gmt":"2023-09-11T19:40:53","guid":{"rendered":"https:\/\/www.sorumatix.com\/blog\/?p=1511"},"modified":"2023-09-12T11:30:34","modified_gmt":"2023-09-12T11:30:34","slug":"milli-mucadelenin-zor-bir-doneminde-maarif-kongresi-yapan-ataturkun-milli-ve-cagdas-egitime-verdigi-onem","status":"publish","type":"post","link":"https:\/\/www.sorumatix.com\/blog\/milli-mucadelenin-zor-bir-doneminde-maarif-kongresi-yapan-ataturkun-milli-ve-cagdas-egitime-verdigi-onem.html","title":{"rendered":"Mill\u00ee M\u00fccadele\u2019nin zor bir d\u00f6neminde Maarif Kongresi yapan Atat\u00fcrk\u2019\u00fcn, mill\u00ee ve \u00e7a\u011fda\u015f e\u011fitime verdi\u011fi \u00f6nem"},"content":{"rendered":"<p><center><iframe loading=\"lazy\" width=\"560\" height=\"315\" src=\"https:\/\/www.youtube.com\/embed\/wijeIlABg3M\" title=\"YouTube video player\" frameborder=\"0\" allow=\"accelerometer; autoplay; clipboard-write; encrypted-media; gyroscope; picture-in-picture; web-share\" allowfullscreen><\/iframe><\/center><html><head><\/head><body><\/p>\n<p>Atat\u00fcrk ve Mill\u00ee M\u00fccadele D\u00f6nemindeki \u00d6nemi<\/p>\n<p><center><img decoding=\"async\" src=\"https:\/\/www.sorumatix.com\/blog\/wp-content\/uploads\/2023\/08\/uploaded-image-1693289308038.jpg\" alt=\"1\"><\/center><\/p>\n<p>Mill\u00ee M\u00fccadele, T\u00fcrk milletinin ba\u011f\u0131ms\u0131zl\u0131k m\u00fccadelesi olarak tarihimizde \u00f6nemli bir yer tutar. Bu zorlu d\u00f6nemde T\u00fcrk halk\u0131, b\u00fcy\u00fck bir azim ve kararl\u0131l\u0131kla vatan\u0131n\u0131 korumak i\u00e7in m\u00fccadele etmi\u015ftir. Bu s\u00fcre\u00e7te T\u00fcrkiye Cumhuriyeti&#8217;nin kurucusu olan Mustafa Kemal Atat\u00fcrk de b\u00fcy\u00fck bir liderlik sergilemi\u015ftir. T\u00fcrk milletiyle birlikte var olmu\u015f ve her ad\u0131m\u0131nda onlara yol g\u00f6stermi\u015ftir.<\/p>\n<p><center><img decoding=\"async\" src=\"https:\/\/www.sorumatix.com\/blog\/wp-content\/uploads\/2023\/08\/uploaded-image-1693289312118.jpg\" alt=\"2\"><\/center><\/p>\n<p>Bu d\u00f6nemde T\u00fcrkiye&#8217;nin gelece\u011fini \u015fekillendiren konulardan biri de e\u011fitimdir. Atat\u00fcrk, Mill\u00ee M\u00fccadele&#8217;nin zorlu ortam\u0131nda bile e\u011fitimin \u00f6nemini kavram\u0131\u015f ve T\u00fcrk gen\u00e7lerinin \u00e7a\u011fda\u015f bilgi ve de\u011ferlere sahip olmas\u0131n\u0131 hedeflemi\u015ftir. Maarif Kongresi, Atat\u00fcrk&#8217;\u00fcn mill\u00ee ve \u00e7a\u011fda\u015f e\u011fitime verdi\u011fi \u00f6nemi a\u00e7\u0131k\u00e7a ortaya koyan \u00f6nemli bir olayd\u0131r.<\/p>\n<p>1. Mill\u00ee E\u011fitim \u0130deali:<\/p>\n<p>Atat\u00fcrk, T\u00fcrk gen\u00e7lerinin mill\u00ee kimliklerine sahip \u00e7\u0131kmas\u0131 ve \u00e7a\u011f\u0131n gerekliliklerine uygun bir \u015fekilde e\u011fitim almalar\u0131n\u0131 istemi\u015ftir. Ona g\u00f6re mill\u00ee e\u011fitim, T\u00fcrk toplumunun de\u011ferlerini i\u00e7selle\u015ftiren, mill\u00ee duygular\u0131 g\u00fc\u00e7lendiren ve \u00e7a\u011f\u0131n gerektirdi\u011fi bilgi ve becerilerle donatan bir sistem olmal\u0131d\u0131r.<\/p>\n<p>2. Maarif Kongresi:<\/p>\n<p>Atat\u00fcrk, Mill\u00ee M\u00fccadele&#8217;nin yo\u011funlu\u011fu s\u0131ras\u0131nda 1921 y\u0131l\u0131nda Ankara&#8217;da Maarif Kongresi&#8217;ni d\u00fczenlemi\u015ftir. Bu kongre, T\u00fcrk e\u011fitim sisteminin temellerini atmak i\u00e7in b\u00fcy\u00fck bir ad\u0131md\u0131r. Atat\u00fcrk, kongreye kat\u0131lan e\u011fitimcilerle birlikte mill\u00ee e\u011fitimi \u015fekillendirmek ve \u00e7a\u011fda\u015f bir e\u011fitim anlay\u0131\u015f\u0131n\u0131 benimsemek i\u00e7in \u00e7al\u0131\u015fm\u0131\u015ft\u0131r.<\/p>\n<p>3. E\u011fitimin Yeniden D\u00fczenlenmesi:<\/p>\n<p>Atat\u00fcrk, T\u00fcrkiye&#8217;nin ba\u011f\u0131ms\u0131zl\u0131\u011f\u0131n\u0131 kazand\u0131ktan sonra da e\u011fitim alan\u0131nda \u00f6nemli ad\u0131mlar atm\u0131\u015ft\u0131r. Okullar\u0131n a\u00e7\u0131lmas\u0131n\u0131 sa\u011flam\u0131\u015f, okuma yazma oran\u0131n\u0131 art\u0131rmak i\u00e7in \u00e7aba g\u00f6stermi\u015f ve yeni e\u011fitim kurumlar\u0131 kurmu\u015ftur. Ayr\u0131ca bat\u0131ya seyahatler yaparak, T\u00fcrk e\u011fitim sistemine modern ve \u00e7a\u011fda\u015f yakla\u015f\u0131mlar\u0131 dahil etmi\u015ftir.<\/p>\n<p>4. Kad\u0131n E\u011fitimi:<\/p>\n<p>Atat\u00fcrk, kad\u0131nlar\u0131n e\u011fitimine de b\u00fcy\u00fck \u00f6nem vermi\u015ftir. O d\u00f6nemde kad\u0131nlar\u0131m\u0131z\u0131n e\u011fitimi pek m\u00fcmk\u00fcn de\u011fildi. Ancak Atat\u00fcrk, kad\u0131nlar\u0131n toplumun geli\u015fiminde \u00f6nemli bir rol oynad\u0131\u011f\u0131n\u0131 ve e\u011fitimli kad\u0131nlar\u0131n toplumu ileriye ta\u015f\u0131yaca\u011f\u0131n\u0131 belirtmi\u015ftir. Bu nedenle, kad\u0131nlar\u0131n e\u011fitimine b\u00fcy\u00fck destek sa\u011flam\u0131\u015f ve e\u011fitim imk\u00e2nlar\u0131n\u0131 geni\u015fletmi\u015ftir.<\/p>\n<p>Atat\u00fcrk&#8217;\u00fcn Mill\u00ee M\u00fccadele&#8217;nin zorlu d\u00f6neminde dahi e\u011fitime verdi\u011fi \u00f6nem, T\u00fcrkiye&#8217;nin \u00e7a\u011fda\u015fla\u015fma s\u00fcrecindeki ba\u015far\u0131lar\u0131na da yans\u0131m\u0131\u015ft\u0131r. Bug\u00fcn T\u00fcrkiye, \u00e7a\u011fda\u015f e\u011fitim kurumlar\u0131 ve nitelikli \u00f6\u011fretmenleriyle d\u00fcnya standartlar\u0131nda bir e\u011fitim sistemine sahiptir. Atat\u00fcrk&#8217;\u00fcn vizyonu ve m\u00fccadelesi, gelecek nesillerin de mill\u00ee ve \u00e7a\u011fda\u015f de\u011ferlere sahip bireyler olarak yeti\u015fmesini sa\u011flayacakt\u0131r.<\/p>\n<p><\/body><\/html><\/p>\n","protected":false},"excerpt":{"rendered":"<p>Atat\u00fcrk ve Mill\u00ee M\u00fccadele D\u00f6nemindeki \u00d6nemi Mill\u00ee M\u00fccadele, T\u00fcrk milletinin ba\u011f\u0131ms\u0131zl\u0131k m\u00fccadelesi olarak tarihimizde \u00f6nemli bir yer tutar. Bu zorlu<\/p>\n","protected":false},"author":1,"featured_media":1435,"comment_status":"open","ping_status":"open","sticky":false,"template":"","format":"standard","meta":{"colormag_page_container_layout":"default_layout","colormag_page_sidebar_layout":"default_layout","footnotes":""},"categories":[16],"tags":[],"class_list":["post-1511","post","type-post","status-publish","format-standard","has-post-thumbnail","hentry","category-tarih-konulari"],"_links":{"self":[{"href":"https:\/\/www.sorumatix.com\/blog\/wp-json\/wp\/v2\/posts\/1511","targetHints":{"allow":["GET"]}}],"collection":[{"href":"https:\/\/www.sorumatix.com\/blog\/wp-json\/wp\/v2\/posts"}],"about":[{"href":"https:\/\/www.sorumatix.com\/blog\/wp-json\/wp\/v2\/types\/post"}],"author":[{"embeddable":true,"href":"https:\/\/www.sorumatix.com\/blog\/wp-json\/wp\/v2\/users\/1"}],"replies":[{"embeddable":true,"href":"https:\/\/www.sorumatix.com\/blog\/wp-json\/wp\/v2\/comments?post=1511"}],"version-history":[{"count":1,"href":"https:\/\/www.sorumatix.com\/blog\/wp-json\/wp\/v2\/posts\/1511\/revisions"}],"predecessor-version":[{"id":3540,"href":"https:\/\/www.sorumatix.com\/blog\/wp-json\/wp\/v2\/posts\/1511\/revisions\/3540"}],"wp:featuredmedia":[{"embeddable":true,"href":"https:\/\/www.sorumatix.com\/blog\/wp-json\/wp\/v2\/media\/1435"}],"wp:attachment":[{"href":"https:\/\/www.sorumatix.com\/blog\/wp-json\/wp\/v2\/media?parent=1511"}],"wp:term":[{"taxonomy":"category","embeddable":true,"href":"https:\/\/www.sorumatix.com\/blog\/wp-json\/wp\/v2\/categories?post=1511"},{"taxonomy":"post_tag","embeddable":true,"href":"https:\/\/www.sorumatix.com\/blog\/wp-json\/wp\/v2\/tags?post=1511"}],"curies":[{"name":"wp","href":"https:\/\/api.w.org\/{rel}","templated":true}]}}