{"id":1512,"date":"2023-09-11T07:41:53","date_gmt":"2023-09-11T07:41:53","guid":{"rendered":"https:\/\/www.sorumatix.com\/blog\/?p=1512"},"modified":"2023-09-12T11:30:59","modified_gmt":"2023-09-12T11:30:59","slug":"milli-mucadele-doneminde-bati-cephesinde-meydana-gelen-gelismeler","status":"publish","type":"post","link":"https:\/\/www.sorumatix.com\/blog\/milli-mucadele-doneminde-bati-cephesinde-meydana-gelen-gelismeler.html","title":{"rendered":"Mill\u00ee M\u00fccadele D\u00f6nemi\u2019nde Bat\u0131 Cephesi\u2019nde meydana gelen geli\u015fmeler"},"content":{"rendered":"<p><center><iframe loading=\"lazy\" width=\"560\" height=\"315\" src=\"https:\/\/www.youtube.com\/embed\/cNWEgEnRC6M\" title=\"YouTube video player\" frameborder=\"0\" allow=\"accelerometer; autoplay; clipboard-write; encrypted-media; gyroscope; picture-in-picture; web-share\" allowfullscreen><\/iframe><\/center><html><head><\/head><body><\/p>\n<p>Mill\u00ee M\u00fccadele D\u00f6nemi\u2019nde Bat\u0131 Cephesi\u2019nde Meydana Gelen Geli\u015fmeler<\/p>\n<p>Merhaba! Ben yapay zekan\u0131z ve bug\u00fcn size Mill\u00ee M\u00fccadele D\u00f6nemi&#8217;nde Bat\u0131 Cephesi&#8217;nde meydana gelen geli\u015fmeler hakk\u0131nda keyifli bir \u015fekilde bilgi verece\u011fim. Haz\u0131rsan\u0131z ba\u015flayal\u0131m!<\/p>\n<p>1. Yunan \u0130\u015fgaline Kar\u015f\u0131 Direni\u015f:<\/p>\n<p>Mill\u00ee M\u00fccadele D\u00f6nemi, T\u00fcrk milletinin ba\u011f\u0131ms\u0131zl\u0131k ve \u00f6zg\u00fcrl\u00fck m\u00fccadelesi d\u00f6nemidir. Bu s\u00fcre\u00e7te Bat\u0131 Cephesi, Yunan i\u015fgaline kar\u015f\u0131 direni\u015fin merkezi haline gelmi\u015ftir. T\u00fcrk halk\u0131, vatan topraklar\u0131n\u0131 korumak i\u00e7in b\u00fcy\u00fck bir azim ve kararl\u0131l\u0131kla m\u00fccadele etmi\u015ftir.<\/p>\n<p><center><img decoding=\"async\" src=\"https:\/\/www.sorumatix.com\/blog\/wp-content\/uploads\/2023\/08\/uploaded-image-1693289307664.jpg\" alt=\"1\"><\/center><\/p>\n<p>2. \u0130zmir&#8217;in Kurtulu\u015fu:<\/p>\n<p>Mill\u00ee M\u00fccadele&#8217;nin en \u00f6nemli d\u00f6n\u00fcm noktalar\u0131ndan biri \u0130zmir&#8217;in kurtulu\u015fudur. 9 Eyl\u00fcl 1922&#8217;de T\u00fcrk ordusu, B\u00fcy\u00fck Taarruz&#8217;un ard\u0131ndan \u0130zmir&#8217;i d\u00fc\u015fmandan geri alm\u0131\u015ft\u0131r. Bu zafer, T\u00fcrk halk\u0131n\u0131n umutlar\u0131n\u0131 art\u0131rm\u0131\u015f ve ba\u011f\u0131ms\u0131zl\u0131k yolundaki inanc\u0131n\u0131 peki\u015ftirmi\u015ftir.<\/p>\n<p><center><img decoding=\"async\" src=\"https:\/\/www.sorumatix.com\/blog\/wp-content\/uploads\/2023\/08\/uploaded-image-1693289311904.jpg\" alt=\"2\"><\/center><\/p>\n<p>3. Sakarya Meydan Muharebesi:<\/p>\n<p>Sakarya Meydan Muharebesi, Mill\u00ee M\u00fccadele&#8217;nin en kritik sava\u015flar\u0131ndan biridir. 23 A\u011fustos &#8211; 13 Eyl\u00fcl 1921 tarihleri aras\u0131nda ger\u00e7ekle\u015fen bu muharebe, T\u00fcrk ordusunun B\u00fcy\u00fck Taarruz \u00f6ncesindeki son direni\u015f noktas\u0131d\u0131r. Sakarya Meydan Muharebesi&#8217;nde T\u00fcrk ordusu, d\u00fc\u015fmana kar\u015f\u0131 b\u00fcy\u00fck bir zafer elde etmi\u015f ve ba\u011f\u0131ms\u0131zl\u0131k m\u00fccadelesini s\u00fcrd\u00fcrme kararl\u0131l\u0131\u011f\u0131n\u0131 ortaya koymu\u015ftur.<\/p>\n<p>4. Mudanya M\u00fctarekesi:<\/p>\n<p>Mill\u00ee M\u00fccadele&#8217;nin sona ermesine yol a\u00e7an \u00f6nemli geli\u015fmelerden biri Mudanya M\u00fctarekesi&#8217;dir. 11 Ekim 1922 tarihinde imzalanan bu anla\u015fma, T\u00fcrk-Yunan sava\u015f\u0131n\u0131n sona ermesini sa\u011flam\u0131\u015ft\u0131r. Mudanya M\u00fctarekesi, T\u00fcrk milletinin uluslararas\u0131 alanda tan\u0131nd\u0131\u011f\u0131 bir d\u00f6n\u00fcm noktas\u0131 olmu\u015ftur.<\/p>\n<p>5. Lozan Antla\u015fmas\u0131:<\/p>\n<p>Lozan Antla\u015fmas\u0131, Mill\u00ee M\u00fccadele&#8217;nin sonucunda imzalanan \u00f6nemli bir belgedir. 24 Temmuz 1923 tarihinde imzalanan antla\u015fma ile T\u00fcrkiye&#8217;nin ba\u011f\u0131ms\u0131zl\u0131\u011f\u0131 ve s\u0131n\u0131rlar\u0131 uluslararas\u0131 alanda kabul edilmi\u015ftir. Bu antla\u015fma, T\u00fcrk devletinin kurulu\u015funu resmen tamamlam\u0131\u015ft\u0131r.<\/p>\n<p>Mill\u00ee M\u00fccadele D\u00f6nemi\u2019nde Bat\u0131 Cephesi&#8217;nde meydana gelen bu geli\u015fmeler, T\u00fcrk milletinin birlik ve beraberlik i\u00e7inde m\u00fccadele etti\u011fini ve ba\u011f\u0131ms\u0131zl\u0131k yolunda b\u00fcy\u00fck zaferler kazand\u0131\u011f\u0131n\u0131 g\u00f6stermektedir. Bu s\u00fcre\u00e7, T\u00fcrk tarihindeki en \u00f6nemli d\u00f6neme\u00e7lerden biridir ve T\u00fcrk gen\u00e7leri i\u00e7in de ilham verici bir \u00f6rnek te\u015fkil etmektedir.<\/p>\n<p>Umar\u0131m bu makale, Mill\u00ee M\u00fccadele D\u00f6nemi&#8217;nde Bat\u0131 Cephesi&#8217;nde ger\u00e7ekle\u015fen geli\u015fmeler hakk\u0131nda size bilgi verirken ayn\u0131 zamanda e\u011flenceli bir deneyim sunmu\u015ftur. Unutmay\u0131n, tarihimiz bizim kimli\u011fimizin bir par\u00e7as\u0131d\u0131r ve ge\u00e7mi\u015fimizi anlamak, gelece\u011fimize g\u00fc\u00e7 katmak i\u00e7in \u00f6nemlidir.<\/p>\n<p><\/body><\/html><\/p>\n","protected":false},"excerpt":{"rendered":"<p>Mill\u00ee M\u00fccadele D\u00f6nemi\u2019nde Bat\u0131 Cephesi\u2019nde Meydana Gelen Geli\u015fmeler Merhaba! Ben yapay zekan\u0131z ve bug\u00fcn size Mill\u00ee M\u00fccadele D\u00f6nemi&#8217;nde Bat\u0131 Cephesi&#8217;nde<\/p>\n","protected":false},"author":1,"featured_media":1434,"comment_status":"open","ping_status":"open","sticky":false,"template":"","format":"standard","meta":{"colormag_page_container_layout":"default_layout","colormag_page_sidebar_layout":"default_layout","footnotes":""},"categories":[16],"tags":[],"class_list":["post-1512","post","type-post","status-publish","format-standard","has-post-thumbnail","hentry","category-tarih-konulari"],"_links":{"self":[{"href":"https:\/\/www.sorumatix.com\/blog\/wp-json\/wp\/v2\/posts\/1512","targetHints":{"allow":["GET"]}}],"collection":[{"href":"https:\/\/www.sorumatix.com\/blog\/wp-json\/wp\/v2\/posts"}],"about":[{"href":"https:\/\/www.sorumatix.com\/blog\/wp-json\/wp\/v2\/types\/post"}],"author":[{"embeddable":true,"href":"https:\/\/www.sorumatix.com\/blog\/wp-json\/wp\/v2\/users\/1"}],"replies":[{"embeddable":true,"href":"https:\/\/www.sorumatix.com\/blog\/wp-json\/wp\/v2\/comments?post=1512"}],"version-history":[{"count":1,"href":"https:\/\/www.sorumatix.com\/blog\/wp-json\/wp\/v2\/posts\/1512\/revisions"}],"predecessor-version":[{"id":3548,"href":"https:\/\/www.sorumatix.com\/blog\/wp-json\/wp\/v2\/posts\/1512\/revisions\/3548"}],"wp:featuredmedia":[{"embeddable":true,"href":"https:\/\/www.sorumatix.com\/blog\/wp-json\/wp\/v2\/media\/1434"}],"wp:attachment":[{"href":"https:\/\/www.sorumatix.com\/blog\/wp-json\/wp\/v2\/media?parent=1512"}],"wp:term":[{"taxonomy":"category","embeddable":true,"href":"https:\/\/www.sorumatix.com\/blog\/wp-json\/wp\/v2\/categories?post=1512"},{"taxonomy":"post_tag","embeddable":true,"href":"https:\/\/www.sorumatix.com\/blog\/wp-json\/wp\/v2\/tags?post=1512"}],"curies":[{"name":"wp","href":"https:\/\/api.w.org\/{rel}","templated":true}]}}