{"id":1515,"date":"2023-09-17T19:28:53","date_gmt":"2023-09-17T19:28:53","guid":{"rendered":"https:\/\/www.sorumatix.com\/blog\/?p=1515"},"modified":"2023-09-17T19:28:53","modified_gmt":"2023-09-17T19:28:53","slug":"1929-dunya-ekonomik-bunaliminin-turkiye-ekonomisine-etkileri","status":"publish","type":"post","link":"https:\/\/www.sorumatix.com\/blog\/1929-dunya-ekonomik-bunaliminin-turkiye-ekonomisine-etkileri.html","title":{"rendered":"1929 D\u00fcnya Ekonomik Bunal\u0131m\u0131\u2019n\u0131n T\u00fcrkiye ekonomisine etkileri"},"content":{"rendered":"<p><center><iframe loading=\"lazy\" width=\"560\" height=\"315\" src=\"https:\/\/www.youtube.com\/embed\/wYUgRfiS9Hc\" title=\"YouTube video player\" frameborder=\"0\" allow=\"accelerometer; autoplay; clipboard-write; encrypted-media; gyroscope; picture-in-picture; web-share\" allowfullscreen><\/iframe><\/center><html><head><\/head><body><\/p>\n<p>1929 D\u00fcnya Ekonomik Bunal\u0131m\u0131 T\u00fcrkiye Ekonomisine Etkileri<\/p>\n<p>Merhaba gen\u00e7 ara\u015ft\u0131rmac\u0131lar! Bug\u00fcn sizlere 1929 D\u00fcnya Ekonomik Bunal\u0131m\u0131&#8217;n\u0131n T\u00fcrkiye ekonomisi \u00fczerindeki etkilerinden bahsedece\u011fim. Bu d\u00f6nem, d\u00fcnya \u00e7ap\u0131nda b\u00fcy\u00fck bir ekonomik krizin ya\u015fand\u0131\u011f\u0131 y\u0131llard\u0131r ve T\u00fcrkiye&#8217;yi de etkilemi\u015ftir. \u0130\u015fte bu d\u00f6nemin etkilerini anlatan baz\u0131 \u00f6nemli noktalar:<\/p>\n<p>1. \u0130hracatta Azalma: B\u00fcy\u00fck Buhran d\u00f6neminde, d\u00fcnya ticareti daralm\u0131\u015f ve ihracat azalm\u0131\u015ft\u0131r. T\u00fcrkiye, tar\u0131m ve madencilik gibi sekt\u00f6rlerde \u00fcretim yaparak b\u00fcy\u00fck \u00f6l\u00e7\u00fcde ihracata dayal\u0131 bir ekonomiye sahipti. Ancak bunal\u0131m\u0131n etkisiyle ihra\u00e7 mallar\u0131na olan talep azald\u0131 ve T\u00fcrkiye&#8217;nin ihracat\u0131 d\u00fc\u015f\u00fc\u015f g\u00f6sterdi.<\/p>\n<p>2. Tar\u0131m Sekt\u00f6r\u00fcnde Kriz: 1929 D\u00fcnya Ekonomik Bunal\u0131m\u0131, tar\u0131m sekt\u00f6r\u00fcn\u00fc olumsuz etkilemi\u015ftir. Tar\u0131m \u00fcr\u00fcnleri fiyatlar\u0131 d\u00fc\u015fm\u00fc\u015f, \u00fcreticiler zarara u\u011fram\u0131\u015f ve tar\u0131msal gelirler azalm\u0131\u015ft\u0131r. Bu durum, k\u0131rsal kesimde ya\u015fayan insanlar\u0131n ge\u00e7imini zorla\u015ft\u0131rm\u0131\u015f ve yoksulluk seviyesini art\u0131rm\u0131\u015ft\u0131r.<\/p>\n<p>3. \u0130stihdam Sorunu: B\u00fcy\u00fck Buhran d\u00f6neminde i\u015fsizlik oran\u0131 t\u00fcm d\u00fcnyada y\u00fckselmi\u015ftir ve T\u00fcrkiye de bundan etkilenmi\u015ftir. \u0130\u015f yerlerinin kapanmas\u0131, i\u015f\u00e7i \u00e7\u0131karmalar\u0131 ve azalan \u00fcretim nedeniyle bir\u00e7ok insan i\u015fsiz kalm\u0131\u015ft\u0131r. \u00d6zellikle sanayi sekt\u00f6r\u00fcnde i\u015f kayb\u0131 ya\u015fanm\u0131\u015f ve ekonomik s\u0131k\u0131nt\u0131lar artm\u0131\u015ft\u0131r.<\/p>\n<p><center><img decoding=\"async\" src=\"https:\/\/www.sorumatix.com\/blog\/wp-content\/uploads\/2023\/08\/uploaded-image-1693289308860.jpg\" alt=\"1\"><\/center><\/p>\n<p>4. Bankac\u0131l\u0131k Sekt\u00f6r\u00fcnde Zorluklar: Kriz d\u00f6neminde bankalar zor duruma d\u00fc\u015fm\u00fc\u015ft\u00fcr. \u0130nsanlar paralar\u0131n\u0131 \u00e7ekmek i\u00e7in bankalara ak\u0131n etmi\u015f ve bir\u00e7ok banka iflas etmi\u015ftir. Bu da finansal sistemde b\u00fcy\u00fck bir sars\u0131nt\u0131ya yol a\u00e7m\u0131\u015f ve ekonomik istikrars\u0131zl\u0131k ya\u015fanm\u0131\u015ft\u0131r.<\/p>\n<p>5. D\u0131\u015f Bor\u00e7 Problemi: T\u00fcrkiye, 1929 D\u00fcnya Ekonomik Bunal\u0131m\u0131&#8217;ndan \u00f6nce de d\u0131\u015f bor\u00e7larla m\u00fccadele etmekteydi. Ancak bunal\u0131m\u0131n etkisiyle d\u0131\u015f bor\u00e7lar daha da b\u00fcy\u00fcm\u00fc\u015f ve T\u00fcrkiye&#8217;nin ekonomik durumu daha da k\u00f6t\u00fcle\u015fmi\u015ftir. D\u0131\u015f bor\u00e7lar\u0131n geri \u00f6denmesi zorla\u015fm\u0131\u015f ve ekonomik b\u00fcy\u00fcme engellenmi\u015ftir.<\/p>\n<p><center><img decoding=\"async\" src=\"https:\/\/www.sorumatix.com\/blog\/wp-content\/uploads\/2023\/08\/uploaded-image-1693289314197.jpg\" alt=\"2\"><\/center><\/p>\n<p>Sonu\u00e7 olarak, 1929 D\u00fcnya Ekonomik Bunal\u0131m\u0131 T\u00fcrkiye ekonomisi \u00fczerinde ciddi etkiler b\u0131rakm\u0131\u015ft\u0131r. \u0130hracatta azalma, tar\u0131m sekt\u00f6r\u00fcnde kriz, i\u015fsizlik sorunu, bankac\u0131l\u0131k sekt\u00f6r\u00fcndeki zorluklar ve d\u0131\u015f bor\u00e7 problemleri bu d\u00f6nemin ba\u015fl\u0131ca etkileri aras\u0131ndad\u0131r. Ancak T\u00fcrkiye, bu zorlu d\u00f6nemden ders \u00e7\u0131karm\u0131\u015f ve ekonomik yap\u0131y\u0131 daha sa\u011flam temellere oturtmu\u015ftur. Her kriz bir f\u0131rsat olabilir ve bu s\u00fcre\u00e7te yeni ekonomik politikalar geli\u015ftirilerek T\u00fcrkiye ilerlemeye devam etmi\u015ftir.<\/p>\n<p>Umar\u0131m bu makale, 1929 D\u00fcnya Ekonomik Bunal\u0131m\u0131&#8217;n\u0131n T\u00fcrkiye ekonomisine etkilerini anlaman\u0131za yard\u0131mc\u0131 olmu\u015ftur. Gelecekte sizler de ekonomik sorunlar\u0131 \u00e7\u00f6zmek i\u00e7in yarat\u0131c\u0131 \u00e7\u00f6z\u00fcmler bulabilir ve \u00fclkemizin kalk\u0131nmas\u0131na katk\u0131da bulunabilirsiniz. Ba\u015far\u0131lar<\/p>\n<p><\/body><\/html><\/p>\n","protected":false},"excerpt":{"rendered":"<p>1929 D\u00fcnya Ekonomik Bunal\u0131m\u0131 T\u00fcrkiye Ekonomisine Etkileri Merhaba gen\u00e7 ara\u015ft\u0131rmac\u0131lar! Bug\u00fcn sizlere 1929 D\u00fcnya Ekonomik Bunal\u0131m\u0131&#8217;n\u0131n T\u00fcrkiye ekonomisi \u00fczerindeki etkilerinden<\/p>\n","protected":false},"author":1,"featured_media":1448,"comment_status":"open","ping_status":"open","sticky":false,"template":"","format":"standard","meta":{"colormag_page_container_layout":"default_layout","colormag_page_sidebar_layout":"default_layout","footnotes":""},"categories":[16],"tags":[],"class_list":["post-1515","post","type-post","status-publish","format-standard","has-post-thumbnail","hentry","category-tarih-konulari"],"_links":{"self":[{"href":"https:\/\/www.sorumatix.com\/blog\/wp-json\/wp\/v2\/posts\/1515","targetHints":{"allow":["GET"]}}],"collection":[{"href":"https:\/\/www.sorumatix.com\/blog\/wp-json\/wp\/v2\/posts"}],"about":[{"href":"https:\/\/www.sorumatix.com\/blog\/wp-json\/wp\/v2\/types\/post"}],"author":[{"embeddable":true,"href":"https:\/\/www.sorumatix.com\/blog\/wp-json\/wp\/v2\/users\/1"}],"replies":[{"embeddable":true,"href":"https:\/\/www.sorumatix.com\/blog\/wp-json\/wp\/v2\/comments?post=1515"}],"version-history":[{"count":0,"href":"https:\/\/www.sorumatix.com\/blog\/wp-json\/wp\/v2\/posts\/1515\/revisions"}],"wp:featuredmedia":[{"embeddable":true,"href":"https:\/\/www.sorumatix.com\/blog\/wp-json\/wp\/v2\/media\/1448"}],"wp:attachment":[{"href":"https:\/\/www.sorumatix.com\/blog\/wp-json\/wp\/v2\/media?parent=1515"}],"wp:term":[{"taxonomy":"category","embeddable":true,"href":"https:\/\/www.sorumatix.com\/blog\/wp-json\/wp\/v2\/categories?post=1515"},{"taxonomy":"post_tag","embeddable":true,"href":"https:\/\/www.sorumatix.com\/blog\/wp-json\/wp\/v2\/tags?post=1515"}],"curies":[{"name":"wp","href":"https:\/\/api.w.org\/{rel}","templated":true}]}}