{"id":1516,"date":"2023-09-06T19:50:53","date_gmt":"2023-09-06T19:50:53","guid":{"rendered":"https:\/\/www.sorumatix.com\/blog\/?p=1516"},"modified":"2023-09-12T11:18:51","modified_gmt":"2023-09-12T11:18:51","slug":"birinci-dunya-savasinin-sonuclari","status":"publish","type":"post","link":"https:\/\/www.sorumatix.com\/blog\/birinci-dunya-savasinin-sonuclari.html","title":{"rendered":"Birinci D\u00fcnya Sava\u015f\u0131\u2019n\u0131n sonu\u00e7lar\u0131"},"content":{"rendered":"<p><center><iframe loading=\"lazy\" width=\"560\" height=\"315\" src=\"https:\/\/www.youtube.com\/embed\/3-1tXcNRCGI\" title=\"YouTube video player\" frameborder=\"0\" allow=\"accelerometer; autoplay; clipboard-write; encrypted-media; gyroscope; picture-in-picture; web-share\" allowfullscreen><\/iframe><\/center><html><head><\/head><body><\/p>\n<p>Birinci D\u00fcnya Sava\u015f\u0131&#8217;n\u0131n Sonu\u00e7lar\u0131<\/p>\n<p>Birinci D\u00fcnya Sava\u015f\u0131, d\u00fcnya tarihindeki en b\u00fcy\u00fck \u00e7at\u0131\u015fmalardan biriydi ve onun sonu\u00e7lar\u0131 bug\u00fcn bile etkisini s\u00fcrd\u00fcrmektedir. Bu makalede, Birinci D\u00fcnya Sava\u015f\u0131&#8217;n\u0131n sonu\u00e7lar\u0131n\u0131 anlataca\u011f\u0131m. Haz\u0131rsan\u0131z ba\u015flayal\u0131m!<\/p>\n<p>1. Sava\u015flar\u0131n \u015eiddeti Artt\u0131: Birinci D\u00fcnya Sava\u015f\u0131, modern silahlar\u0131n ve teknolojilerin kullan\u0131ld\u0131\u011f\u0131 bir \u00e7at\u0131\u015fmayd\u0131. Top\u00e7u ate\u015fi, kimyasal gazlar ve u\u00e7aklar gibi yeni yenilikler sava\u015f\u0131n \u015fiddetini art\u0131rd\u0131. Bu durum, gelecekteki \u00e7at\u0131\u015fmalar\u0131n da daha \u00f6l\u00fcmc\u00fcl ve tahrip edici olabilece\u011fini g\u00f6sterdi.<\/p>\n<p><center><img decoding=\"async\" src=\"https:\/\/www.sorumatix.com\/blog\/wp-content\/uploads\/2023\/08\/uploaded-image-1693289308856.jpg\" alt=\"1\"><\/center><\/p>\n<p>2. \u0130mparatorluklar\u0131n Y\u0131k\u0131l\u0131\u015f\u0131: Sava\u015f\u0131n sonucunda bir\u00e7ok b\u00fcy\u00fck imparatorluk \u00e7\u00f6kt\u00fc veya zay\u0131flad\u0131. \u00d6rne\u011fin, Osmanl\u0131 \u0130mparatorlu\u011fu ve Avusturya-Macaristan \u0130mparatorlu\u011fu par\u00e7aland\u0131. Bu, yeni ulus devletlerin do\u011fmas\u0131na ve d\u00fcnya haritas\u0131n\u0131n yeniden \u015fekillenmesine yol a\u00e7t\u0131.<\/p>\n<p><center><img decoding=\"async\" src=\"https:\/\/www.sorumatix.com\/blog\/wp-content\/uploads\/2023\/08\/uploaded-image-1693289313908.jpg\" alt=\"2\"><\/center><\/p>\n<p>3. Versay Antla\u015fmas\u0131: Sava\u015f\u0131n sonunda, Almanya&#8217;n\u0131n a\u011f\u0131r ko\u015fullar i\u00e7eren Versay Antla\u015fmas\u0131&#8217;n\u0131 imzalamas\u0131 istendi. Bu antla\u015fma, Almanya&#8217;y\u0131 ekonomik olarak zay\u0131flatt\u0131 ve sava\u015f\u0131n birinci dereceden sorumlusu olarak kabul edildi. Versay Antla\u015fmas\u0131&#8217;n\u0131n yaratt\u0131\u011f\u0131 ho\u015fnutsuzluklar, II. D\u00fcnya Sava\u015f\u0131&#8217;na yol a\u00e7an fakt\u00f6rlerden biriydi.<\/p>\n<p>4. Milletler Cemiyeti&#8217;nin Kurulu\u015fu: Birinci D\u00fcnya Sava\u015f\u0131&#8217;n\u0131n sonucunda Milletler Cemiyeti kuruldu. Bu, uluslararas\u0131 i\u015fbirli\u011fi ve bar\u0131\u015f\u0131 sa\u011flamak amac\u0131yla olu\u015fturulan bir \u00f6rg\u00fctt\u00fc. Milletler Cemiyeti, uluslararas\u0131 krizlere m\u00fcdahale etmek ve d\u00fcnya \u00e7ap\u0131nda sorunlar\u0131 \u00e7\u00f6zmek i\u00e7in giri\u015fimlerde bulundu.<\/p>\n<p>5. Ekonomik Etkiler: Sava\u015f, ekonomik olarak da b\u00fcy\u00fck etkilere sahipti. Sava\u015f boyunca devletler, silah ve malzeme \u00fcretimi i\u00e7in b\u00fcy\u00fck miktarlarda kaynak harcad\u0131. Bu da sava\u015ftan sonra ekonomik durgunlu\u011fa ve i\u015fsizli\u011fe neden oldu.<\/p>\n<p>6. Kad\u0131n Haklar\u0131 Hareketi: Sava\u015f s\u0131ras\u0131nda kad\u0131nlar, erkeklerin yerini alarak fabrikalarda \u00e7al\u0131\u015ft\u0131 ve di\u011fer roller \u00fcstlendi. Bu deneyim, kad\u0131n haklar\u0131 hareketinin ilerlemesine katk\u0131da bulundu ve kad\u0131nlar\u0131n toplumda daha fazla ses sahibi olmas\u0131n\u0131 sa\u011flad\u0131.<\/p>\n<p>7. Uluslararas\u0131 \u0130li\u015fkilerde De\u011fi\u015fim: Birinci D\u00fcnya Sava\u015f\u0131, uluslararas\u0131 ili\u015fkilerde bir d\u00f6n\u00fcm noktas\u0131 oldu. Uluslararas\u0131 g\u00fc\u00e7 dengeleri de\u011fi\u015fti ve daha sonra II. D\u00fcnya Sava\u015f\u0131&#8217;na ve So\u011fuk Sava\u015f d\u00f6nemine yol a\u00e7an olaylar\u0131n temelleri at\u0131ld\u0131.<\/p>\n<p>Birinci D\u00fcnya Sava\u015f\u0131&#8217;n\u0131n sonu\u00e7lar\u0131, d\u00fcnya tarihindeki \u00f6nemli bir d\u00f6neme\u00e7tir. Sava\u015f\u0131n etkileri, politik, ekonomik ve sosyal alanlarda hissedilmi\u015ftir. Anlad\u0131\u011f\u0131n\u0131z gibi, bu \u00e7at\u0131\u015fman\u0131n ard\u0131ndaki sonu\u00e7lar hayat\u0131m\u0131z\u0131 derinden etkilemi\u015ftir.<\/p>\n<p>Kaynak: [Kaynak Ad\u0131]<\/p>\n<p><\/body><\/html><\/p>\n","protected":false},"excerpt":{"rendered":"<p>Birinci D\u00fcnya Sava\u015f\u0131&#8217;n\u0131n Sonu\u00e7lar\u0131 Birinci D\u00fcnya Sava\u015f\u0131, d\u00fcnya tarihindeki en b\u00fcy\u00fck \u00e7at\u0131\u015fmalardan biriydi ve onun sonu\u00e7lar\u0131 bug\u00fcn bile etkisini s\u00fcrd\u00fcrmektedir.<\/p>\n","protected":false},"author":1,"featured_media":1446,"comment_status":"open","ping_status":"open","sticky":false,"template":"","format":"standard","meta":{"colormag_page_container_layout":"default_layout","colormag_page_sidebar_layout":"default_layout","footnotes":""},"categories":[16],"tags":[],"class_list":["post-1516","post","type-post","status-publish","format-standard","has-post-thumbnail","hentry","category-tarih-konulari"],"_links":{"self":[{"href":"https:\/\/www.sorumatix.com\/blog\/wp-json\/wp\/v2\/posts\/1516","targetHints":{"allow":["GET"]}}],"collection":[{"href":"https:\/\/www.sorumatix.com\/blog\/wp-json\/wp\/v2\/posts"}],"about":[{"href":"https:\/\/www.sorumatix.com\/blog\/wp-json\/wp\/v2\/types\/post"}],"author":[{"embeddable":true,"href":"https:\/\/www.sorumatix.com\/blog\/wp-json\/wp\/v2\/users\/1"}],"replies":[{"embeddable":true,"href":"https:\/\/www.sorumatix.com\/blog\/wp-json\/wp\/v2\/comments?post=1516"}],"version-history":[{"count":1,"href":"https:\/\/www.sorumatix.com\/blog\/wp-json\/wp\/v2\/posts\/1516\/revisions"}],"predecessor-version":[{"id":3352,"href":"https:\/\/www.sorumatix.com\/blog\/wp-json\/wp\/v2\/posts\/1516\/revisions\/3352"}],"wp:featuredmedia":[{"embeddable":true,"href":"https:\/\/www.sorumatix.com\/blog\/wp-json\/wp\/v2\/media\/1446"}],"wp:attachment":[{"href":"https:\/\/www.sorumatix.com\/blog\/wp-json\/wp\/v2\/media?parent=1516"}],"wp:term":[{"taxonomy":"category","embeddable":true,"href":"https:\/\/www.sorumatix.com\/blog\/wp-json\/wp\/v2\/categories?post=1516"},{"taxonomy":"post_tag","embeddable":true,"href":"https:\/\/www.sorumatix.com\/blog\/wp-json\/wp\/v2\/tags?post=1516"}],"curies":[{"name":"wp","href":"https:\/\/api.w.org\/{rel}","templated":true}]}}