{"id":1517,"date":"2023-09-07T19:48:53","date_gmt":"2023-09-07T19:48:53","guid":{"rendered":"https:\/\/www.sorumatix.com\/blog\/?p=1517"},"modified":"2023-09-07T19:48:53","modified_gmt":"2023-09-07T19:48:53","slug":"kuva-yi-milliyenin-olusum-sureci","status":"publish","type":"post","link":"https:\/\/www.sorumatix.com\/blog\/kuva-yi-milliyenin-olusum-sureci.html","title":{"rendered":"Kuv\u00e2-y\u0131 Mill\u00eeye\u2019nin olu\u015fum s\u00fcreci"},"content":{"rendered":"<p><center><iframe loading=\"lazy\" width=\"560\" height=\"315\" src=\"https:\/\/www.youtube.com\/embed\/i83hY30NRTc\" title=\"YouTube video player\" frameborder=\"0\" allow=\"accelerometer; autoplay; clipboard-write; encrypted-media; gyroscope; picture-in-picture; web-share\" allowfullscreen><\/iframe><\/center><html><head><\/head><body><\/p>\n<p>Kuv\u00e2-y\u0131 Mill\u00eeye\u2019nin Olu\u015fum S\u00fcreci<\/p>\n<p>Merhaba \u00e7ocuklar! Bug\u00fcn sizlere T\u00fcrkiye&#8217;nin tarihinde \u00f6nemli bir d\u00f6neme\u00e7 olan Kuv\u00e2-y\u0131 Mill\u00eeye\u2019nin Olu\u015fum S\u00fcrecinden bahsedece\u011fim. Bu konu, \u00fclkemizin ba\u011f\u0131ms\u0131zl\u0131k m\u00fccadelesindeki \u00f6nemli ad\u0131mlardan biridir. Hadi ba\u015flayal\u0131m!<\/p>\n<p>1. Osmanl\u0131 \u0130mparatorlu\u011fu&#8217;nun Zor Durumu:<\/p>\n<p>I. D\u00fcnya Sava\u015f\u0131&#8217;nda Osmanl\u0131 \u0130mparatorlu\u011fu, Almanya ve Avusturya-Macaristan \u0130mparatorlu\u011fu ile birlikte sava\u015fa girdi. Ancak sava\u015fta yenik d\u00fc\u015fen Osmanl\u0131 Devleti, topraklar\u0131n\u0131n i\u015fgal edilmesiyle kar\u015f\u0131 kar\u015f\u0131ya kald\u0131.<\/p>\n<p>2. Kuv\u00e2-y\u0131 Mill\u00eeye&#8217;nin Do\u011fu\u015fu:<\/p>\n<p>\u0130\u015fgal alt\u0131ndaki topraklarda ya\u015fayan T\u00fcrk halk\u0131, ba\u011f\u0131ms\u0131zl\u0131k i\u00e7in bir araya gelmeye ba\u015flad\u0131. Bu s\u00fcre\u00e7te Kuv\u00e2-y\u0131 Mill\u00eeye olarak adland\u0131r\u0131lan gizli \u00f6rg\u00fctler kuruldu. Kuv\u00e2-y\u0131 Mill\u00eeye, T\u00fcrk milletinin varl\u0131k m\u00fccadelesini s\u00fcrd\u00fcrebilmesi i\u00e7in \u00f6zg\u00fcrl\u00fck sava\u015f\u0131na kat\u0131lan g\u00fc\u00e7leri ifade eder.<\/p>\n<p>3. Amasya Genelgesi:<\/p>\n<p>Kuv\u00e2-y\u0131 Mill\u00eeye&#8217;nin \u00f6nemli ad\u0131mlar\u0131ndan biri Amasya Genelgesi&#8217;dir. 22 Haziran 1919&#8217;da T\u00fcrk milletinin ba\u011f\u0131ms\u0131zl\u0131k karar\u0131n\u0131 ortaya koyan genelge, mill\u00ee m\u00fccadele i\u00e7in bir \u00e7a\u011fr\u0131 niteli\u011findeydi. Bu belge, Anadolu&#8217;nun d\u00f6rt bir yan\u0131ndaki direni\u015f\u00e7ileri bir araya getirmi\u015f ve T\u00fcrk Kurtulu\u015f Sava\u015f\u0131&#8217;n\u0131n temellerini atm\u0131\u015ft\u0131r.<\/p>\n<p><center><img decoding=\"async\" src=\"https:\/\/www.sorumatix.com\/blog\/wp-content\/uploads\/2023\/08\/uploaded-image-1693289308584.jpg\" alt=\"1\"><\/center><\/p>\n<p>4. Sivas Kongresi:<\/p>\n<p>Kuv\u00e2-y\u0131 Mill\u00eeye&#8217;nin bir di\u011fer \u00f6nemli a\u015famas\u0131 Sivas Kongresi&#8217;dir. 4 Eyl\u00fcl 1919&#8217;da ba\u015flayan kongre, mill\u00ee iradenin temsilcilerini bir araya getirdi. Kongrede, milletin egemenli\u011fi ve ba\u011f\u0131ms\u0131zl\u0131k i\u00e7in \u00e7al\u0131\u015fmalar yap\u0131lmas\u0131 kararla\u015ft\u0131r\u0131ld\u0131. Ayr\u0131ca Mustafa Kemal Atat\u00fcrk, kongrenin \u00f6nderli\u011fini \u00fcstlendi.<\/p>\n<p>5. Mill\u00ee Ordu&#8217;nun Kurulu\u015fu:<\/p>\n<p>Kuv\u00e2-y\u0131 Mill\u00eeye&#8217;nin son a\u015famas\u0131 Mill\u00ee Ordu&#8217;nun kurulu\u015fudur. Mustafa Kemal Atat\u00fcrk&#8217;\u00fcn liderli\u011findeki bu ordu, T\u00fcrk milletinin ba\u011f\u0131ms\u0131zl\u0131k m\u00fccadelesini s\u00fcrd\u00fcrmek i\u00e7in b\u00fcy\u00fck bir g\u00fc\u00e7 olmu\u015ftur. Mill\u00ee Ordu, d\u00fc\u015fmana kar\u015f\u0131 sava\u015farak vatan topraklar\u0131n\u0131n geri al\u0131nmas\u0131nda etkili olmu\u015ftur.<\/p>\n<p><center><img decoding=\"async\" src=\"https:\/\/www.sorumatix.com\/blog\/wp-content\/uploads\/2023\/08\/uploaded-image-1693289313995.jpg\" alt=\"2\"><\/center><\/p>\n<p>Bu s\u00fcre\u00e7ten sonra Kuv\u00e2-y\u0131 Mill\u00eeye hareketi h\u0131zla yay\u0131lm\u0131\u015f ve T\u00fcrk Kurtulu\u015f Sava\u015f\u0131&#8217;n\u0131n zaferle sonu\u00e7lanmas\u0131na katk\u0131da bulunmu\u015ftur. Bu m\u00fccadele sayesinde T\u00fcrkiye Cumhuriyeti&#8217;nin temelleri at\u0131lm\u0131\u015f ve ba\u011f\u0131ms\u0131z bir devlet kurulmu\u015ftur.<\/p>\n<p>Unutmay\u0131n, Kuv\u00e2-y\u0131 Mill\u00eeye hareketi, T\u00fcrk milletinin birlik ve beraberlik i\u00e7inde ba\u011f\u0131ms\u0131zl\u0131k i\u00e7in verdi\u011fi m\u00fccadelenin \u00f6nemli bir simgesidir. Sizler de tarihimize sahip \u00e7\u0131kmal\u0131 ve bu kahramanl\u0131klar\u0131 \u00f6\u011frenerek gelece\u011fe g\u00fc\u00e7l\u00fc ad\u0131mlarla ilerlemelisiniz.<\/p>\n<p>Umar\u0131m bu yaz\u0131yla Kuv\u00e2-y\u0131 Mill\u00eeye\u2019nin olu\u015fum s\u00fcreci hakk\u0131nda bilgi edinmi\u015fsinizdir. Tarihle ilgili daha fazla \u00f6\u011frenmek isterseniz kitaplar\u0131 ve derslerinizi takip etmeyi<\/p>\n<p><\/body><\/html><\/p>\n","protected":false},"excerpt":{"rendered":"<p>Kuv\u00e2-y\u0131 Mill\u00eeye\u2019nin Olu\u015fum S\u00fcreci Merhaba \u00e7ocuklar! Bug\u00fcn sizlere T\u00fcrkiye&#8217;nin tarihinde \u00f6nemli bir d\u00f6neme\u00e7 olan Kuv\u00e2-y\u0131 Mill\u00eeye\u2019nin Olu\u015fum S\u00fcrecinden bahsedece\u011fim. Bu<\/p>\n","protected":false},"author":1,"featured_media":1444,"comment_status":"open","ping_status":"open","sticky":false,"template":"","format":"standard","meta":{"colormag_page_container_layout":"default_layout","colormag_page_sidebar_layout":"default_layout","footnotes":""},"categories":[16],"tags":[],"class_list":["post-1517","post","type-post","status-publish","format-standard","has-post-thumbnail","hentry","category-tarih-konulari"],"_links":{"self":[{"href":"https:\/\/www.sorumatix.com\/blog\/wp-json\/wp\/v2\/posts\/1517","targetHints":{"allow":["GET"]}}],"collection":[{"href":"https:\/\/www.sorumatix.com\/blog\/wp-json\/wp\/v2\/posts"}],"about":[{"href":"https:\/\/www.sorumatix.com\/blog\/wp-json\/wp\/v2\/types\/post"}],"author":[{"embeddable":true,"href":"https:\/\/www.sorumatix.com\/blog\/wp-json\/wp\/v2\/users\/1"}],"replies":[{"embeddable":true,"href":"https:\/\/www.sorumatix.com\/blog\/wp-json\/wp\/v2\/comments?post=1517"}],"version-history":[{"count":0,"href":"https:\/\/www.sorumatix.com\/blog\/wp-json\/wp\/v2\/posts\/1517\/revisions"}],"wp:featuredmedia":[{"embeddable":true,"href":"https:\/\/www.sorumatix.com\/blog\/wp-json\/wp\/v2\/media\/1444"}],"wp:attachment":[{"href":"https:\/\/www.sorumatix.com\/blog\/wp-json\/wp\/v2\/media?parent=1517"}],"wp:term":[{"taxonomy":"category","embeddable":true,"href":"https:\/\/www.sorumatix.com\/blog\/wp-json\/wp\/v2\/categories?post=1517"},{"taxonomy":"post_tag","embeddable":true,"href":"https:\/\/www.sorumatix.com\/blog\/wp-json\/wp\/v2\/tags?post=1517"}],"curies":[{"name":"wp","href":"https:\/\/api.w.org\/{rel}","templated":true}]}}