{"id":1518,"date":"2023-09-24T19:52:53","date_gmt":"2023-09-24T19:52:53","guid":{"rendered":"https:\/\/www.sorumatix.com\/blog\/?p=1518"},"modified":"2023-09-06T06:41:19","modified_gmt":"2023-09-06T06:41:19","slug":"mustafa-kemal-pasa-ve-diger-onemli-sahsiyetlerin-cephelerdeki-gorev-ve-basarilari","status":"publish","type":"post","link":"https:\/\/www.sorumatix.com\/blog\/mustafa-kemal-pasa-ve-diger-onemli-sahsiyetlerin-cephelerdeki-gorev-ve-basarilari.html","title":{"rendered":"Mustafa Kemal Pa\u015fa ve di\u011fer \u00f6nemli \u015fahsiyetlerin cephelerdeki g\u00f6rev ve ba\u015far\u0131lar\u0131"},"content":{"rendered":"<p><center><iframe loading=\"lazy\" width=\"560\" height=\"315\" src=\"https:\/\/www.youtube.com\/embed\/bvRq51BLPds\" title=\"YouTube video player\" frameborder=\"0\" allow=\"accelerometer; autoplay; clipboard-write; encrypted-media; gyroscope; picture-in-picture; web-share\" allowfullscreen><\/iframe><\/center><html><head><\/head><body><\/p>\n<p>Mustafa Kemal Pa\u015fa ve Di\u011fer \u00d6nemli \u015eahsiyetlerin Cephelerdeki G\u00f6rev ve Ba\u015far\u0131lar\u0131<\/p>\n<p>Merhaba \u00e7ocuklar! Bug\u00fcn sizlere tarihle ilgili \u00e7ok \u00f6nemli bir konudan bahsedece\u011fim: Mustafa Kemal Pa\u015fa ve di\u011fer \u00f6nemli \u015fahsiyetlerin cephelerdeki g\u00f6rev ve ba\u015far\u0131lar\u0131. \u0130lkokul \u00f6\u011frencisi olarak, bu bilgiler sana hem derslerinde yard\u0131mc\u0131 olacak hem de tarihimizi daha iyi anlaman\u0131 sa\u011flayacak.<\/p>\n<p>1. Mustafa Kemal Pa\u015fa:<\/p>\n<p>Mustafa Kemal Atat\u00fcrk, T\u00fcrkiye Cumhuriyeti&#8217;nin kurucusu ve b\u00fcy\u00fck bir lideridir. Birinci D\u00fcnya Sava\u015f\u0131&#8217;nda Osmanl\u0131 Ordusu&#8217;yla beraber \u00e7e\u015fitli cephelerde g\u00f6rev alm\u0131\u015ft\u0131r. En \u00fcnl\u00fc ba\u015far\u0131s\u0131 ise \u00c7anakkale Sava\u015f\u0131&#8217;d\u0131r. Bu sava\u015fta d\u00fc\u015fmana kar\u015f\u0131 b\u00fcy\u00fck bir direni\u015f g\u00f6stererek zafer kazanmam\u0131z\u0131 sa\u011flam\u0131\u015ft\u0131r.<\/p>\n<p>2. \u0130smet \u0130n\u00f6n\u00fc:<\/p>\n<p>\u0130smet \u0130n\u00f6n\u00fc, T\u00fcrkiye Cumhuriyeti&#8217;nin ikinci Cumhurba\u015fkan\u0131d\u0131r. Ayn\u0131 zamanda Birinci D\u00fcnya Sava\u015f\u0131&#8217;nda g\u00f6rev alm\u0131\u015f \u00f6nemli bir komutand\u0131r. \u0130n\u00f6n\u00fc, Sakarya Meydan Muharebesi&#8217;nde g\u00f6sterdi\u011fi ba\u015far\u0131yla d\u00fc\u015fman\u0131 geri p\u00fcsk\u00fcrtm\u00fc\u015f ve Milli M\u00fccadele&#8217;nin kazan\u0131lmas\u0131nda b\u00fcy\u00fck rol oynam\u0131\u015ft\u0131r.<\/p>\n<p><center><img decoding=\"async\" src=\"https:\/\/www.sorumatix.com\/blog\/wp-content\/uploads\/2023\/08\/uploaded-image-1693289308034.jpg\" alt=\"1\"><\/center><\/p>\n<p>3. Fevzi \u00c7akmak:<\/p>\n<p>Fevzi \u00c7akmak da Milli M\u00fccadele d\u00f6neminin \u00f6nemli komutanlar\u0131ndan biridir. Kurtulu\u015f Sava\u015f\u0131&#8217;nda ba\u015far\u0131l\u0131 bir \u015fekilde g\u00f6rev alm\u0131\u015f ve T\u00fcrkiye&#8217;nin ba\u011f\u0131ms\u0131zl\u0131\u011f\u0131n\u0131 sa\u011flam\u0131\u015ft\u0131r. Ayn\u0131 zamanda T\u00fcrk Silahl\u0131 Kuvvetleri&#8217;nin kurucusu olarak da bilinir.<\/p>\n<p><center><img decoding=\"async\" src=\"https:\/\/www.sorumatix.com\/blog\/wp-content\/uploads\/2023\/08\/uploaded-image-1693289313357.jpg\" alt=\"2\"><\/center><\/p>\n<p>4. \u0130smail Enver Pa\u015fa:<\/p>\n<p>\u0130smail Enver Pa\u015fa, Osmanl\u0131 \u0130mparatorlu\u011fu&#8217;nun son d\u00f6neminde etkili bir askeri liderdi. Birinci D\u00fcnya Sava\u015f\u0131&#8217;nda \u00e7e\u015fitli cephelerde g\u00f6rev ald\u0131. Ancak baz\u0131 kararlar\u0131n\u0131n yanl\u0131\u015f oldu\u011fu d\u00fc\u015f\u00fcn\u00fcl\u00fcr ve bu da Osmanl\u0131 \u0130mparatorlu\u011fu&#8217;nun \u00e7\u00f6kmesinde etkili oldu.<\/p>\n<p>5. Cevat Abbas G\u00fcrer:<\/p>\n<p>Cevat Abbas G\u00fcrer, T\u00fcrk Kurtulu\u015f Sava\u015f\u0131&#8217;nda \u00f6nemli rol oynam\u0131\u015f bir komutand\u0131r. B\u00fcy\u00fck Taarruz&#8217;da komutanl\u0131k yaparak d\u00fc\u015fman\u0131 ma\u011flup etmi\u015ftir. Onun cesareti ve liderlik yetenekleriyle T\u00fcrkiye Cumhuriyeti&#8217;nin temelleri at\u0131lm\u0131\u015ft\u0131r.<\/p>\n<p>Bu \u00f6nemli \u015fahsiyetler, sava\u015f d\u00f6nemlerinde \u00fclkemizin kurtulu\u015fu i\u00e7in b\u00fcy\u00fck m\u00fccadeleler vermi\u015flerdir. Onlar\u0131n cesaretleri, stratejik yetenekleri ve liderlikleri sayesinde T\u00fcrkiye ba\u011f\u0131ms\u0131zl\u0131\u011f\u0131n\u0131 kazanm\u0131\u015ft\u0131r.<\/p>\n<p>Unutma, tarih ge\u00e7mi\u015fimizi anlamam\u0131z i\u00e7in \u00e7ok \u00f6nemlidir. Bu b\u00fcy\u00fck insanlar\u0131n hayat hikayelerini okuyarak, onlar\u0131n ba\u015far\u0131lar\u0131ndan ve fedakarl\u0131klar\u0131ndan ilham alabiliriz. Onlar bizim kahramanlar\u0131m\u0131zd\u0131r ve her zaman hat\u0131rlanmal\u0131d\u0131r.<\/p>\n<p>Umar\u0131m bu yaz\u0131 sayesinde Mustafa Kemal Pa\u015fa ve di\u011fer \u00f6nemli \u015fahsiyetlerin cephelerdeki g\u00f6rev ve ba\u015far\u0131lar\u0131 hakk\u0131nda daha fazla bilgi edinmi\u015fsindir. Tarihle ilgili ara\u015ft\u0131rmalar yapmaya devam et ve unutma, gelece\u011fimizi in\u015fa etmek i\u00e7in ge\u00e7mi\u015fi anlamak \u00f6nemlidir. Ba\u015far\u0131l\u0131 bir gelecek seni bekliyor!<\/p>\n<p><\/body><\/html><\/p>\n","protected":false},"excerpt":{"rendered":"<p>Mustafa Kemal Pa\u015fa ve Di\u011fer \u00d6nemli \u015eahsiyetlerin Cephelerdeki G\u00f6rev ve Ba\u015far\u0131lar\u0131 Merhaba \u00e7ocuklar! Bug\u00fcn sizlere tarihle ilgili \u00e7ok \u00f6nemli bir<\/p>\n","protected":false},"author":1,"featured_media":1437,"comment_status":"open","ping_status":"open","sticky":false,"template":"","format":"standard","meta":{"colormag_page_container_layout":"default_layout","colormag_page_sidebar_layout":"default_layout","footnotes":""},"categories":[16],"tags":[],"class_list":["post-1518","post","type-post","status-publish","format-standard","has-post-thumbnail","hentry","category-tarih-konulari"],"_links":{"self":[{"href":"https:\/\/www.sorumatix.com\/blog\/wp-json\/wp\/v2\/posts\/1518","targetHints":{"allow":["GET"]}}],"collection":[{"href":"https:\/\/www.sorumatix.com\/blog\/wp-json\/wp\/v2\/posts"}],"about":[{"href":"https:\/\/www.sorumatix.com\/blog\/wp-json\/wp\/v2\/types\/post"}],"author":[{"embeddable":true,"href":"https:\/\/www.sorumatix.com\/blog\/wp-json\/wp\/v2\/users\/1"}],"replies":[{"embeddable":true,"href":"https:\/\/www.sorumatix.com\/blog\/wp-json\/wp\/v2\/comments?post=1518"}],"version-history":[{"count":1,"href":"https:\/\/www.sorumatix.com\/blog\/wp-json\/wp\/v2\/posts\/1518\/revisions"}],"predecessor-version":[{"id":2892,"href":"https:\/\/www.sorumatix.com\/blog\/wp-json\/wp\/v2\/posts\/1518\/revisions\/2892"}],"wp:featuredmedia":[{"embeddable":true,"href":"https:\/\/www.sorumatix.com\/blog\/wp-json\/wp\/v2\/media\/1437"}],"wp:attachment":[{"href":"https:\/\/www.sorumatix.com\/blog\/wp-json\/wp\/v2\/media?parent=1518"}],"wp:term":[{"taxonomy":"category","embeddable":true,"href":"https:\/\/www.sorumatix.com\/blog\/wp-json\/wp\/v2\/categories?post=1518"},{"taxonomy":"post_tag","embeddable":true,"href":"https:\/\/www.sorumatix.com\/blog\/wp-json\/wp\/v2\/tags?post=1518"}],"curies":[{"name":"wp","href":"https:\/\/api.w.org\/{rel}","templated":true}]}}