{"id":1520,"date":"2023-09-20T19:22:53","date_gmt":"2023-09-20T19:22:53","guid":{"rendered":"https:\/\/www.sorumatix.com\/blog\/?p=1520"},"modified":"2023-09-20T19:22:53","modified_gmt":"2023-09-20T19:22:53","slug":"ataturk-donemi-turk-dis-politikasinin-temel-ilkeleri","status":"publish","type":"post","link":"https:\/\/www.sorumatix.com\/blog\/ataturk-donemi-turk-dis-politikasinin-temel-ilkeleri.html","title":{"rendered":"Atat\u00fcrk D\u00f6nemi T\u00fcrk d\u0131\u015f politikas\u0131n\u0131n temel ilkeleri"},"content":{"rendered":"<p><center><iframe loading=\"lazy\" width=\"560\" height=\"315\" src=\"https:\/\/www.youtube.com\/embed\/6dek_ipGfpo\" title=\"YouTube video player\" frameborder=\"0\" allow=\"accelerometer; autoplay; clipboard-write; encrypted-media; gyroscope; picture-in-picture; web-share\" allowfullscreen><\/iframe><\/center><html><head><\/head><body><\/p>\n<p>Atat\u00fcrk D\u00f6nemi T\u00fcrk D\u0131\u015f Politikas\u0131n\u0131n Temel \u0130lkeleri<\/p>\n<p>Tarih boyunca bir\u00e7ok \u00fclke kendi d\u0131\u015f politikalar\u0131n\u0131 belirlerken \u00e7e\u015fitli ilkeler \u00fczerine dayanm\u0131\u015ft\u0131r. Bir \u00fclkenin d\u0131\u015f politikas\u0131, uluslararas\u0131 ili\u015fkilerde nas\u0131l davranaca\u011f\u0131n\u0131 ve hedeflerini nas\u0131l ger\u00e7ekle\u015ftirece\u011fini g\u00f6sterir. Bu makalede, Atat\u00fcrk D\u00f6nemi T\u00fcrk d\u0131\u015f politikas\u0131n\u0131n temel ilkelerini ke\u015ffedece\u011fiz.<\/p>\n<p>1. Ba\u011f\u0131ms\u0131zl\u0131k ve Milli Egemenlik:<\/p>\n<p>Atat\u00fcrk&#8217;\u00fcn en \u00f6nemli prensiplerinden biri ba\u011f\u0131ms\u0131zl\u0131kt\u0131. T\u00fcrkiye Cumhuriyeti&#8217;nin kurulmas\u0131yla birlikte, milli egemenlik ilkesi benimsendi. Bu ilke, T\u00fcrk halk\u0131n\u0131n kendi gelece\u011fini belirleme hakk\u0131na sahip oldu\u011funu vurgular. T\u00fcrk d\u0131\u015f politikas\u0131, ba\u011f\u0131ms\u0131zl\u0131k ve milli egemenlik esas\u0131na dayanarak \u015fekillendirildi.<\/p>\n<p>2. Bar\u0131\u015f\u00e7\u0131l \u00c7\u00f6z\u00fcmler ve Diplomasi:<\/p>\n<p>T\u00fcrkiye, uluslararas\u0131 ili\u015fkilerde bar\u0131\u015f\u00e7\u0131l \u00e7\u00f6z\u00fcmleri destekledi ve diplomasiyi \u00f6ncelikli olarak benimsedi. Atat\u00fcrk D\u00f6nemi&#8217;nde, sava\u015f yerine m\u00fczakereler ve anla\u015fmalar yoluyla sorunlar\u0131n \u00e7\u00f6z\u00fclmesi hedeflendi. T\u00fcrk d\u0131\u015f politikas\u0131, di\u011fer \u00fclkelerle iyi ili\u015fkiler kurma ve sorunlar\u0131n bar\u0131\u015f\u00e7\u0131l yollarla \u00e7\u00f6z\u00fcm\u00fc \u00fczerine odakland\u0131.<\/p>\n<p>3. Tarafs\u0131zl\u0131k:<\/p>\n<p>Atat\u00fcrk D\u00f6nemi&#8217;nde T\u00fcrkiye, tarafs\u0131z bir d\u0131\u015f politika izlemeyi benimsedi. Bu ilke, uluslararas\u0131 anla\u015fmazl\u0131klarda tarafs\u0131z kalmay\u0131 ve sava\u015flara taraf olmamay\u0131 ifade eder. T\u00fcrkiye, kendi \u00e7\u0131karlar\u0131na zarar vermeden, di\u011fer \u00fclkelerle e\u015fit mesafede durarak tarafs\u0131zl\u0131\u011f\u0131n\u0131 korumaya \u00e7al\u0131\u015ft\u0131.<\/p>\n<p><center><img decoding=\"async\" src=\"https:\/\/www.sorumatix.com\/blog\/wp-content\/uploads\/2023\/08\/uploaded-image-1693289309372.jpg\" alt=\"1\"><\/center><\/p>\n<p>4. \u0130\u015fbirli\u011fi ve Ekonomik Kalk\u0131nma:<\/p>\n<p><center><img decoding=\"async\" src=\"https:\/\/www.sorumatix.com\/blog\/wp-content\/uploads\/2023\/08\/uploaded-image-1693289315115.jpg\" alt=\"2\"><\/center><\/p>\n<p>T\u00fcrk d\u0131\u015f politikas\u0131, uluslararas\u0131 i\u015fbirli\u011fini te\u015fvik etmeyi ve ekonomik kalk\u0131nmay\u0131 desteklemeyi hedefledi. Atat\u00fcrk, T\u00fcrkiye&#8217;nin modern bir ulus haline gelmesi i\u00e7in ekonomik kalk\u0131nman\u0131n \u00f6nemini vurgulad\u0131. Bu nedenle, d\u0131\u015f politika da ekonomik i\u015fbirli\u011fi ve ticaret ili\u015fkilerini geli\u015ftirmeye y\u00f6nelik ad\u0131mlar\u0131 i\u00e7eriyordu.<\/p>\n<p>5. Ulusal G\u00fcvenlik:<\/p>\n<p>Atat\u00fcrk D\u00f6nemi&#8217;nde T\u00fcrk d\u0131\u015f politikas\u0131, ulusal g\u00fcvenlik ve savunma konular\u0131na da \u00f6nem verdi. T\u00fcrkiye, toprak b\u00fct\u00fcnl\u00fc\u011f\u00fcn\u00fc korumak ve ulusal g\u00fcvenli\u011fi sa\u011flamak i\u00e7in gerekli tedbirleri ald\u0131. B\u00f6lgesel istikrar\u0131 ve g\u00fcvenli\u011fi tehdit eden fakt\u00f6rlere kar\u015f\u0131 \u00f6nleyici politikalar izlendi.<\/p>\n<p>Atat\u00fcrk D\u00f6nemi T\u00fcrk d\u0131\u015f politikas\u0131n\u0131n temel ilkeleri, ba\u011f\u0131ms\u0131zl\u0131k, milli egemenlik, bar\u0131\u015f\u00e7\u0131l \u00e7\u00f6z\u00fcmler ve diplomasi, tarafs\u0131zl\u0131k, i\u015fbirli\u011fi ve ekonomik kalk\u0131nma ile ulusal g\u00fcvenlik gibi de\u011ferler \u00fczerine \u015fekillendirildi. Bu ilkeler, T\u00fcrkiye&#8217;nin uluslararas\u0131 ili\u015fkilerde etkin bir rol oynamas\u0131n\u0131 sa\u011flad\u0131 ve \u00fclkenin g\u00fc\u00e7l\u00fc bir akt\u00f6r olarak konumlanmas\u0131na yard\u0131mc\u0131 oldu. T\u00fcrk d\u0131\u015f politikas\u0131, g\u00fcn\u00fcm\u00fczde de bu temel ilkeleri g\u00f6z \u00f6n\u00fcnde bulundurarak \u015fekillenmeye devam etmektedir.<\/p>\n<p><\/body><\/html><\/p>\n","protected":false},"excerpt":{"rendered":"<p>Atat\u00fcrk D\u00f6nemi T\u00fcrk D\u0131\u015f Politikas\u0131n\u0131n Temel \u0130lkeleri Tarih boyunca bir\u00e7ok \u00fclke kendi d\u0131\u015f politikalar\u0131n\u0131 belirlerken \u00e7e\u015fitli ilkeler \u00fczerine dayanm\u0131\u015ft\u0131r. Bir<\/p>\n","protected":false},"author":1,"featured_media":1454,"comment_status":"open","ping_status":"open","sticky":false,"template":"","format":"standard","meta":{"colormag_page_container_layout":"default_layout","colormag_page_sidebar_layout":"default_layout","footnotes":""},"categories":[16],"tags":[],"class_list":["post-1520","post","type-post","status-publish","format-standard","has-post-thumbnail","hentry","category-tarih-konulari"],"_links":{"self":[{"href":"https:\/\/www.sorumatix.com\/blog\/wp-json\/wp\/v2\/posts\/1520","targetHints":{"allow":["GET"]}}],"collection":[{"href":"https:\/\/www.sorumatix.com\/blog\/wp-json\/wp\/v2\/posts"}],"about":[{"href":"https:\/\/www.sorumatix.com\/blog\/wp-json\/wp\/v2\/types\/post"}],"author":[{"embeddable":true,"href":"https:\/\/www.sorumatix.com\/blog\/wp-json\/wp\/v2\/users\/1"}],"replies":[{"embeddable":true,"href":"https:\/\/www.sorumatix.com\/blog\/wp-json\/wp\/v2\/comments?post=1520"}],"version-history":[{"count":0,"href":"https:\/\/www.sorumatix.com\/blog\/wp-json\/wp\/v2\/posts\/1520\/revisions"}],"wp:featuredmedia":[{"embeddable":true,"href":"https:\/\/www.sorumatix.com\/blog\/wp-json\/wp\/v2\/media\/1454"}],"wp:attachment":[{"href":"https:\/\/www.sorumatix.com\/blog\/wp-json\/wp\/v2\/media?parent=1520"}],"wp:term":[{"taxonomy":"category","embeddable":true,"href":"https:\/\/www.sorumatix.com\/blog\/wp-json\/wp\/v2\/categories?post=1520"},{"taxonomy":"post_tag","embeddable":true,"href":"https:\/\/www.sorumatix.com\/blog\/wp-json\/wp\/v2\/tags?post=1520"}],"curies":[{"name":"wp","href":"https:\/\/api.w.org\/{rel}","templated":true}]}}