{"id":1521,"date":"2023-09-08T07:47:53","date_gmt":"2023-09-08T07:47:53","guid":{"rendered":"https:\/\/www.sorumatix.com\/blog\/?p=1521"},"modified":"2023-09-12T11:34:19","modified_gmt":"2023-09-12T11:34:19","slug":"milli-mucadelenin-hazirlik-doneminde-mustafa-kemalin-yaptigi-calismalar","status":"publish","type":"post","link":"https:\/\/www.sorumatix.com\/blog\/milli-mucadelenin-hazirlik-doneminde-mustafa-kemalin-yaptigi-calismalar.html","title":{"rendered":"Mill\u00ee M\u00fccadele\u2019nin haz\u0131rl\u0131k d\u00f6neminde Mustafa Kemal\u2019in yapt\u0131\u011f\u0131 \u00e7al\u0131\u015fmalar"},"content":{"rendered":"<p><center><iframe loading=\"lazy\" width=\"560\" height=\"315\" src=\"https:\/\/www.youtube.com\/embed\/wijeIlABg3M\" title=\"YouTube video player\" frameborder=\"0\" allow=\"accelerometer; autoplay; clipboard-write; encrypted-media; gyroscope; picture-in-picture; web-share\" allowfullscreen><\/iframe><\/center><html><head><\/head><body><\/p>\n<p>Mill\u00ee M\u00fccadele&#8217;nin Haz\u0131rl\u0131k D\u00f6neminde Mustafa Kemal&#8217;in Yapt\u0131\u011f\u0131 \u00c7al\u0131\u015fmalar<\/p>\n<p>Mill\u00ee M\u00fccadele, T\u00fcrk milletinin ba\u011f\u0131ms\u0131zl\u0131k ve \u00f6zg\u00fcrl\u00fck m\u00fccadelesinin en \u00f6nemli d\u00f6nemlerinden biridir. Bu s\u00fcre\u00e7te b\u00fcy\u00fck bir lider olarak \u00f6ne \u00e7\u0131kan Mustafa Kemal Atat\u00fcrk, Mill\u00ee M\u00fccadele&#8217;nin haz\u0131rl\u0131k d\u00f6neminde \u00f6nemli \u00e7al\u0131\u015fmalara imza atm\u0131\u015ft\u0131r. \u0130\u015fte, Mustafa Kemal&#8217;in bu d\u00f6nemde yapt\u0131\u011f\u0131 \u00f6nemli \u00e7al\u0131\u015fmalar:<\/p>\n<p>1. Samsun&#8217;a Geli\u015fi: Mill\u00ee M\u00fccadele&#8217;nin ba\u015flang\u0131c\u0131 olarak kabul edilen 19 May\u0131s 1919 tarihinde, Mustafa Kemal Samsun&#8217;a gelerek g\u00f6revine ba\u015flam\u0131\u015ft\u0131r. Bu hareketiyle T\u00fcrk halk\u0131na umut vermi\u015f ve direni\u015f \u00e7a\u011fr\u0131s\u0131 yapm\u0131\u015ft\u0131r.<\/p>\n<p>2. Amasya Genelgesi: Mustafa Kemal, gizlice toplad\u0131\u011f\u0131 \u00e7e\u015fitli ileri gelenlerle bir araya gelerek Amasya Genelgesi&#8217;ni yay\u0131nlam\u0131\u015ft\u0131r. Bu genelge, halk\u0131n mill\u00ee iradesini savunma kararl\u0131l\u0131\u011f\u0131n\u0131 ortaya koymu\u015f ve Mill\u00ee M\u00fccadele&#8217;nin temellerini atm\u0131\u015ft\u0131r.<\/p>\n<p><center><img decoding=\"async\" src=\"https:\/\/www.sorumatix.com\/blog\/wp-content\/uploads\/2023\/08\/uploaded-image-1693289310412.jpg\" alt=\"1\"><\/center><\/p>\n<p>3. Erzurum ve Sivas Kongreleri: Mustafa Kemal, Erzurum Kongresi ve Sivas Kongresi gibi \u00f6nemli toplant\u0131larda mill\u00ee m\u00fccadelenin yol haritas\u0131n\u0131 belirlemi\u015f ve birlik olma \u00e7a\u011fr\u0131s\u0131 yapm\u0131\u015ft\u0131r. Bu kongreler, halk\u0131n iradesini temsil eden meclislerin kurulmas\u0131na ve \u00f6rg\u00fctlenmeye olanak sa\u011flam\u0131\u015ft\u0131r.<\/p>\n<p><center><img decoding=\"async\" src=\"https:\/\/www.sorumatix.com\/blog\/wp-content\/uploads\/2023\/08\/uploaded-image-1693289316318.jpg\" alt=\"2\"><\/center><\/p>\n<p>4. M\u00fcdafaa-i Hukuk Cemiyeti: Mustafa Kemal, Mill\u00ee M\u00fccadele&#8217;yi \u00f6rg\u00fctleyebilmek i\u00e7in M\u00fcdafaa-i Hukuk Cemiyeti&#8217;ni kurmu\u015ftur. Bu cemiyet, Anadolu&#8217;nun \u00e7e\u015fitli b\u00f6lgelerinde mill\u00ee direni\u015fi organize etmi\u015f ve halk\u0131n deste\u011fini kazanm\u0131\u015ft\u0131r.<\/p>\n<p>5. B\u00fcy\u00fck Taarruz: Mill\u00ee M\u00fccadele&#8217;nin en kritik d\u00f6nemlerinden biri olan B\u00fcy\u00fck Taarruz, Mustafa Kemal&#8217;in liderli\u011finde ger\u00e7ekle\u015ftirilmi\u015ftir. Bu taarruz, T\u00fcrk ordusunun d\u00fc\u015fmana kar\u015f\u0131 b\u00fcy\u00fck bir zafer kazanmas\u0131n\u0131 sa\u011flayarak ba\u011f\u0131ms\u0131zl\u0131k sava\u015f\u0131n\u0131n sona ermesine zemin haz\u0131rlam\u0131\u015ft\u0131r.<\/p>\n<p>Mustafa Kemal Atat\u00fcrk&#8217;\u00fcn Mill\u00ee M\u00fccadele d\u00f6nemindeki \u00e7al\u0131\u015fmalar\u0131, T\u00fcrk milletinin birlik ve beraberlik duygular\u0131n\u0131 g\u00fc\u00e7lendirmi\u015f, ba\u011f\u0131ms\u0131zl\u0131k m\u00fccadelesi i\u00e7in gereken ad\u0131mlar\u0131n at\u0131lmas\u0131n\u0131 sa\u011flam\u0131\u015ft\u0131r. Onun \u00f6nderli\u011finde T\u00fcrk halk\u0131, ba\u011f\u0131ms\u0131zl\u0131\u011f\u0131n\u0131 koruma ve gelece\u011fini in\u015fa etme yolunda \u00f6nemli bir m\u00fccadele vermi\u015ftir.<\/p>\n<p>Mill\u00ee M\u00fccadele&#8217;nin haz\u0131rl\u0131k d\u00f6neminde Mustafa Kemal&#8217;in yapt\u0131\u011f\u0131 \u00e7al\u0131\u015fmalar, T\u00fcrk tarihindeki en \u00f6nemli d\u00f6n\u00fcm noktalar\u0131ndan biri olarak kabul edilir. Bu \u00e7al\u0131\u015fmalar sayesinde T\u00fcrkiye Cumhuriyeti&#8217;nin temelleri at\u0131lm\u0131\u015f ve ba\u011f\u0131ms\u0131zl\u0131k elde edilmi\u015ftir. Mustafa Kemal Atat\u00fcrk&#8217;\u00fcn liderli\u011fi ve azmi, gelecek nesillere ilham kayna\u011f\u0131 olmu\u015f ve T\u00fcrk milletinin onuru haline gelmi\u015ftir.<\/p>\n<p>Mill\u00ee M\u00fccadele&#8217;nin haz\u0131rl\u0131k d\u00f6neminde Mustafa Kemal&#8217;in yapt\u0131\u011f\u0131 \u00e7al\u0131\u015fmalar, T\u00fcrk tarihinde unutulmaz bir yer edinmi\u015ftir. Bug\u00fcn T\u00fcrkiye, Mustafa Kemal&#8217;in miras\u0131n\u0131 koruyarak \u00e7a\u011fda\u015f bir devlet olma yolunda ilerlemektedir. Mustafa Kemal Atat\u00fcrk&#8217;\u00fcn \u00f6nc\u00fcl\u00fc\u011f\u00fcnde ger\u00e7ekle\u015fen Mill\u00ee M\u00fccadele, mill\u00ee bilincin uyanmas\u0131na,<\/p>\n<p><\/body><\/html><\/p>\n","protected":false},"excerpt":{"rendered":"<p>Mill\u00ee M\u00fccadele&#8217;nin Haz\u0131rl\u0131k D\u00f6neminde Mustafa Kemal&#8217;in Yapt\u0131\u011f\u0131 \u00c7al\u0131\u015fmalar Mill\u00ee M\u00fccadele, T\u00fcrk milletinin ba\u011f\u0131ms\u0131zl\u0131k ve \u00f6zg\u00fcrl\u00fck m\u00fccadelesinin en \u00f6nemli d\u00f6nemlerinden biridir.<\/p>\n","protected":false},"author":1,"featured_media":1464,"comment_status":"open","ping_status":"open","sticky":false,"template":"","format":"standard","meta":{"colormag_page_container_layout":"default_layout","colormag_page_sidebar_layout":"default_layout","footnotes":""},"categories":[16],"tags":[],"class_list":["post-1521","post","type-post","status-publish","format-standard","has-post-thumbnail","hentry","category-tarih-konulari"],"_links":{"self":[{"href":"https:\/\/www.sorumatix.com\/blog\/wp-json\/wp\/v2\/posts\/1521","targetHints":{"allow":["GET"]}}],"collection":[{"href":"https:\/\/www.sorumatix.com\/blog\/wp-json\/wp\/v2\/posts"}],"about":[{"href":"https:\/\/www.sorumatix.com\/blog\/wp-json\/wp\/v2\/types\/post"}],"author":[{"embeddable":true,"href":"https:\/\/www.sorumatix.com\/blog\/wp-json\/wp\/v2\/users\/1"}],"replies":[{"embeddable":true,"href":"https:\/\/www.sorumatix.com\/blog\/wp-json\/wp\/v2\/comments?post=1521"}],"version-history":[{"count":1,"href":"https:\/\/www.sorumatix.com\/blog\/wp-json\/wp\/v2\/posts\/1521\/revisions"}],"predecessor-version":[{"id":3569,"href":"https:\/\/www.sorumatix.com\/blog\/wp-json\/wp\/v2\/posts\/1521\/revisions\/3569"}],"wp:featuredmedia":[{"embeddable":true,"href":"https:\/\/www.sorumatix.com\/blog\/wp-json\/wp\/v2\/media\/1464"}],"wp:attachment":[{"href":"https:\/\/www.sorumatix.com\/blog\/wp-json\/wp\/v2\/media?parent=1521"}],"wp:term":[{"taxonomy":"category","embeddable":true,"href":"https:\/\/www.sorumatix.com\/blog\/wp-json\/wp\/v2\/categories?post=1521"},{"taxonomy":"post_tag","embeddable":true,"href":"https:\/\/www.sorumatix.com\/blog\/wp-json\/wp\/v2\/tags?post=1521"}],"curies":[{"name":"wp","href":"https:\/\/api.w.org\/{rel}","templated":true}]}}