{"id":1523,"date":"2023-09-20T07:23:53","date_gmt":"2023-09-20T07:23:53","guid":{"rendered":"https:\/\/www.sorumatix.com\/blog\/?p=1523"},"modified":"2023-09-20T10:50:44","modified_gmt":"2023-09-20T10:50:44","slug":"cumhuriyetin-ilk-yillarinda-turkiye-cumhuriyetine-yonelik-tehditler","status":"publish","type":"post","link":"https:\/\/www.sorumatix.com\/blog\/cumhuriyetin-ilk-yillarinda-turkiye-cumhuriyetine-yonelik-tehditler.html","title":{"rendered":"Cumhuriyetin ilk y\u0131llar\u0131nda T\u00fcrkiye Cumhuriyetine y\u00f6nelik tehditler"},"content":{"rendered":"<p><center><iframe loading=\"lazy\" title=\"YouTube video player\" src=\"https:\/\/www.youtube.com\/embed\/FSZr3B5MExY\" width=\"560\" height=\"315\" frameborder=\"0\" allowfullscreen=\"allowfullscreen\"><\/iframe><\/center><\/p>\n<h2>Cumhuriyetin \u0130lk Y\u0131llar\u0131nda T\u00fcrkiye Cumhuriyetine Y\u00f6nelik Tehditler<\/h2>\n<p>T\u00fcrkiye Cumhuriyeti&#8217;nin kurulu\u015f y\u0131llar\u0131, b\u00fcy\u00fck bir d\u00f6n\u00fc\u015f\u00fcm ve m\u00fccadele s\u00fcrecini i\u00e7ermi\u015ftir. Cumhuriyetin ilk y\u0131llar\u0131nda, yeni devletimiz pek \u00e7ok i\u00e7 ve d\u0131\u015f tehditle kar\u015f\u0131 kar\u015f\u0131ya kalm\u0131\u015ft\u0131r. Bu zorluklar, T\u00fcrkiye&#8217;nin ba\u011f\u0131ms\u0131zl\u0131k ve geli\u015fme yolunda ilerlemesini engellemek isteyen g\u00fc\u00e7ler taraf\u0131ndan olu\u015fturulmu\u015ftur.<\/p>\n<p><strong>1. \u0130stiklal Sava\u015f\u0131:<\/strong> Cumhuriyetimizin temelleri, Kurtulu\u015f Sava\u015f\u0131 ile at\u0131lm\u0131\u015ft\u0131r. Milli M\u00fccadele d\u00f6neminde Yunan i\u015fgaline kar\u015f\u0131 verilen m\u00fccadele, T\u00fcrkiye&#8217;nin varolu\u015f m\u00fccadelesidir. Bu sava\u015fta milletimiz birlik ve beraberlik i\u00e7inde hareket ederek, ba\u011f\u0131ms\u0131zl\u0131\u011f\u0131n\u0131 kazanm\u0131\u015ft\u0131r.<\/p>\n<p><strong>2. \u0130\u00e7 Ayaklanmalar:<\/strong> Cumhuriyetin ilk y\u0131llar\u0131nda, T\u00fcrkiye i\u00e7erisinde baz\u0131 gruplar cumhuriyete kar\u015f\u0131 ayaklanmalar d\u00fczenlemi\u015flerdir. Bunlar\u0131n aras\u0131nda \u015eeyh Said \u0130syan\u0131, Ko\u00e7giri \u0130syan\u0131 ve Dersim \u0130syan\u0131 gibi olaylar yer almaktad\u0131r. Ancak devletimiz bu isyanlar\u0131 bast\u0131rarak, i\u00e7 huzuru sa\u011flam\u0131\u015ft\u0131r.<\/p>\n<p><strong>3. Ekonomik Zorluklar:<\/strong> Cumhuriyetin kurulu\u015f y\u0131llar\u0131nda, T\u00fcrkiye ekonomik a\u00e7\u0131dan da b\u00fcy\u00fck zorluklarla kar\u015f\u0131la\u015fm\u0131\u015ft\u0131r. Sava\u015f sonras\u0131 ekonomik s\u0131k\u0131nt\u0131lar, i\u015fsizlik ve yoksulluk gibi sorunlar \u00fclkenin kalk\u0131nmas\u0131n\u0131 etkilemi\u015ftir. Ancak devletimiz bu zorluklar\u0131 a\u015fmak i\u00e7in ekonomik reformlar ger\u00e7ekle\u015ftirmi\u015ftir.<\/p>\n<p><strong>4. D\u0131\u015f Tehditler:<\/strong> Cumhuriyetin ilk y\u0131llar\u0131nda, T\u00fcrkiye&#8217;nin ba\u011f\u0131ms\u0131zl\u0131\u011f\u0131n\u0131 korumas\u0131 i\u00e7in \u00f6nemli d\u0131\u015f tehditler bulunmaktayd\u0131. Bu tehditler aras\u0131nda \u0130ngiliz mandas\u0131, Frans\u0131z i\u015fgali ve Sevr Antla\u015fmas\u0131 gibi giri\u015fimler yer almaktad\u0131r. Ancak Atat\u00fcrk&#8217;\u00fcn \u00f6nderli\u011finde yap\u0131lan diplomasi \u00e7al\u0131\u015fmalar\u0131 ve Lozan Antla\u015fmas\u0131 ile T\u00fcrkiye&#8217;nin uluslararas\u0131 tan\u0131n\u0131rl\u0131\u011f\u0131 sa\u011flanm\u0131\u015ft\u0131r.<\/p>\n<p>Cumhuriyetin ilk y\u0131llar\u0131ndaki bu tehditler, T\u00fcrkiye&#8217;nin ilerlemesini engellemeye y\u00f6nelik olsa da, milletimizin azim ve kararl\u0131l\u0131\u011f\u0131 sayesinde a\u015f\u0131lm\u0131\u015ft\u0131r. Bug\u00fcn, T\u00fcrkiye Cumhuriyeti g\u00fc\u00e7l\u00fc bir demokrasi ve modern bir \u00fclke olarak yoluna devam etmektedir. Cumhuriyetimizi korumak ve kalk\u0131nd\u0131rmak i\u00e7in tarihimize sahip \u00e7\u0131kmam\u0131z ve ge\u00e7mi\u015fteki m\u00fccadelelerimizi anlamam\u0131z \u00f6nemlidir.<\/p>\n<p>\u00c7ocuklar\u0131m\u0131z, bu b\u00fcy\u00fck m\u00fccadeleleri ve zorluklar\u0131 anlamal\u0131 ve Cumhuriyetimizin de\u011ferini kavramal\u0131d\u0131r. Ge\u00e7mi\u015fimizden ders alarak, gelece\u011fimize daha g\u00fc\u00e7l\u00fc ad\u0131mlarla ilerleyebiliriz. Cumhuriyetimize sahip \u00e7\u0131kmak, birlik ve beraberlik i\u00e7inde olmak demektir. Bu nedenle, Cumhuriyetimizi korumak ve geli\u015ftirmek i\u00e7in her birimizin sorumluluklar\u0131 oldu\u011funu unutmamal\u0131y\u0131z.<\/p>\n<p>Unutmayal\u0131m ki, Cumhuriyetimiz bizlere ba\u011f\u0131ms\u0131zl\u0131k, \u00f6zg\u00fcrl\u00fck ve e\u015fitlik getirmi\u015ftir. Bu de\u011ferleri ya\u015fatmak ve onlara sahip \u00e7\u0131kmak, hepimizin g\u00f6revidir.<\/p>\n","protected":false},"excerpt":{"rendered":"<p>Cumhuriyetin \u0130lk Y\u0131llar\u0131nda T\u00fcrkiye Cumhuriyetine Y\u00f6nelik Tehditler T\u00fcrkiye Cumhuriyeti&#8217;nin kurulu\u015f y\u0131llar\u0131, b\u00fcy\u00fck bir d\u00f6n\u00fc\u015f\u00fcm ve m\u00fccadele s\u00fcrecini i\u00e7ermi\u015ftir. Cumhuriyetin ilk<\/p>\n","protected":false},"author":1,"featured_media":3522,"comment_status":"open","ping_status":"open","sticky":false,"template":"","format":"standard","meta":{"colormag_page_container_layout":"default_layout","colormag_page_sidebar_layout":"default_layout","footnotes":""},"categories":[16],"tags":[],"class_list":["post-1523","post","type-post","status-publish","format-standard","has-post-thumbnail","hentry","category-tarih-konulari"],"_links":{"self":[{"href":"https:\/\/www.sorumatix.com\/blog\/wp-json\/wp\/v2\/posts\/1523","targetHints":{"allow":["GET"]}}],"collection":[{"href":"https:\/\/www.sorumatix.com\/blog\/wp-json\/wp\/v2\/posts"}],"about":[{"href":"https:\/\/www.sorumatix.com\/blog\/wp-json\/wp\/v2\/types\/post"}],"author":[{"embeddable":true,"href":"https:\/\/www.sorumatix.com\/blog\/wp-json\/wp\/v2\/users\/1"}],"replies":[{"embeddable":true,"href":"https:\/\/www.sorumatix.com\/blog\/wp-json\/wp\/v2\/comments?post=1523"}],"version-history":[{"count":1,"href":"https:\/\/www.sorumatix.com\/blog\/wp-json\/wp\/v2\/posts\/1523\/revisions"}],"predecessor-version":[{"id":3599,"href":"https:\/\/www.sorumatix.com\/blog\/wp-json\/wp\/v2\/posts\/1523\/revisions\/3599"}],"wp:featuredmedia":[{"embeddable":true,"href":"https:\/\/www.sorumatix.com\/blog\/wp-json\/wp\/v2\/media\/3522"}],"wp:attachment":[{"href":"https:\/\/www.sorumatix.com\/blog\/wp-json\/wp\/v2\/media?parent=1523"}],"wp:term":[{"taxonomy":"category","embeddable":true,"href":"https:\/\/www.sorumatix.com\/blog\/wp-json\/wp\/v2\/categories?post=1523"},{"taxonomy":"post_tag","embeddable":true,"href":"https:\/\/www.sorumatix.com\/blog\/wp-json\/wp\/v2\/tags?post=1523"}],"curies":[{"name":"wp","href":"https:\/\/api.w.org\/{rel}","templated":true}]}}