{"id":1526,"date":"2023-09-14T19:34:53","date_gmt":"2023-09-14T19:34:53","guid":{"rendered":"https:\/\/www.sorumatix.com\/blog\/?p=1526"},"modified":"2023-09-14T19:34:53","modified_gmt":"2023-09-14T19:34:53","slug":"turkiyede-cumhuriyetin-ilan-edilmesi","status":"publish","type":"post","link":"https:\/\/www.sorumatix.com\/blog\/turkiyede-cumhuriyetin-ilan-edilmesi.html","title":{"rendered":"T\u00fcrkiye&#8217;de Cumhuriyetin \u0130lan Edilmesi"},"content":{"rendered":"<p><center><iframe loading=\"lazy\" width=\"560\" height=\"315\" src=\"https:\/\/www.youtube.com\/embed\/qkSpMW3YNmU\" title=\"YouTube video player\" frameborder=\"0\" allow=\"accelerometer; autoplay; clipboard-write; encrypted-media; gyroscope; picture-in-picture; web-share\" allowfullscreen><\/iframe><\/center><html><head><\/head><body><\/p>\n<p>T\u00fcrkiye&#8217;de Cumhuriyetin \u0130lan Edilmesi<\/p>\n<p>T\u00fcrkiye&#8217;nin tarihinde \u00f6nemli bir d\u00f6n\u00fcm noktas\u0131 olan Cumhuriyetin \u0130lan Edilmesi hakk\u0131nda size anlataca\u011f\u0131m. Bu olay, \u00fclkemizin y\u00f6netim bi\u00e7iminin de\u011fi\u015fti\u011fi ve halk\u0131n s\u00f6z sahibi oldu\u011fu bir zamanda ger\u00e7ekle\u015fti. \u0130\u015fte T\u00fcrkiye&#8217;de Cumhuriyetin ilan edilmesine dair baz\u0131 \u00f6nemli noktalar:<\/p>\n<p>1. 29 Ekim 1923: T\u00fcrkiye Cumhuriyeti&#8217;nin kurucusu olan B\u00fcy\u00fck \u00d6nder Mustafa Kemal Atat\u00fcrk, bu tarihte Cumhuriyet&#8217;in ilan\u0131n\u0131 duyurdu. Art\u0131k T\u00fcrkiye, saltanat yerine modern bir cumhuriyet olarak y\u00f6netilecekti.<\/p>\n<p>2. Halk\u0131n \u0130rade ve E\u015fitlik: Cumhuriyetin ilan\u0131yla birlikte, halk\u0131n iradesi ve e\u015fitlik ilkesi daha da \u00f6n plana \u00e7\u0131kt\u0131. Herkesin e\u015fit haklara sahip oldu\u011fu, demokratik bir sistem kuruldu.<\/p>\n<p><center><img decoding=\"async\" src=\"https:\/\/www.sorumatix.com\/blog\/wp-content\/uploads\/2023\/08\/uploaded-image-1693289355058.jpg\" alt=\"1\"><\/center><\/p>\n<p>3. Laiklik \u0130lkesi: Cumhuriyetin temel ilkelerinden biri laiklik oldu. Din ve devlet i\u015fleri ayr\u0131ld\u0131, her birey inanc\u0131n\u0131 \u00f6zg\u00fcrce ya\u015fama hakk\u0131na sahip oldu. Bu sayede farkl\u0131 dinlere mensup olan insanlar birlikte karde\u015f\u00e7e ya\u015fayabilme imkan\u0131na kavu\u015ftu.<\/p>\n<p>4. Modernle\u015fme ve Bat\u0131l\u0131la\u015fma: Cumhuriyetin ilan\u0131yla birlikte T\u00fcrkiye, h\u0131zl\u0131 bir modernle\u015fme ve bat\u0131l\u0131la\u015fma s\u00fcrecine girdi. Toplumsal ve ekonomik alanda \u00f6nemli reformlar ger\u00e7ekle\u015ftirildi. Halk\u0131n e\u011fitimi ve kad\u0131n haklar\u0131 gibi konular da \u00f6ncelikli hale geldi.<\/p>\n<p>5. Milli Egemenlik: Cumhuriyet d\u00f6nemi, milli egemenli\u011fin g\u00fc\u00e7lendi\u011fi bir d\u00f6nemdir. Halk, temsilcilerini se\u00e7erek y\u00f6neticilerini belirleme hakk\u0131na sahip oldu. H\u00fck\u00fcmetler, halk\u0131n \u00e7\u0131karlar\u0131n\u0131 g\u00f6zetmek zorundayd\u0131.<\/p>\n<p>T\u00fcrkiye&#8217;de Cumhuriyetin \u0130lan Edilmesi, \u00fclkemizin tarihinde b\u00fcy\u00fck bir d\u00f6n\u00fcm noktas\u0131d\u0131r. Bu olay ile birlikte T\u00fcrk milleti, kendi kaderini tayin etme hakk\u0131n\u0131 elde etti. B\u00fcy\u00fck \u00d6nder Atat\u00fcrk&#8217;\u00fcn liderli\u011finde ger\u00e7ekle\u015fen bu devrim, T\u00fcrkiye&#8217;nin \u00e7a\u011fda\u015fla\u015fmas\u0131nda ve demokratik de\u011ferleri benimsemesinde \u00f6nemli bir ad\u0131m oldu.<\/p>\n<p><center><img decoding=\"async\" src=\"https:\/\/www.sorumatix.com\/blog\/wp-content\/uploads\/2023\/08\/uploaded-image-1693289355360.jpg\" alt=\"2\"><\/center><\/p>\n<p>Bug\u00fcn, T\u00fcrkiye Cumhuriyeti olarak bizlere d\u00fc\u015fen g\u00f6rev, Atat\u00fcrk&#8217;\u00fcn g\u00f6sterdi\u011fi hedeflere sad\u0131k kalarak \u00fclkemizi daha da ileriye ta\u015f\u0131makt\u0131r. E\u011fitimimize \u00f6nem vermek, bilime ve teknolojiye yat\u0131r\u0131m yapmak, birlik ve beraberlik i\u00e7inde olmak, cumhuriyetimizin de\u011ferlerine sahip \u00e7\u0131kmak gibi sorumluluklar\u0131m\u0131z bulunmaktad\u0131r.<\/p>\n<p>Unutmayal\u0131m ki, T\u00fcrkiye Cumhuriyeti&#8217;nin temeli olan bu olay, biz gen\u00e7lerin de gelece\u011fi \u015fekillendirmek ad\u0131na b\u00fcy\u00fck bir f\u0131rsatt\u0131r. Kendimize g\u00fcvenelim, bilgiyle donanal\u0131m ve \u00fclkemiz i\u00e7in \u00e7al\u0131\u015fal\u0131m. \u00c7\u00fcnk\u00fc bizler, T\u00fcrkiye Cumhuriyeti&#8217;nin gelece\u011fiyiz!<\/p>\n<p><\/body><\/html><\/p>\n","protected":false},"excerpt":{"rendered":"<p>T\u00fcrkiye&#8217;de Cumhuriyetin \u0130lan Edilmesi T\u00fcrkiye&#8217;nin tarihinde \u00f6nemli bir d\u00f6n\u00fcm noktas\u0131 olan Cumhuriyetin \u0130lan Edilmesi hakk\u0131nda size anlataca\u011f\u0131m. Bu olay, \u00fclkemizin<\/p>\n","protected":false},"author":1,"featured_media":1524,"comment_status":"open","ping_status":"open","sticky":false,"template":"","format":"standard","meta":{"colormag_page_container_layout":"default_layout","colormag_page_sidebar_layout":"default_layout","footnotes":""},"categories":[16],"tags":[],"class_list":["post-1526","post","type-post","status-publish","format-standard","has-post-thumbnail","hentry","category-tarih-konulari"],"_links":{"self":[{"href":"https:\/\/www.sorumatix.com\/blog\/wp-json\/wp\/v2\/posts\/1526","targetHints":{"allow":["GET"]}}],"collection":[{"href":"https:\/\/www.sorumatix.com\/blog\/wp-json\/wp\/v2\/posts"}],"about":[{"href":"https:\/\/www.sorumatix.com\/blog\/wp-json\/wp\/v2\/types\/post"}],"author":[{"embeddable":true,"href":"https:\/\/www.sorumatix.com\/blog\/wp-json\/wp\/v2\/users\/1"}],"replies":[{"embeddable":true,"href":"https:\/\/www.sorumatix.com\/blog\/wp-json\/wp\/v2\/comments?post=1526"}],"version-history":[{"count":0,"href":"https:\/\/www.sorumatix.com\/blog\/wp-json\/wp\/v2\/posts\/1526\/revisions"}],"wp:featuredmedia":[{"embeddable":true,"href":"https:\/\/www.sorumatix.com\/blog\/wp-json\/wp\/v2\/media\/1524"}],"wp:attachment":[{"href":"https:\/\/www.sorumatix.com\/blog\/wp-json\/wp\/v2\/media?parent=1526"}],"wp:term":[{"taxonomy":"category","embeddable":true,"href":"https:\/\/www.sorumatix.com\/blog\/wp-json\/wp\/v2\/categories?post=1526"},{"taxonomy":"post_tag","embeddable":true,"href":"https:\/\/www.sorumatix.com\/blog\/wp-json\/wp\/v2\/tags?post=1526"}],"curies":[{"name":"wp","href":"https:\/\/api.w.org\/{rel}","templated":true}]}}