{"id":1676,"date":"2023-10-08T11:33:04","date_gmt":"2023-10-08T11:33:04","guid":{"rendered":"https:\/\/www.sorumatix.com\/blog\/?p=1676"},"modified":"2023-10-08T11:33:04","modified_gmt":"2023-10-08T11:33:04","slug":"gunesin-yillik-hareketi","status":"publish","type":"post","link":"https:\/\/www.sorumatix.com\/blog\/gunesin-yillik-hareketi.html","title":{"rendered":"G\u00fcne\u015f\u2019in, y\u0131ll\u0131k hareketi"},"content":{"rendered":"<p><center><iframe loading=\"lazy\" width=\"560\" height=\"315\" src=\"https:\/\/www.youtube.com\/embed\/avZ8HNlkX3E\" title=\"YouTube video player\" frameborder=\"0\" allow=\"accelerometer; autoplay; clipboard-write; encrypted-media; gyroscope; picture-in-picture; web-share\" allowfullscreen><\/iframe><\/center><html><head><\/head><body><\/p>\n<p>G\u00fcne\u015f\u2019in Y\u0131ll\u0131k Hareketi<\/p>\n<p>Merhaba! Bu yaz\u0131da, G\u00fcne\u015f&#8217;in y\u0131ll\u0131k hareketini ke\u015ffedece\u011fiz. E\u011flenceli bir yolculu\u011fa \u00e7\u0131kacak ve bu konuyu basit bir dil kullanarak anlataca\u011f\u0131m. Haz\u0131rsan\u0131z, ba\u015flayal\u0131m!<\/p>\n<p>1. G\u00fcne\u015fin Yolculu\u011fu<\/p>\n<p>G\u00fcne\u015f, her g\u00fcn do\u011far ve batarken g\u00f6ky\u00fcz\u00fcnde hareket eder. Ancak bununla s\u0131n\u0131rl\u0131 kalmaz, ayn\u0131 zamanda y\u0131ll\u0131k bir harekete de sahiptir. Peki, bu ne demek?<\/p>\n<p>2. D\u00f6rt Mevsim<\/p>\n<p>Biliyor musunuz, mevsimlerin de G\u00fcne\u015f&#8217;in hareketiyle ilgisi vard\u0131r. \u0130lkbahar, yaz, sonbahar ve k\u0131\u015f mevsimleri asl\u0131nda G\u00fcne\u015f&#8217;in g\u00f6ky\u00fcz\u00fcndeki konumuyla belirlenir.<\/p>\n<p><center><img decoding=\"async\" src=\"https:\/\/www.sorumatix.com\/blog\/wp-content\/uploads\/2023\/09\/uploaded-image-gunesin-yillik-hareketi-1693813366161.jpg\" title=\"G\u00fcne\u015f\u2019in, y\u0131ll\u0131k hareketi \" alt=\"G\u00fcne\u015f\u2019in, y\u0131ll\u0131k hareketi \"><\/center><\/p>\n<p>3. D\u00f6nence ve Ekvator<\/p>\n<p>G\u00fcne\u015f, g\u00f6ky\u00fcz\u00fcnde d\u00fcz bir hat boyunca hareket etmez. \u0130ki \u00f6nemli nokta vard\u0131r: d\u00f6nence ve ekvator. D\u00f6nenceler, Kuzey D\u00f6nencesi ve G\u00fcney D\u00f6nencesi olarak adland\u0131r\u0131l\u0131r. G\u00fcne\u015f, y\u0131l\u0131n belirli zamanlar\u0131nda bu d\u00f6nencelerden ge\u00e7er. Ekvator ise D\u00fcnya&#8217;n\u0131n ortas\u0131nda yer alan hayali bir \u00e7izgidir.<\/p>\n<p>4. Yaz ve K\u0131\u015f G\u00fcne\u015f D\u00f6nemleri<\/p>\n<p>Kuzey Yar\u0131mk\u00fcre&#8217;de ya\u015fayanlar i\u00e7in en keyifli zamanlardan biri yazd\u0131r. Bu d\u00f6nemde G\u00fcne\u015f, Kuzey D\u00f6nencesi \u00fczerinden ge\u00e7er ve g\u00fcnler daha uzun, geceler ise k\u0131sa olur. Bu y\u00fczden yaz aylar\u0131nda daha fazla g\u00fcne\u015f \u0131\u015f\u0131\u011f\u0131 al\u0131r\u0131z.<\/p>\n<p>Tam tersine, k\u0131\u015f aylar\u0131nda G\u00fcne\u015f, G\u00fcney D\u00f6nencesi \u00fczerinden ge\u00e7er. Bu da g\u00fcnlerin daha k\u0131sa, gecelerin ise daha uzun oldu\u011fu anlam\u0131na gelir. K\u0131\u015f\u0131n G\u00fcne\u015f \u0131\u015f\u0131\u011f\u0131 daha az oldu\u011fu i\u00e7in havalar daha so\u011fuk olur.<\/p>\n<p>5. \u0130lkbahar ve Sonbahar Denklem G\u00fcnleri<\/p>\n<p>\u0130lkbahar ve sonbahar mevsimlerinin geldi\u011fi zamanlarda denklem g\u00fcnleri ya\u015fan\u0131r. Bu g\u00fcnlerde, gece ve g\u00fcnd\u00fcz e\u015fit s\u00fcrede olur. G\u00fcne\u015f, tam olarak ekvator \u00fczerinden ge\u00e7ti\u011fi i\u00e7in her iki yar\u0131mk\u00fcrede de benzerlik g\u00f6steren hava ko\u015fullar\u0131 ya\u015fan\u0131r.<\/p>\n<p><center><img decoding=\"async\" src=\"https:\/\/www.sorumatix.com\/blog\/wp-content\/uploads\/2023\/09\/uploaded-image-gunesin-yillik-hareketi-1693813366551.jpg\" title=\"G\u00fcne\u015f\u2019in, y\u0131ll\u0131k hareketi \" alt=\"G\u00fcne\u015f\u2019in, y\u0131ll\u0131k hareketi \"><\/center><\/p>\n<p>Sonu\u00e7 olarak, G\u00fcne\u015f&#8217;in y\u0131ll\u0131k hareketi mevsimlerin de\u011fi\u015fmesine neden olur. Yaz\u0131n daha fazla g\u00fcne\u015f \u0131\u015f\u0131\u011f\u0131 al\u0131rken, k\u0131\u015f\u0131n daha az al\u0131r\u0131z. \u0130lkbahar ve sonbahar ise denklem g\u00fcnleriyle tan\u0131\u015f\u0131r\u0131z.<\/p>\n<p>Umar\u0131m bu yaz\u0131yla G\u00fcne\u015f&#8217;in y\u0131ll\u0131k hareketini daha iyi anlad\u0131n\u0131z. E\u011fer ba\u015fka sorular\u0131n\u0131z varsa, sormaktan \u00e7ekinmeyin. Keyifli \u00f6\u011frenmeler!<\/p>\n<p><\/body><\/html><\/p>\n","protected":false},"excerpt":{"rendered":"<p>G\u00fcne\u015f\u2019in Y\u0131ll\u0131k Hareketi Merhaba! Bu yaz\u0131da, G\u00fcne\u015f&#8217;in y\u0131ll\u0131k hareketini ke\u015ffedece\u011fiz. E\u011flenceli bir yolculu\u011fa \u00e7\u0131kacak ve bu konuyu basit bir dil<\/p>\n","protected":false},"author":1,"featured_media":1670,"comment_status":"open","ping_status":"open","sticky":false,"template":"","format":"standard","meta":{"colormag_page_container_layout":"default_layout","colormag_page_sidebar_layout":"default_layout","footnotes":""},"categories":[7],"tags":[],"class_list":["post-1676","post","type-post","status-publish","format-standard","has-post-thumbnail","hentry","category-fen-bilimleri"],"_links":{"self":[{"href":"https:\/\/www.sorumatix.com\/blog\/wp-json\/wp\/v2\/posts\/1676","targetHints":{"allow":["GET"]}}],"collection":[{"href":"https:\/\/www.sorumatix.com\/blog\/wp-json\/wp\/v2\/posts"}],"about":[{"href":"https:\/\/www.sorumatix.com\/blog\/wp-json\/wp\/v2\/types\/post"}],"author":[{"embeddable":true,"href":"https:\/\/www.sorumatix.com\/blog\/wp-json\/wp\/v2\/users\/1"}],"replies":[{"embeddable":true,"href":"https:\/\/www.sorumatix.com\/blog\/wp-json\/wp\/v2\/comments?post=1676"}],"version-history":[{"count":0,"href":"https:\/\/www.sorumatix.com\/blog\/wp-json\/wp\/v2\/posts\/1676\/revisions"}],"wp:featuredmedia":[{"embeddable":true,"href":"https:\/\/www.sorumatix.com\/blog\/wp-json\/wp\/v2\/media\/1670"}],"wp:attachment":[{"href":"https:\/\/www.sorumatix.com\/blog\/wp-json\/wp\/v2\/media?parent=1676"}],"wp:term":[{"taxonomy":"category","embeddable":true,"href":"https:\/\/www.sorumatix.com\/blog\/wp-json\/wp\/v2\/categories?post=1676"},{"taxonomy":"post_tag","embeddable":true,"href":"https:\/\/www.sorumatix.com\/blog\/wp-json\/wp\/v2\/tags?post=1676"}],"curies":[{"name":"wp","href":"https:\/\/api.w.org\/{rel}","templated":true}]}}