{"id":1743,"date":"2023-10-14T16:15:04","date_gmt":"2023-10-14T16:15:04","guid":{"rendered":"https:\/\/www.sorumatix.com\/blog\/?p=1743"},"modified":"2023-10-14T16:15:04","modified_gmt":"2023-10-14T16:15:04","slug":"gunes-zamani-ile-yildiz-zamani-arasindaki-ayrim","status":"publish","type":"post","link":"https:\/\/www.sorumatix.com\/blog\/gunes-zamani-ile-yildiz-zamani-arasindaki-ayrim.html","title":{"rendered":"G\u00fcne\u015f zaman\u0131 ile y\u0131ld\u0131z zaman\u0131 aras\u0131ndaki ayr\u0131m"},"content":{"rendered":"<p><center><iframe loading=\"lazy\" width=\"560\" height=\"315\" src=\"https:\/\/www.youtube.com\/embed\/VvV09ZPXgds\" title=\"YouTube video player\" frameborder=\"0\" allow=\"accelerometer; autoplay; clipboard-write; encrypted-media; gyroscope; picture-in-picture; web-share\" allowfullscreen><\/iframe><\/center><html><head><\/head><body><\/p>\n<p>G\u00fcne\u015f Zaman\u0131 ile Y\u0131ld\u0131z Zaman\u0131 Aras\u0131ndaki Ayr\u0131m<\/p>\n<p><center><img decoding=\"async\" src=\"https:\/\/www.sorumatix.com\/blog\/wp-content\/uploads\/2023\/09\/uploaded-image-gunes-zamani-ile-yildiz-zamani-arasindaki-ayrim-1693813368690.jpg\" title=\"G\u00fcne\u015f zaman\u0131 ile y\u0131ld\u0131z zaman\u0131 aras\u0131ndaki ayr\u0131m \" alt=\"G\u00fcne\u015f zaman\u0131 ile y\u0131ld\u0131z zaman\u0131 aras\u0131ndaki ayr\u0131m \"><\/center><center><img decoding=\"async\" src=\"https:\/\/www.sorumatix.com\/blog\/wp-content\/uploads\/2023\/09\/uploaded-image-gunes-zamani-ile-yildiz-zamani-arasindaki-ayrim-1693813371682.jpg\" title=\"G\u00fcne\u015f zaman\u0131 ile y\u0131ld\u0131z zaman\u0131 aras\u0131ndaki ayr\u0131m \" alt=\"G\u00fcne\u015f zaman\u0131 ile y\u0131ld\u0131z zaman\u0131 aras\u0131ndaki ayr\u0131m \"><\/center><\/p>\n<p>Merhaba! Bu makalede, G\u00fcne\u015f Zaman\u0131 ile Y\u0131ld\u0131z Zaman\u0131 Aras\u0131ndaki Ayr\u0131m konusunu ele alaca\u011f\u0131z. \u0130\u015fte bu iki zaman kavram\u0131n\u0131n ne oldu\u011fu ve nas\u0131l farkl\u0131l\u0131k g\u00f6sterdi\u011fi hakk\u0131nda basit ve anla\u015f\u0131l\u0131r bir a\u00e7\u0131klama:<\/p>\n<p>G\u00fcne\u015f Zaman\u0131:<\/p>\n<p>G\u00fcne\u015f Zaman\u0131, g\u00fcnl\u00fck ya\u015fant\u0131m\u0131zda kulland\u0131\u011f\u0131m\u0131z zaman dilimini ifade eder. G\u00fcne\u015f Zaman\u0131, d\u00fcnyan\u0131n d\u00f6n\u00fc\u015f hareketine ba\u011fl\u0131 olarak olu\u015fur. Bir g\u00fcn, D\u00fcnya&#8217;n\u0131n tam bir d\u00f6n\u00fc\u015f\u00fcne denk gelir ve yakla\u015f\u0131k olarak 24 saat s\u00fcrer. G\u00fcnl\u00fck aktivitelerimizi planlamak i\u00e7in G\u00fcne\u015f Zaman\u0131 \u00f6nemlidir. \u00d6rne\u011fin, sabah kalkma saati, okula gitme zaman\u0131 veya ak\u015fam yeme\u011fi saati gibi rutinlerimiz G\u00fcne\u015f Zaman\u0131na g\u00f6re belirlenir.<\/p>\n<p>Y\u0131ld\u0131z Zaman\u0131:<\/p>\n<p>Y\u0131ld\u0131z Zaman\u0131 ise astronomide kullan\u0131lan bir zaman dilimidir. Burada, evrenin daha b\u00fcy\u00fck \u00f6l\u00e7ekli zaman \u00f6l\u00e7\u00fcm\u00fc s\u00f6z konusudur. Y\u0131ld\u0131z Zaman\u0131, y\u0131ld\u0131zlar\u0131n g\u00f6r\u00fcn\u00fcr hareketlerine dayan\u0131r. \u00c7\u00fcnk\u00fc y\u0131ld\u0131zlar\u0131n konumu, uzayda d\u00f6nen D\u00fcnya&#8217;ya g\u00f6re de\u011fi\u015fir. Bu hareketler, y\u0131ld\u0131zlar\u0131n do\u011fu\u015f ve bat\u0131\u015flar\u0131n\u0131 i\u00e7erir. Astronomlar, g\u00f6zlemledikleri y\u0131ld\u0131zlar\u0131n konumlar\u0131n\u0131 kaydederek zaman \u00f6l\u00e7\u00fcmlerini yaparlar.<\/p>\n<p>G\u00fcne\u015f Zaman\u0131 ile Y\u0131ld\u0131z Zaman\u0131 Aras\u0131ndaki Ayr\u0131m:<\/p>\n<p>G\u00fcne\u015f Zaman\u0131 ile Y\u0131ld\u0131z Zaman\u0131 aras\u0131ndaki temel fark, zaman\u0131n referans noktas\u0131nda yatmaktad\u0131r. G\u00fcne\u015f Zaman\u0131, D\u00fcnya&#8217;n\u0131n kendi ekseni etraf\u0131ndaki d\u00f6n\u00fc\u015f\u00fcne dayan\u0131rken, Y\u0131ld\u0131z Zaman\u0131 evrensel bir referans noktas\u0131 olan y\u0131ld\u0131zlar\u0131n hareketlerine g\u00f6re belirlenir.<\/p>\n<p>Bu iki zaman dilimi aras\u0131ndaki ayr\u0131m\u0131n en belirgin oldu\u011fu alan astronomidir. Astronomlar, gezegenlerin, galaksilerin veya di\u011fer g\u00f6kcisimlerinin hareketlerini incelemek i\u00e7in genellikle Y\u0131ld\u0131z Zaman\u0131n\u0131 kullan\u0131rlar. G\u00fcne\u015f Zaman\u0131 ise g\u00fcnl\u00fck ya\u015fant\u0131m\u0131zda rutin i\u015flerimizi d\u00fczenlemek i\u00e7in daha \u00f6nemlidir.<\/p>\n<p>Sonu\u00e7 olarak, G\u00fcne\u015f Zaman\u0131 ve Y\u0131ld\u0131z Zaman\u0131 aras\u0131ndaki ayr\u0131m, zaman\u0131n nas\u0131l \u00f6l\u00e7\u00fcld\u00fc\u011f\u00fcn\u00fc ve farkl\u0131 referans noktalar\u0131n\u0131n neden oldu\u011fu de\u011fi\u015fiklikleri g\u00f6sterir. G\u00fcne\u015f Zaman\u0131 g\u00fcnl\u00fck i\u015flerimizde kullan\u0131l\u0131rken, Y\u0131ld\u0131z Zaman\u0131 astronomi ve evrensel zaman \u00f6l\u00e7\u00fcm\u00fcnde kullan\u0131l\u0131r.<\/p>\n<p>Umar\u0131m bu makale, G\u00fcne\u015f Zaman\u0131 ile Y\u0131ld\u0131z Zaman\u0131 aras\u0131ndaki fark\u0131 anlaman\u0131za yard\u0131mc\u0131 olmu\u015ftur. Her zaman merak etti\u011finiz konular hakk\u0131nda daha fazla bilgi edinmek i\u00e7in sormaktan \u00e7ekinmeyin.<\/p>\n<p><\/body><\/html><\/p>\n","protected":false},"excerpt":{"rendered":"<p>G\u00fcne\u015f Zaman\u0131 ile Y\u0131ld\u0131z Zaman\u0131 Aras\u0131ndaki Ayr\u0131m Merhaba! Bu makalede, G\u00fcne\u015f Zaman\u0131 ile Y\u0131ld\u0131z Zaman\u0131 Aras\u0131ndaki Ayr\u0131m konusunu ele alaca\u011f\u0131z.<\/p>\n","protected":false},"author":1,"featured_media":1690,"comment_status":"open","ping_status":"open","sticky":false,"template":"","format":"standard","meta":{"colormag_page_container_layout":"default_layout","colormag_page_sidebar_layout":"default_layout","footnotes":""},"categories":[7],"tags":[],"class_list":["post-1743","post","type-post","status-publish","format-standard","has-post-thumbnail","hentry","category-fen-bilimleri"],"_links":{"self":[{"href":"https:\/\/www.sorumatix.com\/blog\/wp-json\/wp\/v2\/posts\/1743","targetHints":{"allow":["GET"]}}],"collection":[{"href":"https:\/\/www.sorumatix.com\/blog\/wp-json\/wp\/v2\/posts"}],"about":[{"href":"https:\/\/www.sorumatix.com\/blog\/wp-json\/wp\/v2\/types\/post"}],"author":[{"embeddable":true,"href":"https:\/\/www.sorumatix.com\/blog\/wp-json\/wp\/v2\/users\/1"}],"replies":[{"embeddable":true,"href":"https:\/\/www.sorumatix.com\/blog\/wp-json\/wp\/v2\/comments?post=1743"}],"version-history":[{"count":0,"href":"https:\/\/www.sorumatix.com\/blog\/wp-json\/wp\/v2\/posts\/1743\/revisions"}],"wp:featuredmedia":[{"embeddable":true,"href":"https:\/\/www.sorumatix.com\/blog\/wp-json\/wp\/v2\/media\/1690"}],"wp:attachment":[{"href":"https:\/\/www.sorumatix.com\/blog\/wp-json\/wp\/v2\/media?parent=1743"}],"wp:term":[{"taxonomy":"category","embeddable":true,"href":"https:\/\/www.sorumatix.com\/blog\/wp-json\/wp\/v2\/categories?post=1743"},{"taxonomy":"post_tag","embeddable":true,"href":"https:\/\/www.sorumatix.com\/blog\/wp-json\/wp\/v2\/tags?post=1743"}],"curies":[{"name":"wp","href":"https:\/\/api.w.org\/{rel}","templated":true}]}}