{"id":1754,"date":"2023-09-29T04:30:04","date_gmt":"2023-09-29T04:30:04","guid":{"rendered":"https:\/\/www.sorumatix.com\/blog\/?p=1754"},"modified":"2023-09-29T04:30:04","modified_gmt":"2023-09-29T04:30:04","slug":"isima-ile-gorunur-isik-siddeti-arasindaki-fark","status":"publish","type":"post","link":"https:\/\/www.sorumatix.com\/blog\/isima-ile-gorunur-isik-siddeti-arasindaki-fark.html","title":{"rendered":"I\u015f\u0131ma ile g\u00f6r\u00fcn\u00fcr \u0131\u015f\u0131k \u015fiddeti aras\u0131ndaki fark"},"content":{"rendered":"<p><center><iframe loading=\"lazy\" width=\"560\" height=\"315\" src=\"https:\/\/www.youtube.com\/embed\/esGJbPCrWEw\" title=\"YouTube video player\" frameborder=\"0\" allow=\"accelerometer; autoplay; clipboard-write; encrypted-media; gyroscope; picture-in-picture; web-share\" allowfullscreen><\/iframe><\/center><html><head><\/head><body><\/p>\n<p>I\u015f\u0131ma ile G\u00f6r\u00fcn\u00fcr I\u015f\u0131k \u015eiddeti Aras\u0131ndaki Fark<\/p>\n<p>Merhaba!<\/p>\n<p>Bug\u00fcn sizlere \u0131\u015f\u0131kla ilgili \u00e7ok \u00f6nemli bir konudan bahsedece\u011fim: I\u015f\u0131ma ile g\u00f6r\u00fcn\u00fcr \u0131\u015f\u0131k \u015fiddeti aras\u0131ndaki fark. \u0130lk ba\u015fta bu terimler size karma\u015f\u0131k gelebilir, ancak endi\u015felenmeyin! Ben size bu konuyu samimi ve basit bir \u015fekilde anlataca\u011f\u0131m.<\/p>\n<p>1. I\u015f\u0131ma Nedir?<\/p>\n<p>I\u015f\u0131ma, bir cismin yayd\u0131\u011f\u0131 enerjinin uzaya veya \u00e7evresine yay\u0131lmas\u0131d\u0131r. Yani, \u0131\u015f\u0131\u011f\u0131n bir kaynaktan \u00e7\u0131k\u0131p etrafa yay\u0131lmas\u0131, bunun bir \u00f6rne\u011fidir. Bir ampul\u00fcn yanmas\u0131yla etraf\u0131 ayd\u0131nlatmas\u0131 da \u0131\u015f\u0131mad\u0131r. G\u00fcne\u015fin \u0131s\u0131s\u0131 hissedildi\u011fi zaman da \u0131\u015f\u0131ma ger\u00e7ekle\u015fmektedir.<\/p>\n<p><center><img decoding=\"async\" src=\"https:\/\/www.sorumatix.com\/blog\/wp-content\/uploads\/2023\/09\/uploaded-image-isima-ile-gorunur-isik-siddeti-arasindaki-fark-1693813370111.jpg\" title=\"I\u015f\u0131ma ile g\u00f6r\u00fcn\u00fcr \u0131\u015f\u0131k \u015fiddeti aras\u0131ndaki fark \" alt=\"I\u015f\u0131ma ile g\u00f6r\u00fcn\u00fcr \u0131\u015f\u0131k \u015fiddeti aras\u0131ndaki fark \"><\/center><\/p>\n<p>2. G\u00f6r\u00fcn\u00fcr I\u015f\u0131k Nedir?<\/p>\n<p>G\u00f6r\u00fcn\u00fcr \u0131\u015f\u0131k, insan g\u00f6z\u00fcn\u00fcn alg\u0131layabildi\u011fi elektromanyetik spektrumun bir b\u00f6l\u00fcm\u00fcd\u00fcr. Yani, g\u00f6z\u00fcm\u00fczle g\u00f6rebildi\u011fimiz renklerdir. G\u00f6ky\u00fcz\u00fcndeki mavi renk, trafik lambalar\u0131n\u0131n k\u0131rm\u0131z\u0131, sar\u0131 ve ye\u015fil renkleri gibi \u00f6rnekler g\u00f6r\u00fcn\u00fcr \u0131\u015f\u0131\u011fa \u00f6rnek olarak verilebilir.<\/p>\n<p>3. \u0130ki Farkl\u0131 Kavram<\/p>\n<p>I\u015f\u0131ma ile g\u00f6r\u00fcn\u00fcr \u0131\u015f\u0131k, asl\u0131nda birbirinden farkl\u0131 kavramlard\u0131r. I\u015f\u0131ma, enerjinin yay\u0131lmas\u0131d\u0131r ve g\u00f6r\u00fcn\u00fcr \u0131\u015f\u0131k da bu enerjinin sadece insan g\u00f6z\u00fc taraf\u0131ndan alg\u0131lanabilen k\u0131sm\u0131d\u0131r. Yani, \u0131\u015f\u0131ma her t\u00fcrl\u00fc enerji yay\u0131l\u0131m\u0131n\u0131 ifade ederken, g\u00f6r\u00fcn\u00fcr \u0131\u015f\u0131k sadece bizim g\u00f6rebildi\u011fimiz renkleri i\u00e7erir.<\/p>\n<p><center><img decoding=\"async\" src=\"https:\/\/www.sorumatix.com\/blog\/wp-content\/uploads\/2023\/09\/uploaded-image-isima-ile-gorunur-isik-siddeti-arasindaki-fark-1693813373018.jpg\" title=\"I\u015f\u0131ma ile g\u00f6r\u00fcn\u00fcr \u0131\u015f\u0131k \u015fiddeti aras\u0131ndaki fark \" alt=\"I\u015f\u0131ma ile g\u00f6r\u00fcn\u00fcr \u0131\u015f\u0131k \u015fiddeti aras\u0131ndaki fark \"><\/center><\/p>\n<p>4. \u00d6rneklerle Anlamak<\/p>\n<p>Bu konuyu daha iyi anlamak i\u00e7in baz\u0131 \u00f6rnekler vermek faydal\u0131 olabilir:<\/p>\n<p>&#8211; Bir kamp ate\u015fi d\u00fc\u015f\u00fcnelim. Ate\u015f, \u0131s\u0131 ve \u0131\u015f\u0131k yayd\u0131\u011f\u0131 i\u00e7in hem \u0131\u015f\u0131ma hem de g\u00f6r\u00fcn\u00fcr \u0131\u015f\u0131k \u00f6rne\u011fidir. Biz ate\u015fin s\u0131cakl\u0131\u011f\u0131n\u0131 hissedebiliriz, ancak ate\u015fin yayd\u0131\u011f\u0131 t\u00fcm enerjiyi g\u00f6remeyiz. Sadece alevlerin yaratt\u0131\u011f\u0131 \u0131\u015f\u0131\u011f\u0131 g\u00f6rebiliriz.<\/p>\n<p>&#8211; G\u00fcne\u015f, bir \u0131\u015f\u0131k ve enerji kayna\u011f\u0131d\u0131r. G\u00fcne\u015ften gelen \u0131\u015f\u0131k, atmosferde da\u011f\u0131l\u0131r ve g\u00f6ky\u00fcz\u00fcn\u00fc ayd\u0131nlat\u0131r. Bu durumda g\u00fcne\u015fin \u0131s\u0131 ve \u0131\u015f\u0131k enerjisi yaymas\u0131 \u0131\u015f\u0131ma \u00f6rne\u011fi olurken, g\u00f6ky\u00fcz\u00fcndeki mavi renk ise g\u00f6r\u00fcn\u00fcr \u0131\u015f\u0131\u011fa \u00f6rnektir.<\/p>\n<p>Sonu\u00e7 olarak, \u0131\u015f\u0131ma ile g\u00f6r\u00fcn\u00fcr \u0131\u015f\u0131k aras\u0131nda \u00f6nemli bir fark vard\u0131r. I\u015f\u0131ma, enerjinin yay\u0131lmas\u0131 anlam\u0131na gelirken, g\u00f6r\u00fcn\u00fcr \u0131\u015f\u0131k sadece insan g\u00f6z\u00fc taraf\u0131ndan alg\u0131lanabilen renkleri ifade eder. Bu konunun anla\u015f\u0131lmas\u0131, enerji ve \u0131\u015f\u0131k ile ilgili bir\u00e7ok olay\u0131n daha kolay kavranmas\u0131n\u0131 sa\u011flar.<\/p>\n<p>Umar\u0131m bu makale, \u0131\u015f\u0131ma ile g\u00f6r\u00fcn\u00fcr \u0131\u015f\u0131k \u015fiddeti aras\u0131ndaki fark\u0131 anlaman\u0131za yard\u0131mc\u0131 olmu\u015ftur. E\u011fer ba\u015fka sorular\u0131n\u0131z varsa, sormaktan \u00e7ekinmeyin!<\/p>\n<p><\/body><\/html><\/p>\n","protected":false},"excerpt":{"rendered":"<p>I\u015f\u0131ma ile G\u00f6r\u00fcn\u00fcr I\u015f\u0131k \u015eiddeti Aras\u0131ndaki Fark Merhaba! Bug\u00fcn sizlere \u0131\u015f\u0131kla ilgili \u00e7ok \u00f6nemli bir konudan bahsedece\u011fim: I\u015f\u0131ma ile g\u00f6r\u00fcn\u00fcr<\/p>\n","protected":false},"author":1,"featured_media":1699,"comment_status":"open","ping_status":"open","sticky":false,"template":"","format":"standard","meta":{"colormag_page_container_layout":"default_layout","colormag_page_sidebar_layout":"default_layout","footnotes":""},"categories":[7],"tags":[],"class_list":["post-1754","post","type-post","status-publish","format-standard","has-post-thumbnail","hentry","category-fen-bilimleri"],"_links":{"self":[{"href":"https:\/\/www.sorumatix.com\/blog\/wp-json\/wp\/v2\/posts\/1754","targetHints":{"allow":["GET"]}}],"collection":[{"href":"https:\/\/www.sorumatix.com\/blog\/wp-json\/wp\/v2\/posts"}],"about":[{"href":"https:\/\/www.sorumatix.com\/blog\/wp-json\/wp\/v2\/types\/post"}],"author":[{"embeddable":true,"href":"https:\/\/www.sorumatix.com\/blog\/wp-json\/wp\/v2\/users\/1"}],"replies":[{"embeddable":true,"href":"https:\/\/www.sorumatix.com\/blog\/wp-json\/wp\/v2\/comments?post=1754"}],"version-history":[{"count":0,"href":"https:\/\/www.sorumatix.com\/blog\/wp-json\/wp\/v2\/posts\/1754\/revisions"}],"wp:featuredmedia":[{"embeddable":true,"href":"https:\/\/www.sorumatix.com\/blog\/wp-json\/wp\/v2\/media\/1699"}],"wp:attachment":[{"href":"https:\/\/www.sorumatix.com\/blog\/wp-json\/wp\/v2\/media?parent=1754"}],"wp:term":[{"taxonomy":"category","embeddable":true,"href":"https:\/\/www.sorumatix.com\/blog\/wp-json\/wp\/v2\/categories?post=1754"},{"taxonomy":"post_tag","embeddable":true,"href":"https:\/\/www.sorumatix.com\/blog\/wp-json\/wp\/v2\/tags?post=1754"}],"curies":[{"name":"wp","href":"https:\/\/api.w.org\/{rel}","templated":true}]}}