{"id":1947,"date":"2023-10-02T21:37:19","date_gmt":"2023-10-02T21:37:19","guid":{"rendered":"https:\/\/www.sorumatix.com\/blog\/?p=1947"},"modified":"2023-10-02T21:37:19","modified_gmt":"2023-10-02T21:37:19","slug":"guncel-cevre-sorunlarinin-sebeplerini-ve-olasi-sonuclari","status":"publish","type":"post","link":"https:\/\/www.sorumatix.com\/blog\/guncel-cevre-sorunlarinin-sebeplerini-ve-olasi-sonuclari.html","title":{"rendered":"G\u00fcncel \u00e7evre sorunlar\u0131n\u0131n sebeplerini ve olas\u0131 sonu\u00e7lar\u0131"},"content":{"rendered":"<p><center><iframe loading=\"lazy\" width=\"560\" height=\"315\" src=\"https:\/\/www.youtube.com\/embed\/ig30199iTUw\" title=\"YouTube video player\" frameborder=\"0\" allow=\"accelerometer; autoplay; clipboard-write; encrypted-media; gyroscope; picture-in-picture; web-share\" allowfullscreen><\/iframe><\/center><html><head><\/head><body><\/p>\n<p>\u00c7evremizde ya\u015fanan sorunlar g\u00fcn ge\u00e7tik\u00e7e art\u0131yor ve bu durum gelece\u011fimizi tehdit ediyor. G\u00fcncel \u00e7evre sorunlar\u0131n\u0131n sebeplerini ve olas\u0131 sonu\u00e7lar\u0131n\u0131 anlamak, sorunlar\u0131n \u00f6nlenmesi veya azalt\u0131lmas\u0131 i\u00e7in \u00f6nemlidir. \u0130\u015fte bu makalede, \u00e7ocuklar\u0131n anlayabilece\u011fi bir dille g\u00fcncel \u00e7evre sorunlar\u0131n\u0131 ele alaca\u011f\u0131z.<\/p>\n<p><center><img decoding=\"async\" src=\"https:\/\/www.sorumatix.com\/blog\/wp-content\/uploads\/2023\/09\/uploaded-image-guncel-cevre-sorunlarinin-sebeplerini-ve-olasi-sonuclari-1693818489596.jpg\" title=\"G\u00fcncel \u00e7evre sorunlar\u0131n\u0131n sebeplerini ve olas\u0131 sonu\u00e7lar\u0131 \" alt=\"G\u00fcncel \u00e7evre sorunlar\u0131n\u0131n sebeplerini ve olas\u0131 sonu\u00e7lar\u0131 \"><\/center><\/p>\n<p>D\u00fcnyam\u0131z\u0131 etkileyen \u00e7evre sorunlar\u0131 bir\u00e7ok nedenden kaynaklanmaktad\u0131r. Bunlardan ilki, h\u0131zla artan n\u00fcfus ve buna ba\u011fl\u0131 olarak artan kaynak t\u00fcketimidir. \u0130nsanlar\u0131n ihtiya\u00e7lar\u0131n\u0131 kar\u015f\u0131lamak i\u00e7in do\u011fal kaynaklara olan talep her ge\u00e7en g\u00fcn art\u0131yor. Bu durum ise ormanlar\u0131n tahrip edilmesi, su kaynaklar\u0131n\u0131n t\u00fckenmesi ve biyo\u00e7e\u015fitlilik kayb\u0131 gibi sorunlara yol a\u00e7\u0131yor.<\/p>\n<p><center><img decoding=\"async\" src=\"https:\/\/www.sorumatix.com\/blog\/wp-content\/uploads\/2023\/09\/uploaded-image-guncel-cevre-sorunlarinin-sebeplerini-ve-olasi-sonuclari-1693818491919.jpg\" title=\"G\u00fcncel \u00e7evre sorunlar\u0131n\u0131n sebeplerini ve olas\u0131 sonu\u00e7lar\u0131 \" alt=\"G\u00fcncel \u00e7evre sorunlar\u0131n\u0131n sebeplerini ve olas\u0131 sonu\u00e7lar\u0131 \"><\/center><\/p>\n<p>\u0130kinci bir sebep ise end\u00fcstrile\u015fme ve teknolojik geli\u015fmelerdir. Sanayile\u015fme s\u00fcreciyle birlikte fabrikalar\u0131n yayd\u0131\u011f\u0131 zehirli gazlar, at\u0131k sular ve kimyasal maddeler do\u011faya zarar veriyor. \u00d6zellikle hava kirlili\u011fi, sera etkisi yarat\u0131p iklim de\u011fi\u015fikli\u011fine neden oluyor. Bunun sonucunda da kurakl\u0131k, seller, kas\u0131rgalar gibi do\u011fal afetlerin s\u0131kl\u0131\u011f\u0131 ve \u015fiddeti art\u0131yor.<\/p>\n<p>\u00dc\u00e7\u00fcnc\u00fc bir sebep ise tar\u0131m\u0131n yanl\u0131\u015f uygulanmas\u0131d\u0131r. Kimyasal g\u00fcbreler, tar\u0131m ila\u00e7lar\u0131 ve a\u015f\u0131r\u0131 sulama do\u011fal ekosistemi bozuyor. Topraklarda verimlilik azal\u0131yor, su kaynaklar\u0131 kirleniyor ve tar\u0131m alanlar\u0131n\u0131n yok olmas\u0131yla g\u0131da g\u00fcvenli\u011fi sorunu ortaya \u00e7\u0131k\u0131yor.<\/p>\n<p>G\u00fcncel \u00e7evre sorunlar\u0131n\u0131n olas\u0131 sonu\u00e7lar\u0131 da olduk\u00e7a ciddi boyutlardad\u0131r. \u0130lk olarak, iklim de\u011fi\u015fikli\u011fi nedeniyle buzullar erimekte, deniz seviyeleri y\u00fckselmekte ve ya\u015fam alanlar\u0131 tahrip olmaktad\u0131r. Bu durum, baz\u0131 canl\u0131 t\u00fcrlerinin yok olmas\u0131na ve ekosistem dengesinin bozulmas\u0131na yol a\u00e7maktad\u0131r.<\/p>\n<p>\u0130kinci bir sonu\u00e7, su kaynaklar\u0131n\u0131n azalmas\u0131d\u0131r. Kurakl\u0131k ve susuzlukla m\u00fccadele etmek zorunda kalaca\u011f\u0131m\u0131z bir gelecek bizi bekliyor. Tar\u0131m, end\u00fcstri ve insan sa\u011fl\u0131\u011f\u0131 i\u00e7in temiz su kaynaklar\u0131n\u0131n \u00f6nemi b\u00fcy\u00fckt\u00fcr. Ancak su kaynaklar\u0131ndaki kirlilik ve a\u015f\u0131r\u0131 kullan\u0131m bu kaynaklar\u0131n azalmas\u0131na neden oluyor.<\/p>\n<p>Ayr\u0131ca, biyo\u00e7e\u015fitlilik kayb\u0131 da \u00e7evre sorunlar\u0131n\u0131n bir sonucudur. Ormanlar\u0131n tahrip edilmesi, habitatlar\u0131n yok olmas\u0131 ve t\u00fcrlerin yok olmas\u0131yla ekosistemler dengesiz hale geliyor. Bu durum, besin zincirinin bozulmas\u0131na, tar\u0131m \u00fcretiminde azalmaya ve do\u011fal ya\u015fam\u0131n \u00e7e\u015fitlili\u011finin azalmas\u0131na yol a\u00e7\u0131yor.<\/p>\n<p>G\u00fcncel \u00e7evre sorunlar\u0131n\u0131n sebepleri ve sonu\u00e7lar\u0131 g\u00f6z \u00f6n\u00fcne al\u0131nd\u0131\u011f\u0131nda, bu sorunlar\u0131n \u00e7\u00f6z\u00fcm\u00fc i\u00e7in herkesin \u00fczerine d\u00fc\u015fen sorumluluklar\u0131 oldu\u011funu unutmamal\u0131y\u0131z. Do\u011fal kaynaklar\u0131 koruyarak s\u00fcrd\u00fcr\u00fclebilir bir ya\u015fam tarz\u0131 benimsemeli, enerji tasarrufuna y\u00f6nelmeli ve geri d\u00f6n\u00fc\u015f\u00fcm\u00fc te\u015fvik etmeliyiz. Ayr\u0131ca, \u00e7evre bilincini yaymak ve \u00e7ocuklara do\u011fay\u0131 sevdirmek \u00f6nemlidir. Onlara \u00e7evre sorunlar\u0131n\u0131n ciddiyetini anlat<\/p>\n<p><\/body><\/html><\/p>\n","protected":false},"excerpt":{"rendered":"<p>\u00c7evremizde ya\u015fanan sorunlar g\u00fcn ge\u00e7tik\u00e7e art\u0131yor ve bu durum gelece\u011fimizi tehdit ediyor. G\u00fcncel \u00e7evre sorunlar\u0131n\u0131n sebeplerini ve olas\u0131 sonu\u00e7lar\u0131n\u0131 anlamak,<\/p>\n","protected":false},"author":1,"featured_media":1889,"comment_status":"open","ping_status":"open","sticky":false,"template":"","format":"standard","meta":{"colormag_page_container_layout":"default_layout","colormag_page_sidebar_layout":"default_layout","footnotes":""},"categories":[14,7],"tags":[],"class_list":["post-1947","post","type-post","status-publish","format-standard","has-post-thumbnail","hentry","category-bilgisayar-bilimleri-dersleri","category-fen-bilimleri"],"_links":{"self":[{"href":"https:\/\/www.sorumatix.com\/blog\/wp-json\/wp\/v2\/posts\/1947","targetHints":{"allow":["GET"]}}],"collection":[{"href":"https:\/\/www.sorumatix.com\/blog\/wp-json\/wp\/v2\/posts"}],"about":[{"href":"https:\/\/www.sorumatix.com\/blog\/wp-json\/wp\/v2\/types\/post"}],"author":[{"embeddable":true,"href":"https:\/\/www.sorumatix.com\/blog\/wp-json\/wp\/v2\/users\/1"}],"replies":[{"embeddable":true,"href":"https:\/\/www.sorumatix.com\/blog\/wp-json\/wp\/v2\/comments?post=1947"}],"version-history":[{"count":0,"href":"https:\/\/www.sorumatix.com\/blog\/wp-json\/wp\/v2\/posts\/1947\/revisions"}],"wp:featuredmedia":[{"embeddable":true,"href":"https:\/\/www.sorumatix.com\/blog\/wp-json\/wp\/v2\/media\/1889"}],"wp:attachment":[{"href":"https:\/\/www.sorumatix.com\/blog\/wp-json\/wp\/v2\/media?parent=1947"}],"wp:term":[{"taxonomy":"category","embeddable":true,"href":"https:\/\/www.sorumatix.com\/blog\/wp-json\/wp\/v2\/categories?post=1947"},{"taxonomy":"post_tag","embeddable":true,"href":"https:\/\/www.sorumatix.com\/blog\/wp-json\/wp\/v2\/tags?post=1947"}],"curies":[{"name":"wp","href":"https:\/\/api.w.org\/{rel}","templated":true}]}}