{"id":1957,"date":"2023-10-17T19:07:19","date_gmt":"2023-10-17T19:07:19","guid":{"rendered":"https:\/\/www.sorumatix.com\/blog\/?p=1957"},"modified":"2023-10-17T19:07:19","modified_gmt":"2023-10-17T19:07:19","slug":"duyu-organlarinin-yapisini-ve-isleyisi","status":"publish","type":"post","link":"https:\/\/www.sorumatix.com\/blog\/duyu-organlarinin-yapisini-ve-isleyisi.html","title":{"rendered":"Duyu organlar\u0131n\u0131n yap\u0131s\u0131n\u0131 ve i\u015fleyi\u015fi"},"content":{"rendered":"<p><html><head><\/head><body><\/p>\n<p>Duyu Organlar\u0131n\u0131n Yap\u0131s\u0131 ve \u0130\u015fleyi\u015fi<\/p>\n<p>Merhaba! Bug\u00fcn size duyu organlar\u0131n\u0131n yap\u0131s\u0131n\u0131 ve i\u015fleyi\u015fini anlataca\u011f\u0131m. Duyu organlar\u0131, \u00e7evremizdeki d\u00fcnyay\u0131 alg\u0131lamam\u0131z\u0131 sa\u011flayan \u00f6nemli ara\u00e7lard\u0131r. G\u00f6zlerimizle g\u00f6rd\u00fc\u011f\u00fcm\u00fcz, kulaklar\u0131m\u0131zla duydu\u011fumuz, burunlar\u0131m\u0131zla koku ald\u0131\u011f\u0131m\u0131z, dilimizle tat tatt\u0131\u011f\u0131m\u0131z ve derimiz arac\u0131l\u0131\u011f\u0131yla dokundu\u011fumuz her \u015fey, duyu organlar\u0131m\u0131z\u0131n sayesinde m\u00fcmk\u00fcn olur.<\/p>\n<p>1. G\u00f6zlerimizin Harikas\u0131:<\/p>\n<p>G\u00f6zlerimiz, g\u00f6rme duyumuzu sa\u011flayan en \u00f6nemli duyu organlar\u0131m\u0131zd\u0131r. G\u00f6zlerdeki temel yap\u0131lar \u015funlard\u0131r:<\/p>\n<p>&#8211; Kornea: G\u00f6z\u00fcn d\u0131\u015f y\u00fczeyini kaplayan saydam tabakad\u0131r.<\/p>\n<p>&#8211; Pupilla: G\u00f6z bebe\u011fi olarak da bilinen bu siyah nokta, \u0131\u015f\u0131\u011f\u0131n g\u00f6ze girmesine yard\u0131mc\u0131 olan a\u00e7\u0131kl\u0131kt\u0131r.<\/p>\n<p>&#8211; Retina: G\u00f6z\u00fcn arka k\u0131sm\u0131nda bulunan bu hassas tabaka, \u0131\u015f\u0131\u011f\u0131 alg\u0131layarak sinir sinyallerine d\u00f6n\u00fc\u015ft\u00fcr\u00fcr.<\/p>\n<p>&#8211; Sinir H\u00fccreleri: Retinada bulunan sinir h\u00fccreleri, \u0131\u015f\u0131k sinyallerini optik sinire ileterek beyne g\u00f6nderir.<\/p>\n<p>2. Kulaklar\u0131m\u0131z\u0131 Dinleyelim:<\/p>\n<p>Kulaklar\u0131m\u0131z, i\u015fitme duyumuzun merkezidir. \u0130\u015fitme i\u00e7in temel yap\u0131lar \u015funlard\u0131r:<\/p>\n<p>&#8211; D\u0131\u015f Kulak: Ses dalgalar\u0131n\u0131 toplayan ve orta kula\u011fa ileten kulak kep\u00e7esi ve kulak kanal\u0131ndan olu\u015fur.<\/p>\n<p>&#8211; Orta Kulak: T\u0131ka\u00e7lar\u0131n titre\u015fimlerini alarak i\u00e7 kula\u011fa ta\u015f\u0131yan \u00fc\u00e7 kemik olan \u00e7eki\u00e7, \u00f6rs ve \u00fczengi taraf\u0131ndan olu\u015fturulur.<\/p>\n<p>&#8211; \u0130\u00e7 Kulak: Ses dalgalar\u0131n\u0131 sinir sinyallerine d\u00f6n\u00fc\u015ft\u00fcren koklea ve dengeyi kontrol eden yar\u0131m daire kanallar\u0131n\u0131 i\u00e7erir.<\/p>\n<p>3. Burnumuzla Koklayal\u0131m:<\/p>\n<p><center><img decoding=\"async\" src=\"https:\/\/www.sorumatix.com\/blog\/wp-content\/uploads\/2023\/09\/uploaded-image-duyu-organlarinin-yapisini-ve-isleyisi-1693818490167.jpg\" title=\"Duyu organlar\u0131n\u0131n yap\u0131s\u0131n\u0131 ve i\u015fleyi\u015fi \" alt=\"Duyu organlar\u0131n\u0131n yap\u0131s\u0131n\u0131 ve i\u015fleyi\u015fi \"><\/center><\/p>\n<p>Burun, koku alma duyusundan sorumludur. Burun i\u00e7indeki temel yap\u0131lar \u015funlard\u0131r:<\/p>\n<p>&#8211; Burun Delikleri: Hava giri\u015fini sa\u011flayan a\u00e7\u0131kl\u0131klard\u0131r.<\/p>\n<p>&#8211; Koku Receptorleri: Burun bo\u015flu\u011fundaki \u00f6zel h\u00fccreler, kokular\u0131 alg\u0131lar ve beyne koku sinyallerini ileterek tan\u0131mam\u0131z\u0131 sa\u011flar.<\/p>\n<p>4. Dilimizle Lezzetleri Tatland\u0131ral\u0131m:<\/p>\n<p>Dil, tat alma duyumuzu kontrol eder. Dilin \u00fczerindeki tat tomurcuklar\u0131, farkl\u0131 tatlar\u0131 alg\u0131lamam\u0131z\u0131 sa\u011flar. Temel tatlar\u0131 tat alanlar\u0131na ay\u0131ran be\u015f temel tat tomurcu\u011fu vard\u0131r: tatl\u0131, tuzlu, ek\u015fi, ac\u0131 ve umami.<\/p>\n<p>5. Derimizle Dokunal\u0131m:<\/p>\n<p>Deri, en b\u00fcy\u00fck duyu organ\u0131m\u0131zd\u0131r ve dokunma duyumuzun merkezidir. Derinin temel yap\u0131lar\u0131 \u015funlard\u0131r:<\/p>\n<p>&#8211; Epidermis: Derinin \u00fcst tabakas\u0131d\u0131r ve d\u0131\u015f etkilere kar\u015f\u0131 koruma sa\u011flar.<\/p>\n<p>&#8211; Dermis: Derinin orta tabakas\u0131d\u0131r ve sinir u\u00e7lar\u0131, kan damarlar\u0131 ve ter bezlerini i\u00e7erir.<\/p>\n<p><center><img decoding=\"async\" src=\"https:\/\/www.sorumatix.com\/blog\/wp-content\/uploads\/2023\/09\/uploaded-image-duyu-organlarinin-yapisini-ve-isleyisi-1693818493068.jpg\" title=\"Duyu organlar\u0131n\u0131n yap\u0131s\u0131n\u0131 ve i\u015fleyi\u015fi \" alt=\"Duyu organlar\u0131n\u0131n yap\u0131s\u0131n\u0131 ve i\u015fleyi\u015fi \"><\/center><\/p>\n<p>&#8211; Hipodermis: Derinin alt tabakas\u0131d\u0131r ve ya\u011f h\u00fccrelerini bar\u0131nd\u0131r\u0131r.<\/p>\n<p>Duyu organlar\u0131n\u0131n yap\u0131s\u0131 ve i\u015fleyi\u015fi, insanlar\u0131n \u00e7evreleriyle etkile\u015fim kurmas\u0131n\u0131 sa\u011flar. G\u00f6zlerimizle g\u00f6rmek, kulaklar\u0131m\u0131zla duymak, burunlar\u0131m\u0131zla koklamak, dilimizle tatmak ve derimizle dokunmak sayesinde d\u00fcnyay\u0131 ke\u015ffedebiliyoruz. Unutmay\u0131n, duyu organlar\u0131m\u0131z bizim en \u00f6nemli ara\u00e7lar\u0131m\u0131z<\/p>\n<p><\/body><\/html><\/p>\n","protected":false},"excerpt":{"rendered":"<p>Duyu Organlar\u0131n\u0131n Yap\u0131s\u0131 ve \u0130\u015fleyi\u015fi Merhaba! Bug\u00fcn size duyu organlar\u0131n\u0131n yap\u0131s\u0131n\u0131 ve i\u015fleyi\u015fini anlataca\u011f\u0131m. Duyu organlar\u0131, \u00e7evremizdeki d\u00fcnyay\u0131 alg\u0131lamam\u0131z\u0131 sa\u011flayan<\/p>\n","protected":false},"author":1,"featured_media":1897,"comment_status":"open","ping_status":"open","sticky":false,"template":"","format":"standard","meta":{"colormag_page_container_layout":"default_layout","colormag_page_sidebar_layout":"default_layout","footnotes":""},"categories":[14,7],"tags":[],"class_list":["post-1957","post","type-post","status-publish","format-standard","has-post-thumbnail","hentry","category-bilgisayar-bilimleri-dersleri","category-fen-bilimleri"],"_links":{"self":[{"href":"https:\/\/www.sorumatix.com\/blog\/wp-json\/wp\/v2\/posts\/1957","targetHints":{"allow":["GET"]}}],"collection":[{"href":"https:\/\/www.sorumatix.com\/blog\/wp-json\/wp\/v2\/posts"}],"about":[{"href":"https:\/\/www.sorumatix.com\/blog\/wp-json\/wp\/v2\/types\/post"}],"author":[{"embeddable":true,"href":"https:\/\/www.sorumatix.com\/blog\/wp-json\/wp\/v2\/users\/1"}],"replies":[{"embeddable":true,"href":"https:\/\/www.sorumatix.com\/blog\/wp-json\/wp\/v2\/comments?post=1957"}],"version-history":[{"count":0,"href":"https:\/\/www.sorumatix.com\/blog\/wp-json\/wp\/v2\/posts\/1957\/revisions"}],"wp:featuredmedia":[{"embeddable":true,"href":"https:\/\/www.sorumatix.com\/blog\/wp-json\/wp\/v2\/media\/1897"}],"wp:attachment":[{"href":"https:\/\/www.sorumatix.com\/blog\/wp-json\/wp\/v2\/media?parent=1957"}],"wp:term":[{"taxonomy":"category","embeddable":true,"href":"https:\/\/www.sorumatix.com\/blog\/wp-json\/wp\/v2\/categories?post=1957"},{"taxonomy":"post_tag","embeddable":true,"href":"https:\/\/www.sorumatix.com\/blog\/wp-json\/wp\/v2\/tags?post=1957"}],"curies":[{"name":"wp","href":"https:\/\/api.w.org\/{rel}","templated":true}]}}