{"id":1982,"date":"2023-10-05T14:37:19","date_gmt":"2023-10-05T14:37:19","guid":{"rendered":"https:\/\/www.sorumatix.com\/blog\/?p=1982"},"modified":"2023-10-05T14:37:19","modified_gmt":"2023-10-05T14:37:19","slug":"ekolojik-ayak-izi-su-ayak-izi-ve-karbon-ayak-izi-ile-ilgili-uygulamalar","status":"publish","type":"post","link":"https:\/\/www.sorumatix.com\/blog\/ekolojik-ayak-izi-su-ayak-izi-ve-karbon-ayak-izi-ile-ilgili-uygulamalar.html","title":{"rendered":"Ekolojik ayak izi, su ayak izi ve karbon ayak izi ile ilgili uygulamalar"},"content":{"rendered":"<p><center><iframe loading=\"lazy\" width=\"560\" height=\"315\" src=\"https:\/\/www.youtube.com\/embed\/44swl9AVCrs\" title=\"YouTube video player\" frameborder=\"0\" allow=\"accelerometer; autoplay; clipboard-write; encrypted-media; gyroscope; picture-in-picture; web-share\" allowfullscreen><\/iframe><\/center><html><head><\/head><body><\/p>\n<p>Ekolojik Ayak \u0130zi, Su Ayak \u0130zi ve Karbon Ayak \u0130zi \u0130le \u0130lgili Uygulamalar<\/p>\n<p>Merhaba! Bug\u00fcn \u00e7evre konusunda \u00e7ok \u00f6nemli bir konuya odaklanaca\u011f\u0131z: Ekolojik ayak izi, su ayak izi ve karbon ayak izi. Bu kavramlar, \u00e7evreye olan etkimizi \u00f6l\u00e7memize yard\u0131mc\u0131 olur ve do\u011fay\u0131 koruma bilincimizi art\u0131r\u0131r. Haydi gel, bu konuyu birlikte ke\u015ffedelim!<\/p>\n<p><center><img decoding=\"async\" src=\"https:\/\/www.sorumatix.com\/blog\/wp-content\/uploads\/2023\/09\/uploaded-image-ekolojik-ayak-izi-su-ayak-izi-ve-karbon-ayak-izi-ile-ilgili-uygulamalar-1693818490968.jpg\" title=\"Ekolojik ayak izi, su ayak izi ve karbon ayak izi ile ilgili uygulamalar \" alt=\"Ekolojik ayak izi, su ayak izi ve karbon ayak izi ile ilgili uygulamalar \"><\/center><\/p>\n<p>**1. Ekolojik Ayak \u0130zi**<\/p>\n<p>Ekolojik ayak izi, t\u00fcketim al\u0131\u015fkanl\u0131klar\u0131m\u0131z\u0131n do\u011fal kaynaklar \u00fczerindeki etkisini \u00f6l\u00e7en bir kavramd\u0131r. Ekolojik ayak izimiz, ya\u015fam \u015feklimize, enerji kullan\u0131m\u0131m\u0131za, yiyecek t\u00fcketimimize ve at\u0131k \u00fcretimimize ba\u011fl\u0131 olarak de\u011fi\u015fir. Daha s\u00fcrd\u00fcr\u00fclebilir bir ya\u015fam i\u00e7in ekolojik ayak izimizi azaltmak \u00f6nemlidir.<\/p>\n<p>**2. Su Ayak \u0130zi**<\/p>\n<p>Su ayak izi, suyun kullan\u0131m\u0131n\u0131 ve kullan\u0131lan suyun kaynaklar\u0131n\u0131 de\u011ferlendiren bir kavramd\u0131r. G\u00fcnl\u00fck aktivitelerimizden, g\u0131da \u00fcretimine kadar her \u015fey su t\u00fcketimiyle ilgilidir. Bilin\u00e7li su kullan\u0131m\u0131, kaynaklar\u0131 korumak ad\u0131na b\u00fcy\u00fck bir ad\u0131md\u0131r. Musluklar\u0131 kapatmay\u0131 unutmayarak su tasarrufu yapabilir ve suyun de\u011ferini daha iyi anlayabiliriz.<\/p>\n<p>**3. Karbon Ayak \u0130zi**<\/p>\n<p><center><img decoding=\"async\" src=\"https:\/\/www.sorumatix.com\/blog\/wp-content\/uploads\/2023\/09\/uploaded-image-ekolojik-ayak-izi-su-ayak-izi-ve-karbon-ayak-izi-ile-ilgili-uygulamalar-1693818490968.jpg\" title=\"Ekolojik ayak izi, su ayak izi ve karbon ayak izi ile ilgili uygulamalar \" alt=\"Ekolojik ayak izi, su ayak izi ve karbon ayak izi ile ilgili uygulamalar \"><\/center><\/p>\n<p>Karbon ayak izi, sera gaz\u0131 emisyonlar\u0131n\u0131n \u00f6l\u00e7\u00fcm\u00fcn\u00fc ifade eder. Fosil yak\u0131tlar\u0131n kullan\u0131m\u0131yla birlikte atmosfere sal\u0131nan sera gazlar\u0131, iklim de\u011fi\u015fikli\u011fi ile ili\u015fkilidir. Araba kullanmaktan enerji t\u00fcketimine kadar pek \u00e7ok eylem karbon ayak izimize etki eder. Y\u00fcr\u00fcyerek veya bisiklete binerek ula\u015f\u0131m sa\u011flamak, enerji tasarrufu yapmak ve yenilenebilir enerji kaynaklar\u0131n\u0131 tercih etmek gibi ad\u0131mlarla karbon ayak izimizi azaltabiliriz.<\/p>\n<p>**Ekolojik Ayak \u0130zi, Su Ayak \u0130zi ve Karbon Ayak \u0130zini Azaltma Yollar\u0131**<\/p>\n<p>&#8211; S\u00fcrd\u00fcr\u00fclebilir enerji kaynaklar\u0131na y\u00f6nelin: G\u00fcne\u015f enerjisi, r\u00fczgar enerjisi gibi yenilenebilir enerji kaynaklar\u0131n\u0131 kullanarak karbon ayak izinizi azaltabilirsiniz.<\/p>\n<p>&#8211; Geri d\u00f6n\u00fc\u015ft\u00fcrme ve kompostlama: At\u0131klar\u0131n\u0131z\u0131 geri d\u00f6n\u00fc\u015f\u00fcm kutular\u0131na atarak kaynaklar\u0131 koruyabilirsiniz. Organik at\u0131klar\u0131 kompost yaparak da do\u011fal g\u00fcbre elde edebilirsiniz.<\/p>\n<p>&#8211; Bilin\u00e7li su kullan\u0131m\u0131: Di\u015flerinizi f\u0131r\u00e7alarken muslu\u011fu kapatmay\u0131 unutmay\u0131n. Du\u015f s\u00fcresini k\u0131saltmak ve bah\u00e7ede su tasarrufu yapmak da \u00f6nemlidir.<\/p>\n<p>&#8211; Yenilenebilir enerji kaynaklar\u0131n\u0131 tercih edin: Evde veya okulda elektrik kullan\u0131rken yenilenebilir enerji kaynaklar\u0131na ge\u00e7mek, karbon ayak izinizi azaltman\u0131n etkili bir yoludur.<\/p>\n<p>&#8211; Ta\u015f\u0131t payla\u015f\u0131m\u0131 veya toplu ta\u015f\u0131ma kullan\u0131m\u0131: Araba kullan\u0131m\u0131n\u0131 azaltarak hem trafik sorununu hafifletebilir hem de karbon ayak izinizi d\u00fc\u015f\u00fcrebilirsiniz.<\/p>\n<p>Bu basit ad\u0131mlarla \u00e7evreye olan etkimizi azaltabiliriz. Unutmayal\u0131m, k\u00fc\u00e7\u00fck de\u011fi\u015fiklikler b\u00fcy\u00fck fark yarat\u0131r!<\/p>\n<p>Bug\u00fcnk\u00fc yaz\u0131m\u0131zda ekolojik ayak izi, su ayak izi ve karbon ayak izi kavramlar\u0131n\u0131 ke\u015ffettik. Bu kavramlar, do\u011fay\u0131 kor<\/p>\n<p><\/body><\/html><\/p>\n","protected":false},"excerpt":{"rendered":"<p>Ekolojik Ayak \u0130zi, Su Ayak \u0130zi ve Karbon Ayak \u0130zi \u0130le \u0130lgili Uygulamalar Merhaba! Bug\u00fcn \u00e7evre konusunda \u00e7ok \u00f6nemli bir<\/p>\n","protected":false},"author":1,"featured_media":1912,"comment_status":"open","ping_status":"open","sticky":false,"template":"","format":"standard","meta":{"colormag_page_container_layout":"default_layout","colormag_page_sidebar_layout":"default_layout","footnotes":""},"categories":[14,7],"tags":[],"class_list":["post-1982","post","type-post","status-publish","format-standard","has-post-thumbnail","hentry","category-bilgisayar-bilimleri-dersleri","category-fen-bilimleri"],"_links":{"self":[{"href":"https:\/\/www.sorumatix.com\/blog\/wp-json\/wp\/v2\/posts\/1982","targetHints":{"allow":["GET"]}}],"collection":[{"href":"https:\/\/www.sorumatix.com\/blog\/wp-json\/wp\/v2\/posts"}],"about":[{"href":"https:\/\/www.sorumatix.com\/blog\/wp-json\/wp\/v2\/types\/post"}],"author":[{"embeddable":true,"href":"https:\/\/www.sorumatix.com\/blog\/wp-json\/wp\/v2\/users\/1"}],"replies":[{"embeddable":true,"href":"https:\/\/www.sorumatix.com\/blog\/wp-json\/wp\/v2\/comments?post=1982"}],"version-history":[{"count":0,"href":"https:\/\/www.sorumatix.com\/blog\/wp-json\/wp\/v2\/posts\/1982\/revisions"}],"wp:featuredmedia":[{"embeddable":true,"href":"https:\/\/www.sorumatix.com\/blog\/wp-json\/wp\/v2\/media\/1912"}],"wp:attachment":[{"href":"https:\/\/www.sorumatix.com\/blog\/wp-json\/wp\/v2\/media?parent=1982"}],"wp:term":[{"taxonomy":"category","embeddable":true,"href":"https:\/\/www.sorumatix.com\/blog\/wp-json\/wp\/v2\/categories?post=1982"},{"taxonomy":"post_tag","embeddable":true,"href":"https:\/\/www.sorumatix.com\/blog\/wp-json\/wp\/v2\/tags?post=1982"}],"curies":[{"name":"wp","href":"https:\/\/api.w.org\/{rel}","templated":true}]}}