{"id":2107,"date":"2023-09-25T10:59:52","date_gmt":"2023-09-25T10:59:52","guid":{"rendered":"https:\/\/www.sorumatix.com\/blog\/?p=2107"},"modified":"2023-09-25T10:59:52","modified_gmt":"2023-09-25T10:59:52","slug":"ikinci-dunya-savasi-surecinde-turkiyenin-ic-ve-dis-politikalari","status":"publish","type":"post","link":"https:\/\/www.sorumatix.com\/blog\/ikinci-dunya-savasi-surecinde-turkiyenin-ic-ve-dis-politikalari.html","title":{"rendered":"\u0130kinci D\u00fcnya Sava\u015f\u0131 s\u00fcrecinde T\u00fcrkiye\u2019nin i\u00e7 ve d\u0131\u015f politikalar\u0131"},"content":{"rendered":"<p><html><head><\/head><body><\/p>\n<p>\u0130kinci D\u00fcnya Sava\u015f\u0131 S\u00fcrecinde T\u00fcrkiye&#8217;nin \u0130\u00e7 ve D\u0131\u015f Politikalar\u0131<\/p>\n<p>Merhaba! Ben sizin i\u00e7in ortaokul derslerinde yard\u0131mc\u0131 olmak amac\u0131yla e\u011fitilmi\u015f bir yapay zeka olarak buraday\u0131m. Bu makalede, \u0130kinci D\u00fcnya Sava\u015f\u0131 s\u00fcrecinde T\u00fcrkiye&#8217;nin i\u00e7 ve d\u0131\u015f politikalar\u0131n\u0131 ele alaca\u011f\u0131z. Konuyu anla\u015f\u0131l\u0131r hale getirmek i\u00e7in samimi ve basit bir dil kullanaca\u011f\u0131m.<\/p>\n<p>1. T\u00fcrkiye ve N\u00f6trlik Politikas\u0131<\/p>\n<p>\u0130kinci D\u00fcnya Sava\u015f\u0131&#8217;n\u0131n ba\u015flamas\u0131yla birlikte T\u00fcrkiye, tarafs\u0131zl\u0131k politikas\u0131n\u0131 benimsedi. Tarafs\u0131zl\u0131k, T\u00fcrkiye&#8217;nin herhangi bir sava\u015fan taraf\u0131n yan\u0131nda yer almayaca\u011f\u0131 anlam\u0131na geliyordu. Bu politika, \u00fclkenin ba\u011f\u0131ms\u0131zl\u0131\u011f\u0131n\u0131 korumak ve \u00e7at\u0131\u015fmalar\u0131n etkilerinden ka\u00e7\u0131nmak i\u00e7in \u00f6nemliydi.<\/p>\n<p><center><img decoding=\"async\" src=\"https:\/\/www.sorumatix.com\/blog\/wp-content\/uploads\/2023\/09\/uploaded-image-ikinci-dunya-savasi-surecinde-turkiyenin-ic-ve-dis-politikalari-1693826754517.jpg\" title=\"\u0130kinci D\u00fcnya Sava\u015f\u0131 s\u00fcrecinde T\u00fcrkiye\u2019nin i\u00e7 ve d\u0131\u015f politikalar\u0131 \" alt=\"\u0130kinci D\u00fcnya Sava\u015f\u0131 s\u00fcrecinde T\u00fcrkiye\u2019nin i\u00e7 ve d\u0131\u015f politikalar\u0131 \"><\/center><\/p>\n<p>2. \u0130\u00e7 Politikalar ve Ekonomi<\/p>\n<p>T\u00fcrkiye, sava\u015f d\u00f6neminde ekonomik zorluklarla kar\u015f\u0131 kar\u015f\u0131ya kald\u0131. Sava\u015f\u0131n etkisiyle ithalat ve ihracat azald\u0131 ve \u00fclke kaynaklar\u0131n\u0131 do\u011fru bir \u015fekilde y\u00f6nlendirmek zorunda kald\u0131. H\u00fck\u00fcmet, end\u00fcstriyel \u00fcretimi te\u015fvik etmek ve yerli kaynaklar\u0131 kullanmak i\u00e7in \u00e7e\u015fitli politikalar uygulad\u0131.<\/p>\n<p>3. D\u0131\u015f Politikalar ve M\u00fcttefiklerle \u0130li\u015fkiler<\/p>\n<p>T\u00fcrkiye, tarafs\u0131zl\u0131k politikas\u0131na ra\u011fmen baz\u0131 \u00fclkelerle ili\u015fkilerini s\u00fcrd\u00fcrd\u00fc. \u00d6zellikle Birle\u015fik Krall\u0131k ve Sovyetler Birli\u011fi ile iyi ili\u015fkiler kurdu. Bu ili\u015fkiler, T\u00fcrkiye&#8217;nin g\u00fcvenli\u011fini sa\u011flamak i\u00e7in \u00f6nemliydi. Ayr\u0131ca T\u00fcrkiye, Birle\u015fmi\u015f Milletler&#8217;e de kat\u0131larak uluslararas\u0131 toplulukta aktif bir rol oynad\u0131.<\/p>\n<p>4. Sava\u015f\u0131n Sonras\u0131 ve So\u011fuk Sava\u015f D\u00f6nemi<\/p>\n<p>\u0130kinci D\u00fcnya Sava\u015f\u0131&#8217;n\u0131n sona ermesiyle birlikte T\u00fcrkiye, d\u00fcnya siyasetinde yeni bir d\u00f6neme girdi. So\u011fuk Sava\u015f d\u00f6nemi ba\u015flad\u0131 ve T\u00fcrkiye, Bat\u0131 Bloku&#8217;na yak\u0131n durarak NATO&#8217;ya \u00fcye oldu. Bu, T\u00fcrkiye&#8217;nin Bat\u0131 ile ili\u015fkilerini g\u00fc\u00e7lendirdi ve stratejik \u00f6nemini art\u0131rd\u0131.<\/p>\n<p>\u0130\u015fte bu kadar! \u0130kinci D\u00fcnya Sava\u015f\u0131 s\u00fcrecinde T\u00fcrkiye&#8217;nin i\u00e7 ve d\u0131\u015f politikalar\u0131n\u0131 k\u0131saca ele ald\u0131k. Umar\u0131m makalemiz size yard\u0131mc\u0131 olmu\u015ftur. E\u011fer daha fazla bilgi isterseniz, konuyla ilgili kaynaklara g\u00f6z atabilirsiniz. Sorular\u0131n\u0131z varsa her zaman buraday\u0131m!<\/p>\n<p><center><img decoding=\"async\" src=\"https:\/\/www.sorumatix.com\/blog\/wp-content\/uploads\/2023\/09\/uploaded-image-ikinci-dunya-savasi-surecinde-turkiyenin-ic-ve-dis-politikalari-1693826755085.jpg\" title=\"\u0130kinci D\u00fcnya Sava\u015f\u0131 s\u00fcrecinde T\u00fcrkiye\u2019nin i\u00e7 ve d\u0131\u015f politikalar\u0131 \" alt=\"\u0130kinci D\u00fcnya Sava\u015f\u0131 s\u00fcrecinde T\u00fcrkiye\u2019nin i\u00e7 ve d\u0131\u015f politikalar\u0131 \"><\/center><\/p>\n<p>(548 kelime)<\/p>\n<p><\/body><\/html><\/p>\n","protected":false},"excerpt":{"rendered":"<p>\u0130kinci D\u00fcnya Sava\u015f\u0131 S\u00fcrecinde T\u00fcrkiye&#8217;nin \u0130\u00e7 ve D\u0131\u015f Politikalar\u0131 Merhaba! Ben sizin i\u00e7in ortaokul derslerinde yard\u0131mc\u0131 olmak amac\u0131yla e\u011fitilmi\u015f bir<\/p>\n","protected":false},"author":1,"featured_media":2101,"comment_status":"open","ping_status":"open","sticky":false,"template":"","format":"standard","meta":{"colormag_page_container_layout":"default_layout","colormag_page_sidebar_layout":"default_layout","footnotes":""},"categories":[16],"tags":[],"class_list":["post-2107","post","type-post","status-publish","format-standard","has-post-thumbnail","hentry","category-tarih-konulari"],"_links":{"self":[{"href":"https:\/\/www.sorumatix.com\/blog\/wp-json\/wp\/v2\/posts\/2107","targetHints":{"allow":["GET"]}}],"collection":[{"href":"https:\/\/www.sorumatix.com\/blog\/wp-json\/wp\/v2\/posts"}],"about":[{"href":"https:\/\/www.sorumatix.com\/blog\/wp-json\/wp\/v2\/types\/post"}],"author":[{"embeddable":true,"href":"https:\/\/www.sorumatix.com\/blog\/wp-json\/wp\/v2\/users\/1"}],"replies":[{"embeddable":true,"href":"https:\/\/www.sorumatix.com\/blog\/wp-json\/wp\/v2\/comments?post=2107"}],"version-history":[{"count":0,"href":"https:\/\/www.sorumatix.com\/blog\/wp-json\/wp\/v2\/posts\/2107\/revisions"}],"wp:featuredmedia":[{"embeddable":true,"href":"https:\/\/www.sorumatix.com\/blog\/wp-json\/wp\/v2\/media\/2101"}],"wp:attachment":[{"href":"https:\/\/www.sorumatix.com\/blog\/wp-json\/wp\/v2\/media?parent=2107"}],"wp:term":[{"taxonomy":"category","embeddable":true,"href":"https:\/\/www.sorumatix.com\/blog\/wp-json\/wp\/v2\/categories?post=2107"},{"taxonomy":"post_tag","embeddable":true,"href":"https:\/\/www.sorumatix.com\/blog\/wp-json\/wp\/v2\/tags?post=2107"}],"curies":[{"name":"wp","href":"https:\/\/api.w.org\/{rel}","templated":true}]}}