{"id":2115,"date":"2023-11-14T06:04:52","date_gmt":"2023-11-14T06:04:52","guid":{"rendered":"https:\/\/www.sorumatix.com\/blog\/?p=2115"},"modified":"2023-11-14T06:04:52","modified_gmt":"2023-11-14T06:04:52","slug":"kosova-ile-bosna-hersekin-sirbistan-tarafindan-isgali","status":"publish","type":"post","link":"https:\/\/www.sorumatix.com\/blog\/kosova-ile-bosna-hersekin-sirbistan-tarafindan-isgali.html","title":{"rendered":"Kosova ile Bosna-Hersek\u2019in S\u0131rbistan taraf\u0131ndan i\u015fgali"},"content":{"rendered":"<p><html><head><\/head><body><\/p>\n<p>Kosova ile Bosna-Hersek\u2019in S\u0131rbistan Taraf\u0131ndan \u0130\u015fgali<\/p>\n<p>Merhaba gen\u00e7ler! Bug\u00fcn sizlere tarihle ilgili \u00f6nemli bir konudan bahsedece\u011fim: Kosova ile Bosna-Hersek&#8217;in S\u0131rbistan taraf\u0131ndan i\u015fgali. Bu olaylar, ge\u00e7mi\u015fte ya\u015fanan karma\u015f\u0131k ve \u00fcz\u00fcc\u00fc olaylar\u0131n bir par\u00e7as\u0131d\u0131r. Hadi beraber bu konuyu ke\u015ffedelim!<\/p>\n<p>1. Kosova&#8217;n\u0131n \u0130\u015fgali<\/p>\n<p><center><img decoding=\"async\" src=\"https:\/\/www.sorumatix.com\/blog\/wp-content\/uploads\/2023\/09\/uploaded-image-kosova-ile-bosna-hersekin-sirbistan-tarafindan-isgali-1693826755233.jpg\" title=\"Kosova ile Bosna-Hersek\u2019in S\u0131rbistan taraf\u0131ndan i\u015fgali \" alt=\"Kosova ile Bosna-Hersek\u2019in S\u0131rbistan taraf\u0131ndan i\u015fgali \"><\/center><\/p>\n<p>Kosova, Balkanlar&#8217;da yer alan bir b\u00f6lgedir. 1998 y\u0131l\u0131nda Kosova \u00d6zg\u00fcr Ordusu (KLA) isimli bir grubun S\u0131rbistan&#8217;a kar\u015f\u0131 ba\u011f\u0131ms\u0131zl\u0131k sava\u015f\u0131 ba\u015flatt\u0131\u011f\u0131n\u0131 biliyor muydunuz? Bu durum, S\u0131rbistan&#8217;\u0131n Kosova&#8217;y\u0131 kontrol etme iste\u011fiyle sonu\u00e7land\u0131. S\u0131rp g\u00fc\u00e7leri Kosova&#8217;ya m\u00fcdahale etti ve b\u00f6lgeyi kontrol alt\u0131na ald\u0131. \u00c7ok say\u0131da insan evlerini terk etmek zorunda kald\u0131 ve ya\u015fanan \u00e7at\u0131\u015fmalarda maalesef bir\u00e7ok can kayb\u0131 ya\u015fand\u0131.<\/p>\n<p><center><img decoding=\"async\" src=\"https:\/\/www.sorumatix.com\/blog\/wp-content\/uploads\/2023\/09\/uploaded-image-kosova-ile-bosna-hersekin-sirbistan-tarafindan-isgali-1693826756135.jpg\" title=\"Kosova ile Bosna-Hersek\u2019in S\u0131rbistan taraf\u0131ndan i\u015fgali \" alt=\"Kosova ile Bosna-Hersek\u2019in S\u0131rbistan taraf\u0131ndan i\u015fgali \"><\/center><\/p>\n<p>2. Bosna-Hersek&#8217;in \u0130\u015fgali<\/p>\n<p>Bosna-Hersek, Yugoslavya&#8217;n\u0131n da\u011f\u0131lmas\u0131n\u0131n ard\u0131ndan ba\u011f\u0131ms\u0131zl\u0131\u011f\u0131n\u0131 ilan eden bir \u00fclkedir. Ancak 1992-1995 y\u0131llar\u0131 aras\u0131nda ya\u015fanan Bosna Sava\u015f\u0131, \u00fcz\u00fcc\u00fc olaylara yol a\u00e7t\u0131. Bu d\u00f6nemde S\u0131rbistan, Bosna-Hersek&#8217;i kontrol alt\u0131na almak i\u00e7in sald\u0131r\u0131lar d\u00fczenledi ve bir\u00e7ok \u015fehri i\u015fgal etti. Bu olaylar s\u0131ras\u0131nda say\u0131s\u0131z insan hayat\u0131n\u0131 kaybetti ve bir\u00e7ok sivil yerinden edildi.<\/p>\n<p>Bu olaylar\u0131n sonucunda uluslararas\u0131 toplum harekete ge\u00e7ti ve \u00e7e\u015fitli bar\u0131\u015f anla\u015fmalar\u0131 imzaland\u0131. Kosova ve Bosna-Hersek&#8217;in \u00f6zerkliklerini kazanmalar\u0131 sa\u011fland\u0131, ancak b\u00f6lgenin toplumsal ve siyasi sorunlar\u0131 hala devam ediyor.<\/p>\n<p>Bu makalede, Kosova ile Bosna-Hersek&#8217;in S\u0131rbistan taraf\u0131ndan i\u015fgali konusunu ele ald\u0131k. Bu olaylar tarihimize derin bir iz b\u0131rakt\u0131 ve unutulmamas\u0131 gereken \u00f6nemli d\u00f6neme\u00e7lerdir. Umar\u0131m gelecekte daha adil, bar\u0131\u015f\u00e7\u0131l ve ho\u015fg\u00f6r\u00fcl\u00fc bir d\u00fcnya in\u015fa etmek i\u00e7in bu olaylardan dersler \u00e7\u0131kar\u0131r\u0131z.<\/p>\n<p>Unutmay\u0131n, tarih sadece \u00f6\u011frenmek i\u00e7in de\u011fil, ayn\u0131 zamanda gelece\u011fi \u015fekillendirmek i\u00e7in de \u00f6nemlidir. \u0130yi \u00f6\u011frenmeler!<\/p>\n<p><\/body><\/html><\/p>\n","protected":false},"excerpt":{"rendered":"<p>Kosova ile Bosna-Hersek\u2019in S\u0131rbistan Taraf\u0131ndan \u0130\u015fgali Merhaba gen\u00e7ler! Bug\u00fcn sizlere tarihle ilgili \u00f6nemli bir konudan bahsedece\u011fim: Kosova ile Bosna-Hersek&#8217;in S\u0131rbistan<\/p>\n","protected":false},"author":1,"featured_media":2104,"comment_status":"open","ping_status":"open","sticky":false,"template":"","format":"standard","meta":{"colormag_page_container_layout":"default_layout","colormag_page_sidebar_layout":"default_layout","footnotes":""},"categories":[16],"tags":[],"class_list":["post-2115","post","type-post","status-publish","format-standard","has-post-thumbnail","hentry","category-tarih-konulari"],"_links":{"self":[{"href":"https:\/\/www.sorumatix.com\/blog\/wp-json\/wp\/v2\/posts\/2115","targetHints":{"allow":["GET"]}}],"collection":[{"href":"https:\/\/www.sorumatix.com\/blog\/wp-json\/wp\/v2\/posts"}],"about":[{"href":"https:\/\/www.sorumatix.com\/blog\/wp-json\/wp\/v2\/types\/post"}],"author":[{"embeddable":true,"href":"https:\/\/www.sorumatix.com\/blog\/wp-json\/wp\/v2\/users\/1"}],"replies":[{"embeddable":true,"href":"https:\/\/www.sorumatix.com\/blog\/wp-json\/wp\/v2\/comments?post=2115"}],"version-history":[{"count":1,"href":"https:\/\/www.sorumatix.com\/blog\/wp-json\/wp\/v2\/posts\/2115\/revisions"}],"predecessor-version":[{"id":4849,"href":"https:\/\/www.sorumatix.com\/blog\/wp-json\/wp\/v2\/posts\/2115\/revisions\/4849"}],"wp:featuredmedia":[{"embeddable":true,"href":"https:\/\/www.sorumatix.com\/blog\/wp-json\/wp\/v2\/media\/2104"}],"wp:attachment":[{"href":"https:\/\/www.sorumatix.com\/blog\/wp-json\/wp\/v2\/media?parent=2115"}],"wp:term":[{"taxonomy":"category","embeddable":true,"href":"https:\/\/www.sorumatix.com\/blog\/wp-json\/wp\/v2\/categories?post=2115"},{"taxonomy":"post_tag","embeddable":true,"href":"https:\/\/www.sorumatix.com\/blog\/wp-json\/wp\/v2\/tags?post=2115"}],"curies":[{"name":"wp","href":"https:\/\/api.w.org\/{rel}","templated":true}]}}