{"id":2117,"date":"2023-09-19T00:39:52","date_gmt":"2023-09-19T00:39:52","guid":{"rendered":"https:\/\/www.sorumatix.com\/blog\/?p=2117"},"modified":"2023-09-19T00:39:52","modified_gmt":"2023-09-19T00:39:52","slug":"italyanin-bizim-deniz-politikasi","status":"publish","type":"post","link":"https:\/\/www.sorumatix.com\/blog\/italyanin-bizim-deniz-politikasi.html","title":{"rendered":"\u0130talya\u2019n\u0131n \u201cBizim Deniz\u201d Politikas\u0131"},"content":{"rendered":"<p><html><head><\/head><body><\/p>\n<p>\u0130talya&#8217;n\u0131n Bizim Deniz Politikas\u0131<\/p>\n<p>Merhaba \u00e7ocuklar! Bug\u00fcn sizlere \u0130talya&#8217;n\u0131n Bizim Deniz politikas\u0131ndan bahsedece\u011fim. \u0130talya, g\u00fczel kumsallar\u0131 ve muhte\u015fem denizleriyle \u00fcnl\u00fc bir \u00fclkedir. Ancak denizlerimizi korumak ve s\u00fcrd\u00fcr\u00fclebilir bir \u015fekilde kullanmak da \u00e7ok \u00f6nemlidir. \u0130\u015fte bu nedenle \u0130talya, Bizim Deniz politikas\u0131n\u0131 hayata ge\u00e7irmi\u015ftir.<\/p>\n<p>1. Denizlerimize Sahip \u00c7\u0131k\u0131yoruz<\/p>\n<p>\u0130talya&#8217;n\u0131n Bizim Deniz politikas\u0131yla, denizlerimizi koruma ve temiz tutma konusunda sorumluluk al\u0131yoruz. Denizlerimizdeki kirlili\u011fi azaltmak i\u00e7in at\u0131k y\u00f6netimi sistemlerini geli\u015ftiriyoruz ve deniz temizli\u011fi kampanyalar\u0131 d\u00fczenliyoruz.<\/p>\n<p>2. S\u00fcrd\u00fcr\u00fclebilir Bal\u0131k\u00e7\u0131l\u0131k<\/p>\n<p>\u0130talya, denizlerimizdeki bal\u0131k stoklar\u0131n\u0131 koruma amac\u0131yla s\u00fcrd\u00fcr\u00fclebilir bal\u0131k\u00e7\u0131l\u0131k politikalar\u0131 uygulamaktad\u0131r. Bu sayede gelecek nesillere sa\u011fl\u0131kl\u0131 bal\u0131k kaynaklar\u0131 b\u0131rakmay\u0131 hedefliyoruz.<\/p>\n<p>3. Deniz Biyo\u00e7e\u015fitlili\u011fi<\/p>\n<p><center><img decoding=\"async\" src=\"https:\/\/www.sorumatix.com\/blog\/wp-content\/uploads\/2023\/09\/uploaded-image-italyanin-bizim-deniz-politikasi-1693826755141.jpg\" title=\"\u0130talya\u2019n\u0131n \u201cBizim Deniz\u201d Politikas\u0131 \" alt=\"\u0130talya\u2019n\u0131n \u201cBizim Deniz\u201d Politikas\u0131 \"><\/center><\/p>\n<p>Bizim Deniz politikas\u0131, denizlerimizdeki biyo\u00e7e\u015fitlili\u011fi korumay\u0131 ve art\u0131rmay\u0131 ama\u00e7lamaktad\u0131r. Deniz ekosistemlerinde ya\u015fayan canl\u0131lar\u0131 korumak i\u00e7in deniz rezervleri olu\u015fturuyoruz ve hassas alanlar\u0131 belirliyoruz.<\/p>\n<p>4. S\u00fcrd\u00fcr\u00fclebilir Turizm<\/p>\n<p>\u0130talya, turizm a\u00e7\u0131s\u0131ndan da \u00f6nemli bir \u00fclkedir. Bizim Deniz politikas\u0131yla, turizm faaliyetlerimizi s\u00fcrd\u00fcr\u00fclebilir bir \u015fekilde ger\u00e7ekle\u015ftirmeyi hedefliyoruz. Plajlarda at\u0131k toplama noktalar\u0131 ve geri d\u00f6n\u00fc\u015f\u00fcm kutular\u0131 sa\u011flayarak turistlerin \u00e7evreye duyarl\u0131 olmas\u0131n\u0131 te\u015fvik ediyoruz.<\/p>\n<p>5. E\u011fitim ve Fark\u0131ndal\u0131k<\/p>\n<p><center><img decoding=\"async\" src=\"https:\/\/www.sorumatix.com\/blog\/wp-content\/uploads\/2023\/09\/uploaded-image-italyanin-bizim-deniz-politikasi-1693826756117.jpg\" title=\"\u0130talya\u2019n\u0131n \u201cBizim Deniz\u201d Politikas\u0131 \" alt=\"\u0130talya\u2019n\u0131n \u201cBizim Deniz\u201d Politikas\u0131 \"><\/center><\/p>\n<p>Denizlerin \u00f6nemini ve korunmas\u0131 gerekti\u011fini anlatmak i\u00e7in e\u011fitim ve fark\u0131ndal\u0131k \u00e7al\u0131\u015fmalar\u0131 yap\u0131yoruz. Okullarda denizlerimizin de\u011ferini vurgulayan dersler d\u00fczenliyor, etkinlikler ve kampanyalar d\u00fczenliyoruz. Hepimizin birer \u00e7evre el\u00e7isi oldu\u011funu unutmayal\u0131m!<\/p>\n<p>\u0130\u015fte b\u00f6yle arkada\u015flar! \u0130talya&#8217;n\u0131n Bizim Deniz politikas\u0131yla denizlerimize sahip \u00e7\u0131k\u0131yor, s\u00fcrd\u00fcr\u00fclebilir bal\u0131k\u00e7\u0131l\u0131k yap\u0131yor, deniz biyo\u00e7e\u015fitlili\u011fini koruyor, s\u00fcrd\u00fcr\u00fclebilir turizm uygulamalar\u0131 geli\u015ftiriyor ve \u00e7evre bilinciyle yeti\u015fmemiz i\u00e7in e\u011fitim ve fark\u0131ndal\u0131k \u00e7al\u0131\u015fmalar\u0131 yap\u0131yoruz. Unutmayal\u0131m, denizlerimiz bizim i\u00e7in \u00e7ok de\u011ferli ve onlar\u0131 korumak hepimizin g\u00f6revi!<\/p>\n<p>Umar\u0131m bu makale sizlere \u0130talya&#8217;n\u0131n Bizim Deniz politikas\u0131 hakk\u0131nda bilgi vermi\u015ftir. Denizlere olan sevgimizi ve sorumlulu\u011fumuzu birlikte payla\u015fal\u0131m!<\/p>\n<p><\/body><\/html><\/p>\n","protected":false},"excerpt":{"rendered":"<p>\u0130talya&#8217;n\u0131n Bizim Deniz Politikas\u0131 Merhaba \u00e7ocuklar! Bug\u00fcn sizlere \u0130talya&#8217;n\u0131n Bizim Deniz politikas\u0131ndan bahsedece\u011fim. \u0130talya, g\u00fczel kumsallar\u0131 ve muhte\u015fem denizleriyle \u00fcnl\u00fc<\/p>\n","protected":false},"author":1,"featured_media":2103,"comment_status":"open","ping_status":"open","sticky":false,"template":"","format":"standard","meta":{"colormag_page_container_layout":"default_layout","colormag_page_sidebar_layout":"default_layout","footnotes":""},"categories":[16],"tags":[],"class_list":["post-2117","post","type-post","status-publish","format-standard","has-post-thumbnail","hentry","category-tarih-konulari"],"_links":{"self":[{"href":"https:\/\/www.sorumatix.com\/blog\/wp-json\/wp\/v2\/posts\/2117","targetHints":{"allow":["GET"]}}],"collection":[{"href":"https:\/\/www.sorumatix.com\/blog\/wp-json\/wp\/v2\/posts"}],"about":[{"href":"https:\/\/www.sorumatix.com\/blog\/wp-json\/wp\/v2\/types\/post"}],"author":[{"embeddable":true,"href":"https:\/\/www.sorumatix.com\/blog\/wp-json\/wp\/v2\/users\/1"}],"replies":[{"embeddable":true,"href":"https:\/\/www.sorumatix.com\/blog\/wp-json\/wp\/v2\/comments?post=2117"}],"version-history":[{"count":0,"href":"https:\/\/www.sorumatix.com\/blog\/wp-json\/wp\/v2\/posts\/2117\/revisions"}],"wp:featuredmedia":[{"embeddable":true,"href":"https:\/\/www.sorumatix.com\/blog\/wp-json\/wp\/v2\/media\/2103"}],"wp:attachment":[{"href":"https:\/\/www.sorumatix.com\/blog\/wp-json\/wp\/v2\/media?parent=2117"}],"wp:term":[{"taxonomy":"category","embeddable":true,"href":"https:\/\/www.sorumatix.com\/blog\/wp-json\/wp\/v2\/categories?post=2117"},{"taxonomy":"post_tag","embeddable":true,"href":"https:\/\/www.sorumatix.com\/blog\/wp-json\/wp\/v2\/tags?post=2117"}],"curies":[{"name":"wp","href":"https:\/\/api.w.org\/{rel}","templated":true}]}}