{"id":2118,"date":"2023-11-06T05:09:52","date_gmt":"2023-11-06T05:09:52","guid":{"rendered":"https:\/\/www.sorumatix.com\/blog\/?p=2118"},"modified":"2023-11-06T05:09:52","modified_gmt":"2023-11-06T05:09:52","slug":"12-eylul-askeri-darbesi","status":"publish","type":"post","link":"https:\/\/www.sorumatix.com\/blog\/12-eylul-askeri-darbesi.html","title":{"rendered":"12 Eyl\u00fcl Asker\u00ee Darbesi"},"content":{"rendered":"<p><html><head><\/head><body><\/p>\n<p>12 Eyl\u00fcl Asker\u00ee Darbesi: T\u00fcrkiye Tarihinde \u00d6nemli Bir Olay<\/p>\n<p>Merhaba! Bu makalede, T\u00fcrkiye&#8217;nin tarihine damga vuran ve g\u00fcn\u00fcm\u00fczde hala etkilerini hissettiren \u00f6nemli bir olay olan 12 Eyl\u00fcl Asker\u00ee Darbesi&#8217;nden bahsedece\u011fim. \u0130\u015fte sana bu d\u00f6nemi basit ve samimi bir dil kullanarak anlatan bir yol haritas\u0131.<\/p>\n<p>1. Darbenin Arka Plan\u0131<\/p>\n<p>&#8211; T\u00fcrkiye&#8217;nin ekonomik ve politik zorluklarla bo\u011fu\u015ftu\u011fu 1970&#8217;li y\u0131llarda asker\u00ee m\u00fcdahalelerin artt\u0131\u011f\u0131n\u0131 s\u00f6yleyebiliriz.<\/p>\n<p>&#8211; H\u00fck\u00fcmetler aras\u0131nda s\u00fcrekli istikrars\u0131zl\u0131k ya\u015fanmas\u0131, siyasi gerilimleri tetikleyen en \u00f6nemli fakt\u00f6rd\u00fc.<\/p>\n<p>2. Darbenin Ger\u00e7ekle\u015fmesi<\/p>\n<p><center><img decoding=\"async\" src=\"https:\/\/www.sorumatix.com\/blog\/wp-content\/uploads\/2023\/09\/uploaded-image-12-eylul-askeri-darbesi-1693826755284.jpg\" title=\"12 Eyl\u00fcl Asker\u00ee Darbesi \" alt=\"12 Eyl\u00fcl Asker\u00ee Darbesi \"><\/center><\/p>\n<p>&#8211; 12 Eyl\u00fcl 1980&#8217;de, askeri bir darbe ger\u00e7ekle\u015fti ve T\u00fcrkiye&#8217;nin demokratik y\u00f6netimi sona erdi.<\/p>\n<p>&#8211; Darbenin ard\u0131nda, \u00fclkedeki siyasi \u00e7alkant\u0131lar\u0131 sona erdirmek ve d\u00fczeni sa\u011flamak amac\u0131 vard\u0131.<\/p>\n<p>3. Darbenin Sonu\u00e7lar\u0131<\/p>\n<p>&#8211; Darbenin hemen ard\u0131ndan, siyasi partiler kapat\u0131ld\u0131, anayasa ask\u0131ya al\u0131nd\u0131 ve temel haklar s\u0131n\u0131rlanmaya ba\u015fland\u0131.<\/p>\n<p>&#8211; Binlerce insan tutukland\u0131, g\u00f6zalt\u0131na al\u0131nd\u0131 ve i\u015fkence g\u00f6rd\u00fc. Bu d\u00f6nemde insan haklar\u0131 ihlalleri ciddi boyutlara ula\u015ft\u0131.<\/p>\n<p>&#8211; Ekonomik reformlar yap\u0131ld\u0131 ve T\u00fcrkiye, uluslararas\u0131 alanda izolasyona u\u011frad\u0131.<\/p>\n<p>4. Darbenin Uzun Vadeli Etkileri<\/p>\n<p>&#8211; Darbenin uzun vadeli etkileri hala hissedilmektedir. Toplumdaki kutupla\u015fma ve g\u00fcvensizlik duygusu bu d\u00f6nemden kalm\u0131\u015ft\u0131r.<\/p>\n<p><center><img decoding=\"async\" src=\"https:\/\/www.sorumatix.com\/blog\/wp-content\/uploads\/2023\/09\/uploaded-image-12-eylul-askeri-darbesi-1693826756231.jpg\" title=\"12 Eyl\u00fcl Asker\u00ee Darbesi \" alt=\"12 Eyl\u00fcl Asker\u00ee Darbesi \"><\/center><\/p>\n<p>&#8211; Demokratikle\u015fme s\u00fcreci, darbe sonras\u0131nda yava\u015f ilerledi ve yeni anayasa tart\u0131\u015fmalar\u0131 uzun y\u0131llar s\u00fcrd\u00fc.<\/p>\n<p>&#8211; Ancak, darbe sonras\u0131 T\u00fcrkiye&#8217;nin ekonomik istikrar\u0131n\u0131 sa\u011flama \u00e7abalar\u0131 olumlu sonu\u00e7lar verdi.<\/p>\n<p>Sonu\u00e7 olarak, 12 Eyl\u00fcl Asker\u00ee Darbesi, T\u00fcrkiye tarihinde \u00f6nemli bir d\u00f6n\u00fcm noktas\u0131d\u0131r. Bu olay\u0131n etkileri h\u00e2l\u00e2 devam etse de \u00fclkemiz demokratikle\u015fme yolunda ilerlemeye devam etmektedir. Unutma, ge\u00e7mi\u015fi anlamak ve de\u011ferlendirmek, gelece\u011fi \u015fekillendirmede \u00f6nemlidir.<\/p>\n<p><\/body><\/html><\/p>\n","protected":false},"excerpt":{"rendered":"<p>12 Eyl\u00fcl Asker\u00ee Darbesi: T\u00fcrkiye Tarihinde \u00d6nemli Bir Olay Merhaba! Bu makalede, T\u00fcrkiye&#8217;nin tarihine damga vuran ve g\u00fcn\u00fcm\u00fczde hala etkilerini<\/p>\n","protected":false},"author":1,"featured_media":2106,"comment_status":"open","ping_status":"open","sticky":false,"template":"","format":"standard","meta":{"colormag_page_container_layout":"default_layout","colormag_page_sidebar_layout":"default_layout","footnotes":""},"categories":[16],"tags":[],"class_list":["post-2118","post","type-post","status-publish","format-standard","has-post-thumbnail","hentry","category-tarih-konulari"],"_links":{"self":[{"href":"https:\/\/www.sorumatix.com\/blog\/wp-json\/wp\/v2\/posts\/2118","targetHints":{"allow":["GET"]}}],"collection":[{"href":"https:\/\/www.sorumatix.com\/blog\/wp-json\/wp\/v2\/posts"}],"about":[{"href":"https:\/\/www.sorumatix.com\/blog\/wp-json\/wp\/v2\/types\/post"}],"author":[{"embeddable":true,"href":"https:\/\/www.sorumatix.com\/blog\/wp-json\/wp\/v2\/users\/1"}],"replies":[{"embeddable":true,"href":"https:\/\/www.sorumatix.com\/blog\/wp-json\/wp\/v2\/comments?post=2118"}],"version-history":[{"count":0,"href":"https:\/\/www.sorumatix.com\/blog\/wp-json\/wp\/v2\/posts\/2118\/revisions"}],"wp:featuredmedia":[{"embeddable":true,"href":"https:\/\/www.sorumatix.com\/blog\/wp-json\/wp\/v2\/media\/2106"}],"wp:attachment":[{"href":"https:\/\/www.sorumatix.com\/blog\/wp-json\/wp\/v2\/media?parent=2118"}],"wp:term":[{"taxonomy":"category","embeddable":true,"href":"https:\/\/www.sorumatix.com\/blog\/wp-json\/wp\/v2\/categories?post=2118"},{"taxonomy":"post_tag","embeddable":true,"href":"https:\/\/www.sorumatix.com\/blog\/wp-json\/wp\/v2\/tags?post=2118"}],"curies":[{"name":"wp","href":"https:\/\/api.w.org\/{rel}","templated":true}]}}