{"id":2131,"date":"2023-10-01T21:19:52","date_gmt":"2023-10-01T21:19:52","guid":{"rendered":"https:\/\/www.sorumatix.com\/blog\/?p=2131"},"modified":"2023-10-01T21:19:52","modified_gmt":"2023-10-01T21:19:52","slug":"soguk-savas-doneminde-turk-dis-politikasinda-meydana-gelen-gelismeler","status":"publish","type":"post","link":"https:\/\/www.sorumatix.com\/blog\/soguk-savas-doneminde-turk-dis-politikasinda-meydana-gelen-gelismeler.html","title":{"rendered":"So\u011fuk Sava\u015f D\u00f6nemi\u2019nde T\u00fcrk D\u0131\u015f Politikas\u0131\u2019nda meydana gelen geli\u015fmeler"},"content":{"rendered":"<p><html><head><\/head><body><\/p>\n<p>So\u011fuk Sava\u015f D\u00f6nemi\u2019nde T\u00fcrk D\u0131\u015f Politikas\u0131\u2019nda Meydana Gelen Geli\u015fmeler<\/p>\n<p>Merhaba! Bu yaz\u0131da, So\u011fuk Sava\u015f d\u00f6nemi boyunca T\u00fcrk d\u0131\u015f politikas\u0131nda ya\u015fanan \u00f6nemli geli\u015fmelere de\u011finece\u011fiz. So\u011fuk Sava\u015f, 1947-1991 y\u0131llar\u0131 aras\u0131nda ABD ve SSCB (Sovyetler Birli\u011fi) aras\u0131nda gerilim dolu bir s\u00fcreci ifade ederken, T\u00fcrkiye de bu \u00e7eki\u015fmenin ortas\u0131nda yer alm\u0131\u015ft\u0131r.<\/p>\n<p>1. NATO&#8217;ya Kat\u0131l\u0131m:<\/p>\n<p>So\u011fuk Sava\u015f&#8217;\u0131n ba\u015flamas\u0131yla, T\u00fcrkiye Bat\u0131 Bloku&#8217;na yak\u0131nla\u015fma politikas\u0131 izlemeye ba\u015flad\u0131. 1952 y\u0131l\u0131nda NATO&#8217;ya \u00fcye olan T\u00fcrkiye, Bat\u0131 ittifak\u0131na g\u00fcvenlik a\u00e7\u0131s\u0131ndan ba\u011fl\u0131l\u0131\u011f\u0131n\u0131 g\u00f6stermi\u015ftir.<\/p>\n<p>2. Truman Doktrini:<\/p>\n<p>ABD&#8217;nin 1947&#8217;de ilan etti\u011fi Truman Doktrini, T\u00fcrkiye&#8217;ye de deste\u011fi i\u00e7ermekteydi. Bu doktrin ile ABD, T\u00fcrkiye&#8217;nin Sovyet sald\u0131rganl\u0131\u011f\u0131na kar\u015f\u0131 korunmas\u0131n\u0131 sa\u011flamak amac\u0131yla ekonomik ve askeri yard\u0131m yapmaya ba\u015flad\u0131.<\/p>\n<p>3. Kore Sava\u015f\u0131:<\/p>\n<p>1950-1953 y\u0131llar\u0131 aras\u0131nda ger\u00e7ekle\u015fen Kore Sava\u015f\u0131&#8217;nda T\u00fcrkiye, ABD \u00f6nderli\u011findeki Birle\u015fmi\u015f Milletler G\u00fcc\u00fc&#8217;ne askeri destek verdi. T\u00fcrk askerleri Kore&#8217;de sava\u015farak \u00fclkenin uluslararas\u0131 arenada aktif rol almas\u0131n\u0131 sa\u011flad\u0131.<\/p>\n<p>4. K\u0131br\u0131s Sorunu:<\/p>\n<p>So\u011fuk Sava\u015f d\u00f6neminde T\u00fcrkiye&#8217;nin d\u0131\u015f politikas\u0131n\u0131 etkileyen \u00f6nemli bir konu da K\u0131br\u0131s sorunuydu. 1960 y\u0131l\u0131nda ba\u011f\u0131ms\u0131zl\u0131\u011f\u0131n\u0131 kazanan K\u0131br\u0131s&#8217;ta, Rum ve T\u00fcrk topluluklar\u0131 aras\u0131nda \u00e7at\u0131\u015fmalar ya\u015fand\u0131. 1974&#8217;te ger\u00e7ekle\u015fen K\u0131br\u0131s Harekat\u0131 ile T\u00fcrkiye, adada bulunan T\u00fcrk toplumunu koruma amac\u0131yla m\u00fcdahale etti.<\/p>\n<p>5. Balkanlar ve Orta Do\u011fu:<\/p>\n<p><center><img decoding=\"async\" src=\"https:\/\/www.sorumatix.com\/blog\/wp-content\/uploads\/2023\/09\/uploaded-image-soguk-savas-doneminde-turk-dis-politikasinda-meydana-gelen-gelismeler-1693826756179.jpg\" title=\"So\u011fuk Sava\u015f D\u00f6nemi\u2019nde T\u00fcrk D\u0131\u015f Politikas\u0131\u2019nda meydana gelen geli\u015fmeler \" alt=\"So\u011fuk Sava\u015f D\u00f6nemi\u2019nde T\u00fcrk D\u0131\u015f Politikas\u0131\u2019nda meydana gelen geli\u015fmeler \"><\/center><center><img decoding=\"async\" src=\"https:\/\/www.sorumatix.com\/blog\/wp-content\/uploads\/2023\/09\/uploaded-image-soguk-savas-doneminde-turk-dis-politikasinda-meydana-gelen-gelismeler-1693826757658.jpg\" title=\"So\u011fuk Sava\u015f D\u00f6nemi\u2019nde T\u00fcrk D\u0131\u015f Politikas\u0131\u2019nda meydana gelen geli\u015fmeler \" alt=\"So\u011fuk Sava\u015f D\u00f6nemi\u2019nde T\u00fcrk D\u0131\u015f Politikas\u0131\u2019nda meydana gelen geli\u015fmeler \"><\/center><\/p>\n<p>So\u011fuk Sava\u015f d\u00f6neminde T\u00fcrkiye, Balkanlar ve Orta Do\u011fu&#8217;daki geli\u015fmelere de aktif olarak dahil oldu. Bu d\u00f6nemde T\u00fcrkiye, b\u00f6lgedeki istikrar\u0131 sa\u011flamak ve etkinli\u011fini art\u0131rmak i\u00e7in diplomatik hamlelerde bulundu.<\/p>\n<p>Sonu\u00e7 olarak, So\u011fuk Sava\u015f d\u00f6nemi T\u00fcrk d\u0131\u015f politikas\u0131nda \u00f6nemli de\u011fi\u015fimlere neden olmu\u015ftur. T\u00fcrkiye, Bat\u0131 Bloku&#8217;na yakla\u015f\u0131rken ayn\u0131 zamanda b\u00f6lgesel meselelere de m\u00fcdahil olmu\u015ftur. NATO&#8217;ya kat\u0131l\u0131m, Truman Doktrini, Kore Sava\u015f\u0131, K\u0131br\u0131s Sorunu ve Balkanlar-Orta Do\u011fu politikalar\u0131 t\u00fcm bu s\u00fcrecin \u00f6nemli unsurlar\u0131d\u0131r.<\/p>\n<p>Umar\u0131m bu makale, ortaokul \u00f6\u011frencilerine So\u011fuk Sava\u015f d\u00f6neminde T\u00fcrk d\u0131\u015f politikas\u0131yla ilgili temel bir anlay\u0131\u015f kazand\u0131rmada yard\u0131mc\u0131 olur.<\/p>\n<p><\/body><\/html><\/p>\n","protected":false},"excerpt":{"rendered":"<p>So\u011fuk Sava\u015f D\u00f6nemi\u2019nde T\u00fcrk D\u0131\u015f Politikas\u0131\u2019nda Meydana Gelen Geli\u015fmeler Merhaba! Bu yaz\u0131da, So\u011fuk Sava\u015f d\u00f6nemi boyunca T\u00fcrk d\u0131\u015f politikas\u0131nda ya\u015fanan<\/p>\n","protected":false},"author":1,"featured_media":2111,"comment_status":"open","ping_status":"open","sticky":false,"template":"","format":"standard","meta":{"colormag_page_container_layout":"default_layout","colormag_page_sidebar_layout":"default_layout","footnotes":""},"categories":[16],"tags":[],"class_list":["post-2131","post","type-post","status-publish","format-standard","has-post-thumbnail","hentry","category-tarih-konulari"],"_links":{"self":[{"href":"https:\/\/www.sorumatix.com\/blog\/wp-json\/wp\/v2\/posts\/2131","targetHints":{"allow":["GET"]}}],"collection":[{"href":"https:\/\/www.sorumatix.com\/blog\/wp-json\/wp\/v2\/posts"}],"about":[{"href":"https:\/\/www.sorumatix.com\/blog\/wp-json\/wp\/v2\/types\/post"}],"author":[{"embeddable":true,"href":"https:\/\/www.sorumatix.com\/blog\/wp-json\/wp\/v2\/users\/1"}],"replies":[{"embeddable":true,"href":"https:\/\/www.sorumatix.com\/blog\/wp-json\/wp\/v2\/comments?post=2131"}],"version-history":[{"count":0,"href":"https:\/\/www.sorumatix.com\/blog\/wp-json\/wp\/v2\/posts\/2131\/revisions"}],"wp:featuredmedia":[{"embeddable":true,"href":"https:\/\/www.sorumatix.com\/blog\/wp-json\/wp\/v2\/media\/2111"}],"wp:attachment":[{"href":"https:\/\/www.sorumatix.com\/blog\/wp-json\/wp\/v2\/media?parent=2131"}],"wp:term":[{"taxonomy":"category","embeddable":true,"href":"https:\/\/www.sorumatix.com\/blog\/wp-json\/wp\/v2\/categories?post=2131"},{"taxonomy":"post_tag","embeddable":true,"href":"https:\/\/www.sorumatix.com\/blog\/wp-json\/wp\/v2\/tags?post=2131"}],"curies":[{"name":"wp","href":"https:\/\/api.w.org\/{rel}","templated":true}]}}