{"id":2136,"date":"2023-09-23T20:24:52","date_gmt":"2023-09-23T20:24:52","guid":{"rendered":"https:\/\/www.sorumatix.com\/blog\/?p=2136"},"modified":"2023-09-23T20:24:52","modified_gmt":"2023-09-23T20:24:52","slug":"ikinci-dunya-savasinin-siyasi-ve-ekonomik-sonuclari","status":"publish","type":"post","link":"https:\/\/www.sorumatix.com\/blog\/ikinci-dunya-savasinin-siyasi-ve-ekonomik-sonuclari.html","title":{"rendered":"\u0130kinci D\u00fcnya Sava\u015f\u0131\u2019n\u0131n siyasi ve ekonomik sonu\u00e7lar\u0131"},"content":{"rendered":"<p><html><head><\/head><body><\/p>\n<p>\u0130kinci D\u00fcnya Sava\u015f\u0131\u2019n\u0131n Siyasi ve Ekonomik Sonu\u00e7lar\u0131<\/p>\n<p>\u0130kinci D\u00fcnya Sava\u015f\u0131, d\u00fcnya tarihindeki en b\u00fcy\u00fck \u00e7at\u0131\u015fmalardan biriydi ve siyasi ve ekonomik sonu\u00e7lar\u0131 hala g\u00fcn\u00fcm\u00fczde etkisini s\u00fcrd\u00fcrmektedir. Bu makalede, sava\u015f\u0131n bu alanlardaki etkilerini a\u00e7\u0131klayacak ve anlamam\u0131z\u0131 sa\u011flayacak detaylara de\u011finece\u011fim.<\/p>\n<p>1. Sava\u015f\u0131n Siyasi Sonu\u00e7lar\u0131<\/p>\n<p>a. M\u00fcttefiklerin Zaferi: \u0130kinci D\u00fcnya Sava\u015f\u0131&#8217;n\u0131n sonunda, M\u00fcttefik Devletler (Amerika Birle\u015fik Devletleri, Sovyetler Birli\u011fi, \u0130ngiltere gibi \u00fclkeler) zafer kazand\u0131. Bu zafer, Nazi Almanyas\u0131 ve Japonya gibi sava\u015f su\u00e7lular\u0131n\u0131n yenilgiye u\u011framas\u0131na ve sava\u015f sonras\u0131 d\u00fczenin \u015fekillendirilmesine yol a\u00e7t\u0131.<\/p>\n<p>b. So\u011fuk Sava\u015f: \u0130kinci D\u00fcnya Sava\u015f\u0131, Amerika Birle\u015fik Devletleri ve Sovyetler Birli\u011fi aras\u0131nda bir g\u00fc\u00e7 m\u00fccadelesi olarak bilinen So\u011fuk Sava\u015f d\u00f6nemine giden yolu a\u00e7t\u0131. \u0130ki s\u00fcper g\u00fc\u00e7 aras\u0131ndaki ideolojik ve politik farkl\u0131l\u0131klar, uzun y\u0131llar boyunca uluslararas\u0131 ili\u015fkileri etkiledi.<\/p>\n<p><center><img decoding=\"async\" src=\"https:\/\/www.sorumatix.com\/blog\/wp-content\/uploads\/2023\/09\/uploaded-image-ikinci-dunya-savasinin-siyasi-ve-ekonomik-sonuclari-1693826757311.jpg\" title=\"\u0130kinci D\u00fcnya Sava\u015f\u0131\u2019n\u0131n siyasi ve ekonomik sonu\u00e7lar\u0131 \" alt=\"\u0130kinci D\u00fcnya Sava\u015f\u0131\u2019n\u0131n siyasi ve ekonomik sonu\u00e7lar\u0131 \"><\/center><\/p>\n<p>c. Uluslararas\u0131 \u00d6rg\u00fctlerin Kurulmas\u0131: Sava\u015f sonras\u0131 d\u00f6nemde, Birle\u015fmi\u015f Milletler gibi uluslararas\u0131 \u00f6rg\u00fctlerin kurulmas\u0131yla birlikte k\u00fcresel i\u015fbirli\u011fi ve bar\u0131\u015f\u0131n sa\u011flanmas\u0131 hedeflendi. Bu \u00f6rg\u00fctler, uluslararas\u0131 politikada \u00f6nemli bir rol oynamaktad\u0131r.<\/p>\n<p>2. Sava\u015f\u0131n Ekonomik Sonu\u00e7lar\u0131<\/p>\n<p>a. Yeniden \u0130n\u015fa: Sava\u015f sonras\u0131nda, bir\u00e7ok \u00fclke b\u00fcy\u00fck \u00f6l\u00e7\u00fcde tahrip olmu\u015ftu. Sava\u015f\u0131n ard\u0131ndan yeniden in\u015fa s\u00fcreci ba\u015flad\u0131 ve ekonomiler onar\u0131ld\u0131. Yeniden yap\u0131lanma \u00e7abalar\u0131, sava\u015f sonras\u0131 ekonomik kalk\u0131nmay\u0131 desteklemek i\u00e7in altyap\u0131 projelerini i\u00e7eriyordu.<\/p>\n<p>b. S\u00fcper G\u00fc\u00e7lerin Ekonomik Y\u00fckseli\u015fi: \u0130kinci D\u00fcnya Sava\u015f\u0131&#8217;n\u0131n sonucunda, Amerika Birle\u015fik Devletleri ve Sovyetler Birli\u011fi gibi \u00fclkeler d\u00fcnya ekonomisinde belirleyici g\u00fc\u00e7ler haline geldi. Bu iki \u00fclke, sava\u015f sonras\u0131 d\u00f6nemde ekonomik olarak b\u00fcy\u00fcme ve refah elde etti.<\/p>\n<p><center><img decoding=\"async\" src=\"https:\/\/www.sorumatix.com\/blog\/wp-content\/uploads\/2023\/09\/uploaded-image-ikinci-dunya-savasinin-siyasi-ve-ekonomik-sonuclari-1693826757311.jpg\" title=\"\u0130kinci D\u00fcnya Sava\u015f\u0131\u2019n\u0131n siyasi ve ekonomik sonu\u00e7lar\u0131 \" alt=\"\u0130kinci D\u00fcnya Sava\u015f\u0131\u2019n\u0131n siyasi ve ekonomik sonu\u00e7lar\u0131 \"><\/center><\/p>\n<p>c. D\u00fcnya Ticaretinin De\u011fi\u015fimi: Sava\u015f sonras\u0131 d\u00f6nemde, uluslararas\u0131 ticarette \u00f6nemli de\u011fi\u015fiklikler ya\u015fand\u0131. Yeni ekonomik ili\u015fkiler ve ticaret anla\u015fmalar\u0131, \u00fclkeler aras\u0131ndaki ticareti art\u0131rd\u0131 ve k\u00fcresel ekonomik entegrasyonu te\u015fvik etti.<\/p>\n<p>\u0130kinci D\u00fcnya Sava\u015f\u0131&#8217;n\u0131n siyasi ve ekonomik sonu\u00e7lar\u0131, d\u00fcnya tarihini derinden etkiledi. Bu \u00e7at\u0131\u015fma, uluslararas\u0131 ili\u015fkilerde ve k\u00fcresel g\u00fc\u00e7 dengesinde kal\u0131c\u0131 de\u011fi\u015fikliklere neden oldu. Sava\u015f\u0131n sonu\u00e7lar\u0131, hala g\u00fcn\u00fcm\u00fczde hissedilmekte ve ge\u00e7mi\u015ften dersler \u00e7\u0131karmam\u0131z\u0131 sa\u011flamaktad\u0131r.<\/p>\n<p><\/body><\/html><\/p>\n","protected":false},"excerpt":{"rendered":"<p>\u0130kinci D\u00fcnya Sava\u015f\u0131\u2019n\u0131n Siyasi ve Ekonomik Sonu\u00e7lar\u0131 \u0130kinci D\u00fcnya Sava\u015f\u0131, d\u00fcnya tarihindeki en b\u00fcy\u00fck \u00e7at\u0131\u015fmalardan biriydi ve siyasi ve ekonomik<\/p>\n","protected":false},"author":1,"featured_media":2119,"comment_status":"open","ping_status":"open","sticky":false,"template":"","format":"standard","meta":{"colormag_page_container_layout":"default_layout","colormag_page_sidebar_layout":"default_layout","footnotes":""},"categories":[16],"tags":[],"class_list":["post-2136","post","type-post","status-publish","format-standard","has-post-thumbnail","hentry","category-tarih-konulari"],"_links":{"self":[{"href":"https:\/\/www.sorumatix.com\/blog\/wp-json\/wp\/v2\/posts\/2136","targetHints":{"allow":["GET"]}}],"collection":[{"href":"https:\/\/www.sorumatix.com\/blog\/wp-json\/wp\/v2\/posts"}],"about":[{"href":"https:\/\/www.sorumatix.com\/blog\/wp-json\/wp\/v2\/types\/post"}],"author":[{"embeddable":true,"href":"https:\/\/www.sorumatix.com\/blog\/wp-json\/wp\/v2\/users\/1"}],"replies":[{"embeddable":true,"href":"https:\/\/www.sorumatix.com\/blog\/wp-json\/wp\/v2\/comments?post=2136"}],"version-history":[{"count":0,"href":"https:\/\/www.sorumatix.com\/blog\/wp-json\/wp\/v2\/posts\/2136\/revisions"}],"wp:featuredmedia":[{"embeddable":true,"href":"https:\/\/www.sorumatix.com\/blog\/wp-json\/wp\/v2\/media\/2119"}],"wp:attachment":[{"href":"https:\/\/www.sorumatix.com\/blog\/wp-json\/wp\/v2\/media?parent=2136"}],"wp:term":[{"taxonomy":"category","embeddable":true,"href":"https:\/\/www.sorumatix.com\/blog\/wp-json\/wp\/v2\/categories?post=2136"},{"taxonomy":"post_tag","embeddable":true,"href":"https:\/\/www.sorumatix.com\/blog\/wp-json\/wp\/v2\/tags?post=2136"}],"curies":[{"name":"wp","href":"https:\/\/api.w.org\/{rel}","templated":true}]}}