{"id":2142,"date":"2023-11-23T21:34:52","date_gmt":"2023-11-23T21:34:52","guid":{"rendered":"https:\/\/www.sorumatix.com\/blog\/?p=2142"},"modified":"2023-11-23T21:34:52","modified_gmt":"2023-11-23T21:34:52","slug":"1990-sonrasi-turk-dis-politikasindaki-gelismeler","status":"publish","type":"post","link":"https:\/\/www.sorumatix.com\/blog\/1990-sonrasi-turk-dis-politikasindaki-gelismeler.html","title":{"rendered":"1990 sonras\u0131 T\u00fcrk d\u0131\u015f politikas\u0131ndaki geli\u015fmeler"},"content":{"rendered":"<p><html><head><\/head><body><\/p>\n<p>Turk D\u0131\u015f Politikas\u0131ndaki Geli\u015fmeler (1990 Sonras\u0131)<\/p>\n<p>Merhaba! Bu makalede, 10-13 ya\u015f aral\u0131\u011f\u0131ndaki ortaokul \u00f6\u011frencilerine T\u00fcrk d\u0131\u015f politikas\u0131ndaki geli\u015fmeler hakk\u0131nda basit ve e\u011flenceli bir \u015fekilde bilgi vermeyi ama\u00e7l\u0131yorum. Hadi ba\u015flayal\u0131m!<\/p>\n<p>1. So\u011fuk Sava\u015f Sonras\u0131 D\u00f6nem:<\/p>\n<p><center><img decoding=\"async\" src=\"https:\/\/www.sorumatix.com\/blog\/wp-content\/uploads\/2023\/09\/uploaded-image-1990-sonrasi-turk-dis-politikasindaki-gelismeler-1693826758347.jpg\" title=\"1990 sonras\u0131 T\u00fcrk d\u0131\u015f politikas\u0131ndaki geli\u015fmeler \" alt=\"1990 sonras\u0131 T\u00fcrk d\u0131\u015f politikas\u0131ndaki geli\u015fmeler \"><\/center><\/p>\n<p>1990&#8217;lar\u0131n ba\u015f\u0131nda So\u011fuk Sava\u015f sona erdi ve d\u00fcnya yeni bir d\u00f6neme girdi. T\u00fcrkiye de bu s\u00fcre\u00e7te d\u0131\u015f politikada \u00f6nemli de\u011fi\u015fiklikler ya\u015fad\u0131. \u00dclkenin odak noktas\u0131, ekonomik kalk\u0131nma ve demokratikle\u015fme oldu.<\/p>\n<p>2. Avrupa Birli\u011fi \u0130le \u0130li\u015fkiler:<\/p>\n<p>1999&#8217;da T\u00fcrkiye, Avrupa Birli\u011fi&#8217;ne aday \u00fclke olarak kabul edildi. Bu s\u00fcre\u00e7te T\u00fcrkiye, AB \u00fcyelik kriterlerini kar\u015f\u0131lamak i\u00e7in reformlar yapt\u0131. \u00dcyelik s\u00fcreciyle birlikte T\u00fcrkiye, AB ile daha s\u0131k\u0131 bir i\u015fbirli\u011fi kurdu ve Avrupa standartlar\u0131na uyum sa\u011flamaya \u00e7al\u0131\u015ft\u0131.<\/p>\n<p>3. Orta Do\u011fu ve B\u00f6lgesel \u0130li\u015fkiler:<\/p>\n<p>T\u00fcrkiye&#8217;nin d\u0131\u015f politikas\u0131nda Orta Do\u011fu b\u00f6lgesi \u00f6nemli bir yer tutar. \u00d6zellikle 2000&#8217;li y\u0131llardan itibaren T\u00fcrkiye, b\u00f6lgedeki bar\u0131\u015f ve istikrar\u0131n sa\u011flanmas\u0131na y\u00f6nelik \u00e7abalar\u0131n\u0131 art\u0131rd\u0131. Irak Sava\u015f\u0131 ve Arap Bahar\u0131 gibi olaylar, T\u00fcrkiye&#8217;nin b\u00f6lgesel etkisini art\u0131rd\u0131.<\/p>\n<p><center><img decoding=\"async\" src=\"https:\/\/www.sorumatix.com\/blog\/wp-content\/uploads\/2023\/09\/uploaded-image-1990-sonrasi-turk-dis-politikasindaki-gelismeler-1693826758347.jpg\" title=\"1990 sonras\u0131 T\u00fcrk d\u0131\u015f politikas\u0131ndaki geli\u015fmeler \" alt=\"1990 sonras\u0131 T\u00fcrk d\u0131\u015f politikas\u0131ndaki geli\u015fmeler \"><\/center><\/p>\n<p>4. Ter\u00f6rle M\u00fccadele:<\/p>\n<p>T\u00fcrkiye, 1990&#8217;lar\u0131n sonundan itibaren ter\u00f6r \u00f6rg\u00fctleriyle m\u00fccadelede \u00f6nemli ad\u0131mlar att\u0131. \u00d6zellikle PKK ter\u00f6r\u00fcne kar\u015f\u0131 yo\u011fun bir m\u00fccadele y\u00fcr\u00fct\u00fcld\u00fc. \u0130\u00e7 g\u00fcvenlik konusunda yap\u0131lan reformlar ve uluslararas\u0131 i\u015fbirli\u011fi, ter\u00f6rle m\u00fccadeleye \u00f6nemli katk\u0131lar sa\u011flad\u0131.<\/p>\n<p>5. D\u0131\u015f Yard\u0131mlar ve \u0130nsani Diplomasi:<\/p>\n<p>T\u00fcrkiye, 1990 sonras\u0131 d\u0131\u015f politikas\u0131nda insani yard\u0131mlara b\u00fcy\u00fck \u00f6nem verdi. Afetler, sava\u015flar ve insani krizlerde T\u00fcrkiye, uluslararas\u0131 topluma yard\u0131m eli uzatt\u0131. Bu sayede \u00fclkenin insani diplomasi anlam\u0131nda etkinli\u011fi artt\u0131.<\/p>\n<p>Sonu\u00e7 olarak, 1990 sonras\u0131 T\u00fcrk d\u0131\u015f politikas\u0131nda \u00f6nemli geli\u015fmeler ya\u015fand\u0131. T\u00fcrkiye, demokratikle\u015fme, Avrupa Birli\u011fi \u00fcyeli\u011fi, b\u00f6lgesel ili\u015fkiler, ter\u00f6rle m\u00fccadele ve insani yard\u0131mlar gibi konularda \u00f6nemli ad\u0131mlar att\u0131. \u00dclkenin d\u0131\u015f politikada izledi\u011fi bu stratejiler, T\u00fcrkiye&#8217;nin uluslararas\u0131 alanda daha etkin bir rol oynamas\u0131n\u0131 sa\u011flad\u0131.<\/p>\n<p>Umar\u0131m bu makale, ortaokul \u00f6\u011frencilerine T\u00fcrk d\u0131\u015f politikas\u0131ndaki geli\u015fmeleri anlatmada yard\u0131mc\u0131 olur. Daha fazla bilgi edinmek i\u00e7in ara\u015ft\u0131rma yapmay\u0131 unutmay\u0131n!<\/p>\n<p><\/body><\/html><\/p>\n","protected":false},"excerpt":{"rendered":"<p>Turk D\u0131\u015f Politikas\u0131ndaki Geli\u015fmeler (1990 Sonras\u0131) Merhaba! Bu makalede, 10-13 ya\u015f aral\u0131\u011f\u0131ndaki ortaokul \u00f6\u011frencilerine T\u00fcrk d\u0131\u015f politikas\u0131ndaki geli\u015fmeler hakk\u0131nda basit<\/p>\n","protected":false},"author":1,"featured_media":2124,"comment_status":"open","ping_status":"open","sticky":false,"template":"","format":"standard","meta":{"colormag_page_container_layout":"default_layout","colormag_page_sidebar_layout":"default_layout","footnotes":""},"categories":[16],"tags":[],"class_list":["post-2142","post","type-post","status-publish","format-standard","has-post-thumbnail","hentry","category-tarih-konulari"],"_links":{"self":[{"href":"https:\/\/www.sorumatix.com\/blog\/wp-json\/wp\/v2\/posts\/2142","targetHints":{"allow":["GET"]}}],"collection":[{"href":"https:\/\/www.sorumatix.com\/blog\/wp-json\/wp\/v2\/posts"}],"about":[{"href":"https:\/\/www.sorumatix.com\/blog\/wp-json\/wp\/v2\/types\/post"}],"author":[{"embeddable":true,"href":"https:\/\/www.sorumatix.com\/blog\/wp-json\/wp\/v2\/users\/1"}],"replies":[{"embeddable":true,"href":"https:\/\/www.sorumatix.com\/blog\/wp-json\/wp\/v2\/comments?post=2142"}],"version-history":[{"count":1,"href":"https:\/\/www.sorumatix.com\/blog\/wp-json\/wp\/v2\/posts\/2142\/revisions"}],"predecessor-version":[{"id":4953,"href":"https:\/\/www.sorumatix.com\/blog\/wp-json\/wp\/v2\/posts\/2142\/revisions\/4953"}],"wp:featuredmedia":[{"embeddable":true,"href":"https:\/\/www.sorumatix.com\/blog\/wp-json\/wp\/v2\/media\/2124"}],"wp:attachment":[{"href":"https:\/\/www.sorumatix.com\/blog\/wp-json\/wp\/v2\/media?parent=2142"}],"wp:term":[{"taxonomy":"category","embeddable":true,"href":"https:\/\/www.sorumatix.com\/blog\/wp-json\/wp\/v2\/categories?post=2142"},{"taxonomy":"post_tag","embeddable":true,"href":"https:\/\/www.sorumatix.com\/blog\/wp-json\/wp\/v2\/tags?post=2142"}],"curies":[{"name":"wp","href":"https:\/\/api.w.org\/{rel}","templated":true}]}}