{"id":2151,"date":"2023-09-06T03:59:52","date_gmt":"2023-09-06T03:59:52","guid":{"rendered":"https:\/\/www.sorumatix.com\/blog\/?p=2151"},"modified":"2023-09-06T03:59:52","modified_gmt":"2023-09-06T03:59:52","slug":"ikinci-dunya-savasina-neden-olan-gelismeler-baglaminda-birinci-dunya-savasinin-siyasi-ve-ekonomik-sonuclari","status":"publish","type":"post","link":"https:\/\/www.sorumatix.com\/blog\/ikinci-dunya-savasina-neden-olan-gelismeler-baglaminda-birinci-dunya-savasinin-siyasi-ve-ekonomik-sonuclari.html","title":{"rendered":"\u0130kinci D\u00fcnya Sava\u015f\u0131\u2019na neden olan geli\u015fmeler ba\u011flam\u0131nda Birinci D\u00fcnya Sava\u015f\u0131\u2019n\u0131n siyasi ve ekonomik sonu\u00e7lar\u0131"},"content":{"rendered":"<p><html><head><\/head><body><\/p>\n<p>\u0130kinci D\u00fcnya Sava\u015f\u0131&#8217;na Neden Olan Geli\u015fmeler Ba\u011flam\u0131nda Birinci D\u00fcnya Sava\u015f\u0131&#8217;n\u0131n Siyasi ve Ekonomik Sonu\u00e7lar\u0131<\/p>\n<p>Merhaba \u00e7ocuklar! Bug\u00fcn sizlere tarihle ilgili \u00e7ok \u00f6nemli bir konudan bahsedece\u011fim: \u0130kinci D\u00fcnya Sava\u015f\u0131&#8217;na neden olan geli\u015fmelerin ard\u0131ndaki Birinci D\u00fcnya Sava\u015f\u0131&#8217;n\u0131n siyasi ve ekonomik sonu\u00e7lar\u0131. Bu heyecan verici yolculu\u011fa haz\u0131r m\u0131s\u0131n\u0131z? \u00d6yleyse ba\u015flayal\u0131m!<\/p>\n<p>1. Sava\u015f\u0131n Sonucu: Yeni Uluslararas\u0131 D\u00fczen<\/p>\n<p>Birinci D\u00fcnya Sava\u015f\u0131, 1914-1918 y\u0131llar\u0131 aras\u0131nda ger\u00e7ekle\u015fti ve b\u00fcy\u00fck bir y\u0131k\u0131ma sebep oldu. Sava\u015f sonunda imzalanan Versailles Antla\u015fmas\u0131 ile sava\u015fa kat\u0131lan devletler aras\u0131nda yeni bir uluslararas\u0131 d\u00fczen kuruldu. Bu antla\u015fma, Almanya&#8217;ya a\u011f\u0131r ekonomik yapt\u0131r\u0131mlar uyguland\u0131 ve \u00fclkenin topraklar\u0131 k\u00fc\u00e7\u00fclt\u00fcld\u00fc. Bu durum, Alman halk\u0131nda b\u00fcy\u00fck bir ho\u015fnutsuzlu\u011fa ve istikrars\u0131zl\u0131\u011fa yol a\u00e7t\u0131.<\/p>\n<p>2. Ekonomik Etkiler: B\u00fcy\u00fck Buhran<\/p>\n<p>Birinci D\u00fcnya Sava\u015f\u0131&#8217;n\u0131n ard\u0131ndan d\u00fcnya ekonomisinde ciddi de\u011fi\u015fiklikler ya\u015fand\u0131. Sava\u015f boyunca devletler b\u00fcy\u00fck miktarlarda bor\u00e7land\u0131 ve sava\u015f ekonomisine y\u00f6nelik \u00fcretim ger\u00e7ekle\u015ftirdi. Sava\u015f sona erdikten sonra bu ekonomiler durgunlu\u011fa girdi. 1929 y\u0131l\u0131nda ABD&#8217;de ba\u015flayan ve t\u00fcm d\u00fcnyaya yay\u0131lan B\u00fcy\u00fck Buhran, ekonomik krizin en \u00f6nemli \u00f6rneklerinden biriydi. \u0130nsanlar i\u015fsiz kald\u0131, \u015firketler iflas etti ve ya\u015fam ko\u015fullar\u0131 zorla\u015ft\u0131.<\/p>\n<p>3. Siyasi Sonu\u00e7lar: Yeni \u0130deolojilerin Y\u00fckseli\u015fi<\/p>\n<p>Birinci D\u00fcnya Sava\u015f\u0131&#8217;n\u0131n ard\u0131ndan siyasi alanda da \u00f6nemli de\u011fi\u015fiklikler ya\u015fand\u0131. Sava\u015f, toplumlar\u0131n g\u00fcvenini sarsarak yeni ideolojilere alan a\u00e7t\u0131. \u00d6zellikle kom\u00fcnizm ve fa\u015fizm gibi ideolojiler yayg\u0131nla\u015ft\u0131. Rusya&#8217;da Bol\u015fevik Devrimi ger\u00e7ekle\u015ferek kom\u00fcnist bir rejim kuruldu. Almanya&#8217;da ise Adolf Hitler&#8217;in liderli\u011findeki Nazi Partisi y\u00fckseldi ve 1933&#8217;te iktidara geldi. Bu ideolojiler, \u0130kinci D\u00fcnya Sava\u015f\u0131&#8217;n\u0131n patlak vermesinde \u00f6nemli rol oynad\u0131.<\/p>\n<p>4. Yeniden Silahlanma ve Gerilim Art\u0131\u015f\u0131<\/p>\n<p><center><img decoding=\"async\" src=\"https:\/\/www.sorumatix.com\/blog\/wp-content\/uploads\/2023\/09\/uploaded-image-ikinci-dunya-savasina-neden-olan-gelismeler-baglaminda-birinci-dunya-savasinin-siyasi-ve-ekonomik-sonuclari-1693826759003.jpg\" title=\"\u0130kinci D\u00fcnya Sava\u015f\u0131\u2019na neden olan geli\u015fmeler ba\u011flam\u0131nda Birinci D\u00fcnya Sava\u015f\u0131\u2019n\u0131n siyasi ve ekonomik sonu\u00e7lar\u0131 \" alt=\"\u0130kinci D\u00fcnya Sava\u015f\u0131\u2019na neden olan geli\u015fmeler ba\u011flam\u0131nda Birinci D\u00fcnya Sava\u015f\u0131\u2019n\u0131n siyasi ve ekonomik sonu\u00e7lar\u0131 \"><\/center><\/p>\n<p>Birinci D\u00fcnya Sava\u015f\u0131&#8217;n\u0131n ard\u0131ndan silahlanma yar\u0131\u015f\u0131 h\u0131z kazand\u0131. Devletler yeni silahlar ve askeri teknolojiler geli\u015ftirmeye ba\u015flad\u0131. \u00d6zellikle Almanya, Versailles Antla\u015fmas\u0131&#8217;n\u0131n getirdi\u011fi s\u0131n\u0131rlamalar\u0131 a\u015fmak i\u00e7in gizlice silahlanmaya devam etti. Bu durum, uluslararas\u0131 gerilimi art\u0131rd\u0131 ve \u0130kinci D\u00fcnya Sava\u015f\u0131&#8217;n\u0131n yakla\u015fmas\u0131na yol a\u00e7t\u0131.<\/p>\n<p>\u0130\u015fte \u00e7ocuklar, Birinci D\u00fcnya Sava\u015f\u0131&#8217;n\u0131n siyasi ve ekonomik sonu\u00e7lar\u0131 \u0130kinci D\u00fcnya Sava\u015f\u0131&#8217;n\u0131n nedenlerini \u015fekillendiren \u00f6nemli fakt\u00f6rlerdi. B\u00fcy\u00fck bir y\u0131k\u0131ma ve krize sebep olan bu olaylar, tarihimize derin izler b\u0131rakt\u0131. Unutmay\u0131n, tarihi anlamak gelece\u011fi \u015fekillendirir!<\/p>\n<p><center><img decoding=\"async\" src=\"https:\/\/www.sorumatix.com\/blog\/wp-content\/uploads\/2023\/09\/uploaded-image-ikinci-dunya-savasina-neden-olan-gelismeler-baglaminda-birinci-dunya-savasinin-siyasi-ve-ekonomik-sonuclari-1693826760318.jpg\" title=\"\u0130kinci D\u00fcnya Sava\u015f\u0131\u2019na neden olan geli\u015fmeler ba\u011flam\u0131nda Birinci D\u00fcnya Sava\u015f\u0131\u2019n\u0131n siyasi ve ekonomik sonu\u00e7lar\u0131 \" alt=\"\u0130kinci D\u00fcnya Sava\u015f\u0131\u2019na neden olan geli\u015fmeler ba\u011flam\u0131nda Birinci D\u00fcnya Sava\u015f\u0131\u2019n\u0131n siyasi ve ekonomik sonu\u00e7lar\u0131 \"><\/center><\/p>\n<p>Umar\u0131m bu makale sizin i\u00e7in ilgi \u00e7ekici ve e\u011flenceli olmu<\/p>\n<p><\/body><\/html><\/p>\n","protected":false},"excerpt":{"rendered":"<p>\u0130kinci D\u00fcnya Sava\u015f\u0131&#8217;na Neden Olan Geli\u015fmeler Ba\u011flam\u0131nda Birinci D\u00fcnya Sava\u015f\u0131&#8217;n\u0131n Siyasi ve Ekonomik Sonu\u00e7lar\u0131 Merhaba \u00e7ocuklar! Bug\u00fcn sizlere tarihle ilgili<\/p>\n","protected":false},"author":1,"featured_media":2127,"comment_status":"open","ping_status":"open","sticky":false,"template":"","format":"standard","meta":{"colormag_page_container_layout":"default_layout","colormag_page_sidebar_layout":"default_layout","footnotes":""},"categories":[16],"tags":[],"class_list":["post-2151","post","type-post","status-publish","format-standard","has-post-thumbnail","hentry","category-tarih-konulari"],"_links":{"self":[{"href":"https:\/\/www.sorumatix.com\/blog\/wp-json\/wp\/v2\/posts\/2151","targetHints":{"allow":["GET"]}}],"collection":[{"href":"https:\/\/www.sorumatix.com\/blog\/wp-json\/wp\/v2\/posts"}],"about":[{"href":"https:\/\/www.sorumatix.com\/blog\/wp-json\/wp\/v2\/types\/post"}],"author":[{"embeddable":true,"href":"https:\/\/www.sorumatix.com\/blog\/wp-json\/wp\/v2\/users\/1"}],"replies":[{"embeddable":true,"href":"https:\/\/www.sorumatix.com\/blog\/wp-json\/wp\/v2\/comments?post=2151"}],"version-history":[{"count":0,"href":"https:\/\/www.sorumatix.com\/blog\/wp-json\/wp\/v2\/posts\/2151\/revisions"}],"wp:featuredmedia":[{"embeddable":true,"href":"https:\/\/www.sorumatix.com\/blog\/wp-json\/wp\/v2\/media\/2127"}],"wp:attachment":[{"href":"https:\/\/www.sorumatix.com\/blog\/wp-json\/wp\/v2\/media?parent=2151"}],"wp:term":[{"taxonomy":"category","embeddable":true,"href":"https:\/\/www.sorumatix.com\/blog\/wp-json\/wp\/v2\/categories?post=2151"},{"taxonomy":"post_tag","embeddable":true,"href":"https:\/\/www.sorumatix.com\/blog\/wp-json\/wp\/v2\/tags?post=2151"}],"curies":[{"name":"wp","href":"https:\/\/api.w.org\/{rel}","templated":true}]}}