{"id":2172,"date":"2023-11-12T15:29:52","date_gmt":"2023-11-12T15:29:52","guid":{"rendered":"https:\/\/www.sorumatix.com\/blog\/?p=2172"},"modified":"2023-11-12T15:29:52","modified_gmt":"2023-11-12T15:29:52","slug":"yugoslavyanin-dagilmasi-nasil-gerceklesti","status":"publish","type":"post","link":"https:\/\/www.sorumatix.com\/blog\/yugoslavyanin-dagilmasi-nasil-gerceklesti.html","title":{"rendered":"Yugoslavya\u2019n\u0131n da\u011f\u0131lmas\u0131 nas\u0131l ger\u00e7ekle\u015fti"},"content":{"rendered":"<p><html><head><\/head><body><\/p>\n<p>Yugoslavya&#8217;n\u0131n Da\u011f\u0131lmas\u0131 Nas\u0131l Ger\u00e7ekle\u015fti?<\/p>\n<p>Yugoslavya, 1918&#8217;de kurulan bir devlet olup, G\u00fcney Slav halklar\u0131n\u0131 bir araya getirmeyi ama\u00e7layan bir federasyondu. Ancak zamanla etnik ve siyasi \u00e7at\u0131\u015fmalar bu yap\u0131n\u0131n sars\u0131lmas\u0131na yol a\u00e7t\u0131 ve sonunda Yugoslavya&#8217;n\u0131n da\u011f\u0131lmas\u0131 ka\u00e7\u0131n\u0131lmaz hale geldi. \u0130\u015fte Yugoslavya&#8217;n\u0131n nas\u0131l da\u011f\u0131ld\u0131\u011f\u0131na dair bir a\u00e7\u0131klama:<\/p>\n<p>1. Tito&#8217;nun \u00d6l\u00fcm\u00fc:<\/p>\n<p>Yugoslavya&#8217;n\u0131n da\u011f\u0131l\u0131\u015f s\u00fcreci, Josip Broz Tito&#8217;nun 1980&#8217;de \u00f6l\u00fcm\u00fcyle h\u0131z kazand\u0131. Tito, 1945-1980 y\u0131llar\u0131 aras\u0131nda \u00fclkenin lideri olarak g\u00f6rev yapm\u0131\u015f ve farkl\u0131 etnik gruplar\u0131 bir arada tutmay\u0131 ba\u015farm\u0131\u015ft\u0131. Ancak Tito&#8217;nun \u00f6l\u00fcm\u00fcnden sonra liderlik bo\u015flu\u011fu ortaya \u00e7\u0131kt\u0131 ve farkl\u0131 etnik gruplar aras\u0131ndaki gerilim artt\u0131.<\/p>\n<p>2. Ekonomik Sorunlar:<\/p>\n<p>Yugoslavya&#8217;n\u0131n da\u011f\u0131lmas\u0131nda ekonomik sorunlar da b\u00fcy\u00fck bir rol oynad\u0131. \u00dclke, Tito d\u00f6nemindeki sosyalist ekonomik modeline dayanarak kalk\u0131nm\u0131\u015ft\u0131. Ancak 1980&#8217;lerde ekonomik krizler ya\u015fand\u0131 ve bor\u00e7lar birikti. Bu durum, farkl\u0131 b\u00f6lgeler aras\u0131ndaki ekonomik dengesizlikleri derinle\u015ftirdi ve ayr\u0131l\u0131k\u00e7\u0131 d\u00fc\u015f\u00fcnceleri g\u00fc\u00e7lendirdi.<\/p>\n<p>3. Etnik Gerilimler:<\/p>\n<p>Yugoslavya&#8217;n\u0131n etnik yap\u0131lar\u0131ndaki farkl\u0131l\u0131klar da da\u011f\u0131l\u0131\u015f s\u00fcrecini h\u0131zland\u0131rd\u0131. \u00dclkede S\u0131rplar, H\u0131rvatlar, Bo\u015fnaklar, Slovenler, Makedonlar ve di\u011fer bir\u00e7ok etnik grup bulunuyordu. Bu gruplar aras\u0131nda tarih boyunca ya\u015fanan \u00e7at\u0131\u015fmalar, milliyet\u00e7ilik ve ayr\u0131l\u0131k\u00e7\u0131 e\u011filimleri art\u0131rd\u0131. 1990&#8217;lar\u0131n ba\u015f\u0131nda S\u0131rbistan&#8217;dan ayr\u0131lmaya \u00e7al\u0131\u015fan Slovenya ve H\u0131rvatistan, di\u011fer b\u00f6lgelerde de ba\u011f\u0131ms\u0131zl\u0131k taleplerini ortaya koydu.<\/p>\n<p>4. Siyasi \u00c7\u00f6k\u00fc\u015f:<\/p>\n<p>Yugoslavya&#8217;n\u0131n siyasi yap\u0131s\u0131 da da\u011f\u0131l\u0131\u015f s\u00fcrecinde \u00f6nemli bir rol oynad\u0131. Tito d\u00f6nemindeki merkeziyet\u00e7i y\u00f6netim, etnik gruplar\u0131n \u00f6zerkli\u011fini s\u0131n\u0131rl\u0131yor olsa da, onlar\u0131 bir arada tutmay\u0131 ba\u015far\u0131yordu. Ancak Tito&#8217;nun \u00f6l\u00fcm\u00fcnden sonra federal h\u00fck\u00fcmet zay\u0131flad\u0131 ve etnik gruplar kendi siyasi yap\u0131lar\u0131n\u0131 olu\u015fturmak i\u00e7in harekete ge\u00e7ti. Bu durum, federal h\u00fck\u00fcmetin etkisiz hale gelmesine ve Yugoslavya&#8217;n\u0131n da\u011f\u0131lmas\u0131na yol a\u00e7t\u0131.<\/p>\n<p>5. Sava\u015flar ve Ba\u011f\u0131ms\u0131zl\u0131k \u0130lanlar\u0131:<\/p>\n<p>Yugoslavya&#8217;n\u0131n da\u011f\u0131lmas\u0131na, 1991-2001 y\u0131llar\u0131 aras\u0131nda ya\u015fanan \u00e7at\u0131\u015fmalar damga vurdu. Slovenya, H\u0131rvatistan, Bosna-Hersek, Kosova gibi b\u00f6lgeler ba\u011f\u0131ms\u0131zl\u0131k ilan etti ve bunun sonucunda sava\u015flar ba\u015flad\u0131. Bu \u00e7at\u0131\u015fmalar, etnik gerilimleri daha da k\u00f6r\u00fckledi ve Yugoslavya&#8217;n\u0131n par\u00e7alanmas\u0131n\u0131 h\u0131zland\u0131rd\u0131.<\/p>\n<p>Sonu\u00e7 olarak, Yugoslavya&#8217;n\u0131n da\u011f\u0131lmas\u0131, Tito&#8217;nun \u00f6l\u00fcm\u00fc, ekonomik sorunlar, etnik gerilimler, siyasi \u00e7\u00f6k\u00fc\u015f ve \u00e7at\u0131\u015fmalar\u0131n birle\u015fimi sonucunda ger\u00e7ekle\u015fti. Bu olay, yak\u0131n tarihte ya\u015fanan \u00f6nemli bir d\u00f6n\u00fcm noktas\u0131 olup, b\u00f6lge \u00fclkeler<\/p>\n<p><\/body><\/html><\/p>\n","protected":false},"excerpt":{"rendered":"<p>Yugoslavya&#8217;n\u0131n Da\u011f\u0131lmas\u0131 Nas\u0131l Ger\u00e7ekle\u015fti? Yugoslavya, 1918&#8217;de kurulan bir devlet olup, G\u00fcney Slav halklar\u0131n\u0131 bir araya getirmeyi ama\u00e7layan bir federasyondu. Ancak<\/p>\n","protected":false},"author":1,"featured_media":0,"comment_status":"open","ping_status":"open","sticky":false,"template":"","format":"standard","meta":{"colormag_page_container_layout":"default_layout","colormag_page_sidebar_layout":"default_layout","footnotes":""},"categories":[16],"tags":[],"class_list":["post-2172","post","type-post","status-publish","format-standard","hentry","category-tarih-konulari"],"_links":{"self":[{"href":"https:\/\/www.sorumatix.com\/blog\/wp-json\/wp\/v2\/posts\/2172","targetHints":{"allow":["GET"]}}],"collection":[{"href":"https:\/\/www.sorumatix.com\/blog\/wp-json\/wp\/v2\/posts"}],"about":[{"href":"https:\/\/www.sorumatix.com\/blog\/wp-json\/wp\/v2\/types\/post"}],"author":[{"embeddable":true,"href":"https:\/\/www.sorumatix.com\/blog\/wp-json\/wp\/v2\/users\/1"}],"replies":[{"embeddable":true,"href":"https:\/\/www.sorumatix.com\/blog\/wp-json\/wp\/v2\/comments?post=2172"}],"version-history":[{"count":1,"href":"https:\/\/www.sorumatix.com\/blog\/wp-json\/wp\/v2\/posts\/2172\/revisions"}],"predecessor-version":[{"id":4828,"href":"https:\/\/www.sorumatix.com\/blog\/wp-json\/wp\/v2\/posts\/2172\/revisions\/4828"}],"wp:attachment":[{"href":"https:\/\/www.sorumatix.com\/blog\/wp-json\/wp\/v2\/media?parent=2172"}],"wp:term":[{"taxonomy":"category","embeddable":true,"href":"https:\/\/www.sorumatix.com\/blog\/wp-json\/wp\/v2\/categories?post=2172"},{"taxonomy":"post_tag","embeddable":true,"href":"https:\/\/www.sorumatix.com\/blog\/wp-json\/wp\/v2\/tags?post=2172"}],"curies":[{"name":"wp","href":"https:\/\/api.w.org\/{rel}","templated":true}]}}