{"id":2174,"date":"2023-10-29T04:14:52","date_gmt":"2023-10-29T04:14:52","guid":{"rendered":"https:\/\/www.sorumatix.com\/blog\/?p=2174"},"modified":"2023-10-29T04:14:52","modified_gmt":"2023-10-29T04:14:52","slug":"yumusama-donemi-turk-dis-politikasini-etkileyen-gelismeler","status":"publish","type":"post","link":"https:\/\/www.sorumatix.com\/blog\/yumusama-donemi-turk-dis-politikasini-etkileyen-gelismeler.html","title":{"rendered":"Yumu\u015fama D\u00f6nemi T\u00fcrk D\u0131\u015f Politikas\u0131\u2019n\u0131 etkileyen geli\u015fmeler"},"content":{"rendered":"<p><html><head><\/head><body><\/p>\n<p>Yumu\u015fama D\u00f6nemi T\u00fcrk D\u0131\u015f Politikas\u0131\u2019n\u0131 Etkileyen Geli\u015fmeler<\/p>\n<p>T\u00fcrkiye&#8217;nin d\u0131\u015f politikas\u0131n\u0131n ge\u00e7mi\u015fi olduk\u00e7a renklidir. Tarihte pek \u00e7ok \u00f6nemli olaya tan\u0131kl\u0131k etmi\u015ftir ve bu olaylar \u00fclkenin d\u0131\u015f ili\u015fkilerinde derin etkiler b\u0131rakm\u0131\u015ft\u0131r. Yumu\u015fama D\u00f6nemi, T\u00fcrk d\u0131\u015f politikas\u0131nda \u00f6nemli bir d\u00f6n\u00fcm noktas\u0131d\u0131r ve \u00e7e\u015fitli geli\u015fmelerle \u015fekillenmi\u015ftir.<\/p>\n<p>1. So\u011fuk Sava\u015f D\u00f6nemi: Yumu\u015fama D\u00f6nemi, So\u011fuk Sava\u015f&#8217;\u0131n etkisi alt\u0131nda ger\u00e7ekle\u015fti. Bu d\u00f6nemde, T\u00fcrkiye hem Amerika Birle\u015fik Devletleri&#8217;ne hem de Sovyetler Birli\u011fi&#8217;ne yak\u0131n durmaya \u00e7al\u0131\u015farak denge politikas\u0131 izledi. Bu d\u00f6nemde T\u00fcrkiye, NATO&#8217;ya kat\u0131ld\u0131 ve Bat\u0131 d\u00fcnyas\u0131yla daha s\u0131k\u0131 ili\u015fkiler kurdu.<\/p>\n<p>2. Avrupa Ekonomik Toplulu\u011fu&#8217;na \u0130li\u015fkin Ba\u015fvuru: 1959 y\u0131l\u0131nda T\u00fcrkiye, Avrupa Ekonomik Toplulu\u011fu&#8217;na (AET) \u00fcyelik ba\u015fvurusunda bulundu. Ancak, ba\u015fvurusunun olumsuz kar\u015f\u0131lanmas\u0131 T\u00fcrk d\u0131\u015f politikas\u0131nda yeni bir perspektifin ortaya \u00e7\u0131kmas\u0131na neden oldu. T\u00fcrkiye, AET ile olan ili\u015fkilerini g\u00fc\u00e7lendirmek i\u00e7in yeni stratejiler geli\u015ftirmeye ba\u015flad\u0131.<\/p>\n<p>3. K\u0131br\u0131s Sorunu: Yumu\u015fama D\u00f6nemi&#8217;nde T\u00fcrk d\u0131\u015f politikas\u0131n\u0131 en \u00e7ok etkileyen konulardan biri K\u0131br\u0131s sorunudur. 1974 y\u0131l\u0131nda ger\u00e7ekle\u015fen K\u0131br\u0131s Bar\u0131\u015f Harek\u00e2t\u0131, T\u00fcrkiye&#8217;nin d\u0131\u015f politikas\u0131nda \u00f6nemli bir de\u011fi\u015fime yol a\u00e7t\u0131. Bu harek\u00e2tla T\u00fcrkiye, adada \u00e7\u00f6z\u00fcm bulunmas\u0131 i\u00e7in m\u00fccadele etti ve K\u0131br\u0131s T\u00fcrk Cumhuriyeti&#8217;nin kurulmas\u0131na destek verdi.<\/p>\n<p>4. Orta Do\u011fu Politikalar\u0131: Yumu\u015fama D\u00f6nemi&#8217;nde T\u00fcrk d\u0131\u015f politikas\u0131 Orta Do\u011fu&#8217;ya odakland\u0131. B\u00f6lgedeki geli\u015fmeler T\u00fcrkiye&#8217;nin politikalar\u0131n\u0131 etkiledi. \u00d6zellikle Arap-\u0130srail \u00e7at\u0131\u015fmalar\u0131 ve petrol krizi gibi olaylar T\u00fcrkiye&#8217;nin b\u00f6lgedeki duru\u015funu \u015fekillendirdi. T\u00fcrkiye, Orta Do\u011fu \u00fclkeleriyle ili\u015fkilerini g\u00fc\u00e7lendirmek amac\u0131yla diplomatik giri\u015fimlerde bulundu.<\/p>\n<p>5. Balkanlar: Yumu\u015fama D\u00f6nemi&#8217;nde T\u00fcrk d\u0131\u015f politikas\u0131 Balkanlar&#8217;a da \u00f6nem verdi. T\u00fcrkiye, Balkan \u00fclkeleriyle ili\u015fkilerini geli\u015ftirerek siyasi, ekonomik ve k\u00fclt\u00fcrel alanlarda i\u015fbirlikleri sa\u011flad\u0131. Bu d\u00f6nemde T\u00fcrkiye, Balkanlar&#8217;daki T\u00fcrk az\u0131nl\u0131klar\u0131n haklar\u0131n\u0131 savunma \u00e7abalar\u0131na da \u00f6nem verdi.<\/p>\n<p>Yumu\u015fama D\u00f6nemi T\u00fcrk d\u0131\u015f politikas\u0131n\u0131 etkileyen bu geli\u015fmeler, \u00fclkenin uluslararas\u0131 ili\u015fkilerini \u015fekillendiren \u00f6nemli fakt\u00f6rlerdir. T\u00fcrkiye, bu d\u00f6nemde hem Bat\u0131 d\u00fcnyas\u0131yla olan ili\u015fkilerini g\u00fc\u00e7lendirmi\u015f hem de b\u00f6lgesel konularda aktif bir rol oynam\u0131\u015ft\u0131r. Bu d\u00f6nem, T\u00fcrk d\u0131\u015f politikas\u0131n\u0131n genel olarak daha \u0131l\u0131ml\u0131 ve i\u015fbirlik\u00e7i bir yakla\u015f\u0131m benimsemesine yol a\u00e7m\u0131\u015ft\u0131r.<\/p>\n<p>Bu yaz\u0131da Yumu\u015fama D\u00f6nemi T\u00fcrk D\u0131\u015f Politikas\u0131&#8217;n\u0131 etkileyen geli\u015fmeleri ele ald\u0131k. T\u00fcrkiye&#8217;nin So\u011fuk Sava\u015f d\u00f6nemi, Avrupa Ekonomik Toplulu\u011fu&#8217;na ba\u015fvuru, K\u0131br\u0131s sorunu<\/p>\n<p><\/body><\/html><\/p>\n","protected":false},"excerpt":{"rendered":"<p>Yumu\u015fama D\u00f6nemi T\u00fcrk D\u0131\u015f Politikas\u0131\u2019n\u0131 Etkileyen Geli\u015fmeler T\u00fcrkiye&#8217;nin d\u0131\u015f politikas\u0131n\u0131n ge\u00e7mi\u015fi olduk\u00e7a renklidir. Tarihte pek \u00e7ok \u00f6nemli olaya tan\u0131kl\u0131k etmi\u015ftir<\/p>\n","protected":false},"author":1,"featured_media":0,"comment_status":"open","ping_status":"open","sticky":false,"template":"","format":"standard","meta":{"colormag_page_container_layout":"default_layout","colormag_page_sidebar_layout":"default_layout","footnotes":""},"categories":[16],"tags":[],"class_list":["post-2174","post","type-post","status-publish","format-standard","hentry","category-tarih-konulari"],"_links":{"self":[{"href":"https:\/\/www.sorumatix.com\/blog\/wp-json\/wp\/v2\/posts\/2174","targetHints":{"allow":["GET"]}}],"collection":[{"href":"https:\/\/www.sorumatix.com\/blog\/wp-json\/wp\/v2\/posts"}],"about":[{"href":"https:\/\/www.sorumatix.com\/blog\/wp-json\/wp\/v2\/types\/post"}],"author":[{"embeddable":true,"href":"https:\/\/www.sorumatix.com\/blog\/wp-json\/wp\/v2\/users\/1"}],"replies":[{"embeddable":true,"href":"https:\/\/www.sorumatix.com\/blog\/wp-json\/wp\/v2\/comments?post=2174"}],"version-history":[{"count":0,"href":"https:\/\/www.sorumatix.com\/blog\/wp-json\/wp\/v2\/posts\/2174\/revisions"}],"wp:attachment":[{"href":"https:\/\/www.sorumatix.com\/blog\/wp-json\/wp\/v2\/media?parent=2174"}],"wp:term":[{"taxonomy":"category","embeddable":true,"href":"https:\/\/www.sorumatix.com\/blog\/wp-json\/wp\/v2\/categories?post=2174"},{"taxonomy":"post_tag","embeddable":true,"href":"https:\/\/www.sorumatix.com\/blog\/wp-json\/wp\/v2\/tags?post=2174"}],"curies":[{"name":"wp","href":"https:\/\/api.w.org\/{rel}","templated":true}]}}